{"id":2995,"date":"2019-08-05T23:58:40","date_gmt":"2019-08-06T02:58:40","guid":{"rendered":"https:\/\/revistaepocadigital.com.ar\/?p=2995"},"modified":"2019-08-05T23:58:40","modified_gmt":"2019-08-06T02:58:40","slug":"raul-sancho-paso-2019-la-gestion-municipal-no-ha-sabido-adaptarse-a-los-tiempos-que-corren-y-pone-seriamente-en-riesgo-nuestro-estilo-de-vida","status":"publish","type":"post","link":"https:\/\/revistaepocadigital.com.ar\/?p=2995","title":{"rendered":"Ra\u00fal Sancho. PASO 2019. &#8220;La gesti\u00f3n municipal no ha sabido adaptarse a los tiempos que corren, y pone seriamente en riesgo nuestro estilo de vida&#8221;"},"content":{"rendered":"<p><strong>PRIMER EX\u00c1MEN.<\/strong><br \/>\n<!--more--><\/p>\n<p>La oposici\u00f3n encabezada por <strong>Juntos por el Cambio<\/strong>, se ha convertido en una opci\u00f3n concreta para administrar Exaltaci\u00f3n de la Cruz; pocos dudan que tanto las inminentes PASO como las elecciones de octubre, as\u00ed como indica podr\u00e1 ocurrir en el pa\u00eds, se dar\u00e1 una marcada polarizaci\u00f3n entre el candidato oficialista Diego Nanni y el referente opositor y l\u00edder de Cambiemos en el distrito, <strong>Ra\u00fal Sancho<\/strong>. El actual titular del HCD dej\u00f3 sus impresiones en esta nota, contundentes por cierto, resaltando el valor crucial de mantener la identidad que caracteriza y es tan valorada por los vecinos exaltacruce\u00f1os.<\/p>\n<p>-\u00bfPor qu\u00e9 piensa que va a ganar las PASO?<br \/>\n<em>-Si bien no tenemos internas en Cambiemos como otros a\u00f1os, entiendo que estas PASO son una primera prueba para ver c\u00f3mo estamos parados con relaci\u00f3n al oficialismo local. Creo que en 2017, los vecinos de Exaltaci\u00f3n de la Cruz se expresaron con contundencia sobre la necesidad de un cambio, despu\u00e9s de una gesti\u00f3n que est\u00e1 cumpliendo 28 a\u00f1os ininterrumpidos en el gobierno de nuestro distrito. Considero que desde el gobierno no han sabido leer ese mensaje, y la propuesta nuevamente vuelve a ser modificar algunas caras para que no cambie nada.<\/em><\/p>\n<p>-\u00bfPor qu\u00e9 raz\u00f3n la gente de Exaltaci\u00f3n de la Cruz deber\u00eda votarlo?<br \/>\n&#8211;<em>No es una cuesti\u00f3n personalista la m\u00eda, en absoluto; creo que lo m\u00e1s valioso con que contamos en Cambiemos es el equipo que se ha conformado, y que me toca representar. Vecinos que quieren que Exaltaci\u00f3n de la Cruz salga del letargo en que nos ha llevado una gesti\u00f3n que no ha sabido adaptarse a los tiempos que corren, y que est\u00e1 poniendo seriamente en riesgo nuestro estilo de vida tan valorado por la inmensa cantidad de nuestros vecinos.<\/em><br \/>\n<em>Somos un pueblo que quiere seguir siendo pueblo!<\/em> (enfatiz\u00f3)<em>; y eso depende de que sepamos reaccionar a nuevos factores. Si desatendemos el crecimiento que est\u00e1 teniendo Exaltaci\u00f3n de la Cruz. En pocos a\u00f1os nom\u00e1s, tendremos los problemas de las grandes ciudades, nuestros vecinos deben tomar consciencia, es sumamente importante, y frente a eso hay que pararse con previsi\u00f3n. Por nuestra parte, hemos planteado en forma coherente lo que queremos para nuestro pueblo. Apuntamos a generar crecimiento y oportunidades, y aqu\u00ed remarco un hecho notable como ha sido la apertura del Terciario. Fue un proyecto que desarrollamos desde que irrumpimos en 2013, y que luego de vencer la resistencia inexplicable de la gesti\u00f3n municipal actual, lo logramos radicar. En el presente, hay m\u00e1s de 100 vecinos, muchos j\u00f3venes que cursan una carrera terciaria en Capilla del Se\u00f1or. Posiblemente de otro modo no podr\u00edan hacerlo, y estoy convencido que ah\u00ed radica el verdadero cambio que necesitamos. Generar progreso y tener una mirada de futuro.<\/em><br \/>\n<em>Somos un grupo de vecinos unidos por una visi\u00f3n del pueblo que queremos, y con la<\/em><br \/>\n<em>determinaci\u00f3n para hacerlo. No creo que los vecinos que comparten ese sentimiento de pueblo que a\u00fan conservamos en Exaltaci\u00f3n de la Cruz, vayan a apoyar la propuesta del oficialismo de dejar que La C\u00e1mpora y los movimientos pol\u00edticos similares que acompa\u00f1an al precandidato Nanni, decidan el destino de los exaltacruce\u00f1o.<\/em><\/p>\n<figure id=\"attachment_2998\" aria-describedby=\"caption-attachment-2998\" style=\"width: 960px\" class=\"wp-caption aligncenter\"><img loading=\"lazy\" decoding=\"async\" class=\"size-full wp-image-2998\" src=\"https:\/\/revistaepocadigital.com.ar\/wp-content\/uploads\/2019\/08\/sancho-boleta-paso19.jpg\" alt=\"\" width=\"960\" height=\"720\" srcset=\"https:\/\/revistaepocadigital.com.ar\/wp-content\/uploads\/2019\/08\/sancho-boleta-paso19.jpg 960w, https:\/\/revistaepocadigital.com.ar\/wp-content\/uploads\/2019\/08\/sancho-boleta-paso19-300x225.jpg 300w, https:\/\/revistaepocadigital.com.ar\/wp-content\/uploads\/2019\/08\/sancho-boleta-paso19-768x576.jpg 768w, https:\/\/revistaepocadigital.com.ar\/wp-content\/uploads\/2019\/08\/sancho-boleta-paso19-80x60.jpg 80w, https:\/\/revistaepocadigital.com.ar\/wp-content\/uploads\/2019\/08\/sancho-boleta-paso19-160x120.jpg 160w, https:\/\/revistaepocadigital.com.ar\/wp-content\/uploads\/2019\/08\/sancho-boleta-paso19-265x198.jpg 265w, https:\/\/revistaepocadigital.com.ar\/wp-content\/uploads\/2019\/08\/sancho-boleta-paso19-696x522.jpg 696w, https:\/\/revistaepocadigital.com.ar\/wp-content\/uploads\/2019\/08\/sancho-boleta-paso19-560x420.jpg 560w\" sizes=\"auto, (max-width: 960px) 100vw, 960px\" \/><figcaption id=\"caption-attachment-2998\" class=\"wp-caption-text\">Sancho fue cr\u00edtico con el oficialismo, con la propuesta de Nanni y\u00a0 su vinculaci\u00f3n con La C\u00e1mp\u00f2ra.<\/figcaption><\/figure>\n<p>-Teme que la situaci\u00f3n general en el pa\u00eds, pueda incidir en forma negativa en la intenci\u00f3n de<br \/>\nvoto con la que cuente?<br \/>\n&#8211;<em>Vivimos todos en la Argentina, la situaci\u00f3n econ\u00f3mica es complicada; estamos atravesando una crisis importante de la que no tengo dudas, que los argentinos vamos a salir. Me siento convencido que la Argentina en la actualidad, puede sentir que ha fortalecido sus instituciones, y que empezamos a avanzar<\/em><br \/>\n<em>hacia un rumbo de crecimiento hacia la Argen?na que queremos y merecemos<\/em><br \/>\n<em>Es dif\u00edcil pedirle al mundo que nos tenga en cuenta cuando \u00e9ramos un pa\u00eds sin estad\u00edsticas, o con estad\u00edsticas dibujadas en las que nos dec\u00edan que ten\u00edamos menos pobres que Alemania mientras cerraban industrias a un ritmo alarmante. Un pa\u00eds que fundi\u00f3 a la mayor\u00eda de las econom\u00edas regionales muchas de las cuales empiezan a recuperarse; un pa\u00eds donde nuestras relaciones eran dictaduras africanas, Venezuela, Iran, Rusia y China, de espaldas al mundo.<\/em><br \/>\n<em>Argentina despu\u00e9s de muchos a\u00f1os de estar comprando gas volvi\u00f3 a generar su propia energ\u00eda, volvimos a exportarla. No podemos apoyar que vuelvan quienes destrozaron la capacidad energ\u00e9tica de un pa\u00eds, solo para hacer negociados comprando el gas l\u00edquido a otros pa\u00edses. No podemos volver a elegir a quienes han utilizado la obra p\u00fablica para llenarse los bolsillos, mientras las rutas argentinas se cobraban vidas y la poblaci\u00f3n vive sin acceso al agua o cloacas. M\u00e1s all\u00e1 de que creo que la situaci\u00f3n econ\u00f3mica es compleja y que seguro va a incidir en la elecci\u00f3n, los argentinos sabremos elegir aquello que nos represente un futuro mejor. Sino queremos vivir en un pa\u00eds gobernado por corruptos, que buscan en el Estado una forma de generar negocios particulares, hay que dejar de votarlos. Hay un mundo mirando a la Argentina, esperando que asumamos un rol de liderazgo en la regi\u00f3n como se ha visto los \u00faltimos a\u00f1os y no depende de qui\u00e9n gobierna, depende de nosotros como ciudadanos.<\/em><\/p>\n<p>-\u00bfCu\u00e1l es el problema m\u00e1s serio que afronta el partido de Exaltaci\u00f3n de la Cruz?<\/p>\n<p><em>-El problema fundamental, del que se desprenden todos los otros, es que tenemos gobernantes en el distrito, que ponen sus intereses personales por sobre lo que necesita el pueblo que gobiernan. Eso se percibe en el abandono en general, que se nota tanto en los centros como en los barrios. La falta de infraestructura es alarmante. Vivimos en un distrito donde el 70% de los vecinos no tiene red de gas natural, y el 50% no tiene acceso al agua potable ni al servicio de cloacas.<\/em><br \/>\n<em>Se han descuidado \u00e1reas que son fundamentales como la seguridad, volvi\u00e9ndonos vulnerables a bandas de delincuentes que entran a robar y se van del partido, sin ser detectados mientras nos dicen que se gasta dinero en un sistema de c\u00e1maras de seguridad que no funciona, por otro lado, se han descuidado much\u00edsimo las escuelas. Entre 2018 y 2019 el municipio recibi\u00f3 de la Naci\u00f3n $50.000.000 para las escuelas. Es m\u00e1s de un mill\u00f3n de pesos por escuela, y m\u00e1s del 80% de esos fondos se han usado con otros fines. Si entendemos con un grado de de visi\u00f3n respecto al progreso que nuestros chicos, tienen que lograr para el futuro en nuestras escuelas, debemos que empezar a destinar el dinero de las escuelas a las escuelas, para que la \u00fanica preocupaci\u00f3n sea aprender.<\/em><br \/>\n<em>Yo me considero un resultado de la escuela p\u00fablica, desde el Jardin 901 en Capilla hasta la Universidad de Buenos Aires, he transitado todos los niveles. Tenemos que defenderla, apoyarla y hacerla crecer, no solo en los discursos sino con hechos concretos. Exaltaci\u00f3n de la Cruz necesita desesperadamente generar un espacio de formaci\u00f3n superior con una universidad radicada ac\u00e1. No lo resolvemos con traer algunos cursos, necesitamos avanzar con determinaci\u00f3n para que nuestros j\u00f3venes encuentren que ac\u00e1 tambi\u00e9n pueden crecer. Hace d\u00e9cadas que estamos gobernados por autoridades, que nos dicen que NO SE PUEDE. Que como somos un pueblo chico no podemos aspirar a muchas cosas que se han vuelto una necesidad. Y frente a eso vamos a hacer todo lo posible por generar la convicci\u00f3n de que ESTAMOS PARA M\u00c1S. Que muchas de esas cosas que nos dijeron que no se puede, las podemos conseguir juntos, como ha pasado con el terciario, el SAME y tantas otras cosas m\u00e1s que se podr\u00edan hacer con la determinaci\u00f3n para lograrlo.<\/em><\/p>\n<p>-\u00bfQue factor considera que jugar\u00e1 un papel clave a la hora de que los vecinos emitan su voto?<br \/>\n<em>-Creemos que lo fundamental son las propuestas que cada espacio presenta. Espero que la campa\u00f1a pasara por ah\u00ed, y no por la descalificaci\u00f3n que todas las elecciones vemos impulsada desde el oficialismo, hacia cualquier espacio que le haga peligrar su continuidad en el poder. En tal sentido, con casi tres d\u00e9cadas gobernando, el oficialismo local, deber\u00eda explicar qu\u00e9 hizo y porque en tanto tiempo en el podere, no hizo lo que falta. C\u00f3mo ha dejado tan postergado a un distrito que cuenta con todo para crecer, y sin embargo vemos como en los \u00faltimos 15 a\u00f1os no hemos hecho m\u00e1s que retroceder.<\/em><br \/>\n<em>Referido a lo que se ha retrocido, vale mencionar que en 2019 es inexplicable que el camino que une Capilla con Cardales siga siendo un callej\u00f3n, hay que hacer esa ruta como una cuesti\u00f3n urgente y prioritaria. Necesitamos acercar las dos localidades m\u00e1s grandes del distrito, que pese a que estamos al lado hemos crecido cada uno por su lado y eso debe cambiar. Y hay m\u00e1s argumentos respecto a lo que sostengo, hoy una ambulancia que traslada a un vecino en grave estado desde la Sala de Cardales al Hospital tiene que recorrer 25 kms implican subir a la Ruta 6, a la autopista 8 y luego por la Ruta 39. Con el asfalado del callej\u00f3n, eso tomar\u00eda la mitad de tiempo y distancia. Pero para poder encarar esas obras, debemos primero contar con la visi\u00f3n de que eso es necesario, y por alg\u00fan motivo en estos 28 a\u00f1os de la administraci\u00f3n comunal, ha decidido no hacerlo.<\/em><br \/>\n<em>Por otro lado, disponemos de un potencial tur\u00edstico fenomenal. Para encontrar un pueblo como Capilla del Se\u00f1or hay que alejarse cientos de kil\u00f3metros de la Capital Federal, pese a eso no hemos sabido explotarlo. Miles de turistas que buscan lo que nosotros tenemos, pasan de largo hasta San Antonio de <\/em><em>Areco o m\u00e1s lejos, y eso representa menos trabajo y menos crecimiento para nosotros. Tenemos que mostrar nuestro pueblo, nuestra gente, nuestra historia.<\/em><\/p>\n<p>-\u00bfEn qu\u00e9 se diferencia su candidatura del resto de candidatos a intendente en Exaltacion de la Cruz?<br \/>\n<em>-Entiendo que tenemos para mostrar que desde 2012 en que entendimos que era necesario renovar la pol\u00edtica y la dirigencia en nuestro pueblo, estamos presentando los mismos objetivos y parados en el mismo lugar. Cargamos con una profunda convicci\u00f3n sobre lo que queremos para este que es nuestro lugar en el mundo, y eso no cambi\u00f3 despu\u00e9s de que en 2013 partipacipamos en la primera elecci\u00f3n donde obtuvimos 800 votos, ni tampoco despu\u00e9s de que en 2017 superamos los 8000 votos. Mi objetivo ha sido siempre Exaltaci\u00f3n de la Cruz y eso qued\u00f3 bien claro en 2017; luego de dos a\u00f1os de trabajar con Maria Eugenia Vidal, renunci\u00e9 a ser subsecretario en la Provincia, para cumplir con la palabra dada en campa\u00f1a al asumir como concejal. Siento profundamente que cualquier carrera que pueda hacer individualmente, tendr\u00e1 que esperar a que logremos que Exaltaci\u00f3n de la Cruz, avance hacia donde se debe ubicar. No vamos a descansar hasta que eso pase, hasta conseguirlo, porque sabemos en que pueblo queremos vivir y en qu\u00e9 pueblo queremos criar a nuestros hijos.<\/em><br \/>\n<em>No hay campa\u00f1a sucia que nos vaya a doblegar en la determinaci\u00f3n que tenemos de sacar<\/em><br \/>\n<em>nuestro pueblo adelante y hacerlo crecer. Disponemos como hijos de esta nuestra tierra, la responsabilidad generacional de hacerlo y lo vamos a hacer. Frente a la convicci\u00f3n, est\u00e1 la conveniencia, de aquellos que vienen cambiando de camiseta y de bandera sin ponerse colorados, s\u00f3lo porque creen que los acerca m\u00e1s al poder. Lo que tenemos en frente es un grupo de personas, que pese a no reconocerse como equipo se juntan con el \u00fanico fin de sostener el poder del que han vivido mucho tiempo, que ven que el<\/em><br \/>\n<em>municipio es un generador de negocios personales, que les permite vivir de una forma que de otro modo no podr\u00edan y fundamentalmente que ya han tenido la oportunidad durante tres d\u00e9cadas de hacer lo que pueden hacer. Hoy toca cambiar, renovar las personas para evitarnos todo lo negativo, vinculado a que un grupo de funcionarios se enquiste en el poder durante tantos a\u00f1os.<\/em><br \/>\n<em>Si la propuesta superadora que propone el oficialismo local es entregarle Exaltaci\u00f3n de la Cruz a La C\u00e1mpora, creo que no entienden a\u00fan lo que sentimos la gran mayoria como pueblo, y lo que necesitamos a <\/em><em>futuro. No queremos estar dentro de 10 a\u00f1os lament\u00e1ndonos de que nos trag\u00f3 el conurbano, y para que eso no pase debemos cambiar ahora.<\/em><\/p>\n<p>-\u00bfC\u00f3mo puede jugar el resultado de las PASO en las elecciones de octubre?<br \/>\n<em>-Considero que ser\u00e1 fundamental, porque entre tantas encuestas desatinadas, las PASO sirven para medir con exactitud qu\u00e9 quiere el electorado. A partir de ah\u00ed, dado que el oficialismo enfrenta una interna compleja con tres listas diferentes, en octubre habr\u00e1 pr\u00e1cticamente dos caminos y no tengo dudas de que interpretaremos y seremos en ese momento, el cambi\u00f3 que nuestro pueblo necesita con urgencia. Para eso nos preparamos d\u00eda a d\u00eda, teniendo presente que hay una razonable posibilidad de que en diciembre nos toque asumir la conducci\u00f3n del gobierno municipal, y que debemos actuar con gran responsabilidad para ese momento.<\/em><\/p>\n","protected":false},"excerpt":{"rendered":"<p>PRIMER EX\u00c1MEN.<\/p>\n","protected":false},"author":4,"featured_media":2997,"comment_status":"open","ping_status":"open","sticky":false,"template":"","format":"standard","meta":{"footnotes":"","jetpack_publicize_message":"","jetpack_publicize_feature_enabled":true,"jetpack_social_post_already_shared":false,"jetpack_social_options":{"image_generator_settings":{"template":"highway","default_image_id":0,"font":"","enabled":false},"version":2}},"categories":[13],"tags":[431],"class_list":["post-2995","post","type-post","status-publish","format-standard","has-post-thumbnail","hentry","category-interes-general","tag-paso-2019-sancho"],"jetpack_publicize_connections":[],"jetpack_featured_media_url":"https:\/\/revistaepocadigital.com.ar\/wp-content\/uploads\/2019\/08\/SANCH-MACRI-VIDAL-19.jpg","jetpack_likes_enabled":true,"_links":{"self":[{"href":"https:\/\/revistaepocadigital.com.ar\/index.php?rest_route=\/wp\/v2\/posts\/2995","targetHints":{"allow":["GET"]}}],"collection":[{"href":"https:\/\/revistaepocadigital.com.ar\/index.php?rest_route=\/wp\/v2\/posts"}],"about":[{"href":"https:\/\/revistaepocadigital.com.ar\/index.php?rest_route=\/wp\/v2\/types\/post"}],"author":[{"embeddable":true,"href":"https:\/\/revistaepocadigital.com.ar\/index.php?rest_route=\/wp\/v2\/users\/4"}],"replies":[{"embeddable":true,"href":"https:\/\/revistaepocadigital.com.ar\/index.php?rest_route=%2Fwp%2Fv2%2Fcomments&post=2995"}],"version-history":[{"count":0,"href":"https:\/\/revistaepocadigital.com.ar\/index.php?rest_route=\/wp\/v2\/posts\/2995\/revisions"}],"wp:featuredmedia":[{"embeddable":true,"href":"https:\/\/revistaepocadigital.com.ar\/index.php?rest_route=\/wp\/v2\/media\/2997"}],"wp:attachment":[{"href":"https:\/\/revistaepocadigital.com.ar\/index.php?rest_route=%2Fwp%2Fv2%2Fmedia&parent=2995"}],"wp:term":[{"taxonomy":"category","embeddable":true,"href":"https:\/\/revistaepocadigital.com.ar\/index.php?rest_route=%2Fwp%2Fv2%2Fcategories&post=2995"},{"taxonomy":"post_tag","embeddable":true,"href":"https:\/\/revistaepocadigital.com.ar\/index.php?rest_route=%2Fwp%2Fv2%2Ftags&post=2995"}],"curies":[{"name":"wp","href":"https:\/\/api.w.org\/{rel}","templated":true}]}}