{"id":29961,"date":"2025-07-10T00:22:14","date_gmt":"2025-07-10T03:22:14","guid":{"rendered":"https:\/\/revistaepocadigital.com.ar\/?p=29961"},"modified":"2025-07-10T00:22:14","modified_gmt":"2025-07-10T03:22:14","slug":"donald-maestro-cumplio-79-anos-gracias-a-la-vida-que-me-ha-dado-tanto","status":"publish","type":"post","link":"https:\/\/revistaepocadigital.com.ar\/?p=29961","title":{"rendered":"DONALD, \u00a1MAESTRO! CUMPLI\u00d3 79 A\u00d1OS, &#8220;GRACIAS A LA VIDA QUE ME HA DADO TANTO&#8221;"},"content":{"rendered":"<div class=\"html-div xdj266r x14z9mp xat24cr x1lziwak xexx8yu xyri2b x18d9i69 x1c1uobl\">\n<div class=\"html-div xdj266r x14z9mp x1lziwak x18d9i69 x1cy8zhl x78zum5 x1q0g3np xod5an3 xz9dl7a x1g0dm76 xpdmqnj\">\n<div class=\"html-div xdj266r x14z9mp xat24cr x1lziwak xexx8yu xyri2b x18d9i69 x1c1uobl x1iyjqo2 xeuugli\">\n<div class=\"x78zum5 xdt5ytf xz62fqu x16ldp7u\">\n<div class=\"xu06os2 x1ok221b\">\n<div class=\"html-div xdj266r x14z9mp xat24cr x1lziwak xexx8yu xyri2b x18d9i69 x1c1uobl\" data-ad-rendering-role=\"profile_name\">\n<h4 class=\"html-h4 x14z9mp xat24cr x1lziwak xexx8yu xyri2b x18d9i69 x1c1uobl x1vvkbs x1heor9g x1qlqyl8 x1pd3egz x1a2a7pz x1gslohp x1yc453h\"><span class=\"x193iq5w xeuugli x13faqbe x1vvkbs x1xmvt09 x1f6kntn xvq8zen xo1l8bm xi81zsa\"><strong class=\"html-strong xdj266r x14z9mp xat24cr x1lziwak xexx8yu xyri2b x18d9i69 x1c1uobl x1hl2dhg x16tdsg8 x1vvkbs x1s688f\"><span class=\"xt0psk2\"><span class=\"html-span xdj266r x14z9mp xat24cr x1lziwak xexx8yu xyri2b x18d9i69 x1c1uobl x1hl2dhg x16tdsg8 x1vvkbs\"><a class=\"x1i10hfl xjbqb8w x1ejq31n x18oe1m7 x1sy0etr xstzfhl x972fbf x10w94by x1qhh985 x14e42zd x9f619 x1ypdohk xt0psk2 xe8uvvx xdj266r x14z9mp xat24cr x1lziwak xexx8yu xyri2b x18d9i69 x1c1uobl x16tdsg8 x1hl2dhg xggy1nq x1a2a7pz xkrqix3 x1sur9pj xzsf02u x1s688f\" tabindex=\"0\" role=\"link\" href=\"https:\/\/www.facebook.com\/donald.music.ok?__cft__[0]=AZUxM_KocZppJ4bZZwj5ETlOnwY4inz0uagOGfEgo-gw476PfAwXxnpvscfNqCMFo9Fz3i1ahw9N8Mb5y-U__kpq40pTKvt6rO0gyiMvJopKf1sbJ46GxV5u4p17mLIiFhzXeBdYNaPLUFx2B1w-6a4kv5W-swwkwLDRV673i6ZfbMQoqLXE4_PR4C7oLmixsvkk9evH6HF4ucrEUd8XV5Fk&amp;__tn__=-]C%2CP-R\">Donald<\/a><\/span><\/span><\/strong> <span class=\"xzsf02u xo1l8bm\"><span class=\"xzpqnlu xjm9jq1 x6ikm8r x10wlt62 x10l6tqk x1i1rx1s\">\u00a0<\/span><span aria-hidden=\"true\">\u00a0\u00b7\u00a0<\/span><\/span><\/span><\/h4>\n<\/div>\n<\/div>\n<div class=\"xu06os2 x1ok221b\">\n<div id=\"_r_162_\" class=\"html-div xdj266r x14z9mp xat24cr x1lziwak xexx8yu xyri2b x18d9i69 x1c1uobl x1q0g3np\"><strong>9 de Julio de 1946<\/strong><\/div>\n<\/div>\n<\/div>\n<\/div>\n<\/div>\n<\/div>\n<div class=\"html-div xdj266r x14z9mp xat24cr x1lziwak xexx8yu xyri2b x18d9i69 x1c1uobl\">\n<div class=\"html-div xdj266r x14z9mp xat24cr x1lziwak xexx8yu xyri2b x18d9i69 x1c1uobl\" dir=\"auto\">\n<div class=\"html-div xdj266r x14z9mp xat24cr x1lziwak xexx8yu xyri2b x18d9i69 x1c1uobl\" data-ad-rendering-role=\"story_message\">\n<div id=\"_r_163_\" class=\"x1l90r2v x1iorvi4 x1g0dm76 xpdmqnj\" data-ad-comet-preview=\"message\" data-ad-preview=\"message\">\n<div class=\"x78zum5 xdt5ytf xz62fqu x16ldp7u\">\n<div class=\"xu06os2 x1ok221b\">\n<div class=\"html-div xdj266r x14z9mp xat24cr x1lziwak xexx8yu xyri2b x18d9i69 x1c1uobl\">\n<div class=\"x14z9mp xat24cr x1lziwak x1vvkbs xtlvy1s x126k92a\">\n<div dir=\"auto\"><strong>Hoy es mi cumplea\u00f1os #79 (9 de julio de 2025)<\/strong>.<!--more--><\/div>\n<\/div>\n<div dir=\"auto\" style=\"text-align: center;\">SU MENSAJE EN LA RED SOCIAL FACEBOOK<\/div>\n<div class=\"x14z9mp xat24cr x1lziwak x1vvkbs xtlvy1s x126k92a\">\n<div dir=\"auto\"><\/div>\n<\/div>\n<div class=\"x14z9mp xat24cr x1lziwak x1vvkbs xtlvy1s x126k92a\">\n<div dir=\"auto\"><strong><em>Gracias a la vida que me ha dado tanto.<\/em><\/strong><\/div>\n<div dir=\"auto\"><strong><em>M\u00fasica, familia, amigos, experiencias, fans, alegr\u00edas, dolores, l\u00e1grimas y esperanzas.<\/em><\/strong><\/div>\n<div dir=\"auto\"><strong><em>Aun tengo proyectos y sue\u00f1os por cumplir. Aun tengo fe que todo cambiar\u00e1. La vida es un ciclo.<\/em><\/strong><\/div>\n<div dir=\"auto\"><strong><em>Viviendo una etapa m\u00e1s contemplativa.<\/em><\/strong><\/div>\n<div dir=\"auto\"><strong><em>Disfrutando de lo muy simple.<\/em><\/strong><\/div>\n<div dir=\"auto\"><strong><em>Gracias a todos por ser parte de ella.<\/em><\/strong><\/div>\n<div dir=\"auto\"><strong><em>Gracias<\/em><\/strong><\/div>\n<div dir=\"auto\"><strong><em>Gracias<\/em><\/strong><\/div>\n<div dir=\"auto\"><strong><em>Gracias<\/em><\/strong><\/div>\n<\/div>\n<div class=\"x14z9mp xat24cr x1lziwak x1vvkbs xtlvy1s x126k92a\">\n<div dir=\"auto\">Ph: <span class=\"html-span xdj266r x14z9mp xat24cr x1lziwak xexx8yu xyri2b x18d9i69 x1c1uobl x1hl2dhg x16tdsg8 x1vvkbs\"><a class=\"x1i10hfl xjbqb8w x1ejq31n x18oe1m7 x1sy0etr xstzfhl x972fbf x10w94by x1qhh985 x14e42zd x9f619 x1ypdohk xt0psk2 xe8uvvx xdj266r x14z9mp xat24cr x1lziwak xexx8yu xyri2b x18d9i69 x1c1uobl x16tdsg8 x1hl2dhg xggy1nq x1a2a7pz xkrqix3 x1sur9pj x1fey0fg x1s688f\" tabindex=\"0\" role=\"link\" href=\"https:\/\/l.facebook.com\/l.php?u=https%3A%2F%2Fwww.instagram.com%2F_u%2Frosario.g.coni%3Ffbclid%3DIwZXh0bgNhZW0CMTAAYnJpZBExYzFWVHRwZ25TbkNOMHhVVQEeN7Mg3-G1_nbnY2Tcxx_3v8Zg69AdNy_aphLyAEKI0nCv3YRr2ZbrGzlQPek_aem_Gky4DuN0tnnK4LhwftzF4A&amp;h=AT0miwG8d5EAx9I9ICKBd7BH9C6TKCfCC6OE1r8tdDFlzn3iPysbcbRII77lubxKQNahIdEdhs56nNx_PIBllKlHOLiCDbs66viTerQz3w6Qt-OSiM1OULopc1Pavo7_Ng&amp;__tn__=-UK-R&amp;c[0]=AT2L3GjJFia2RmgxnupSk7gf2al_XbLukP43bvuj9kEFMl79SSdKX1k2um2R9OdrAxXJRghWcGG31W0nDqRFMvFexRQpxOiYcBE3XKnvST29i9H2xh3EN1O2vJvbjiyPGXSEaIeTywG9e-L93Z9i4czCG37Vz2dm6c8-rLkFVTC8MNSlxDpiDOAhiNcOSmo7lS_wxtI07I0tqH0_PhF0yJZUlJ6KFRAs\" target=\"_blank\" rel=\"nofollow noopener noreferrer\">@rosario.g.coni<\/a><\/span><\/div>\n<\/div>\n<div class=\"x14z9mp xat24cr x1lziwak x1vvkbs xtlvy1s x126k92a\">\n<div dir=\"auto\"><span class=\"html-span xdj266r x14z9mp xat24cr x1lziwak xexx8yu xyri2b x18d9i69 x1c1uobl x1hl2dhg x16tdsg8 x1vvkbs\"><a class=\"x1i10hfl xjbqb8w x1ejq31n x18oe1m7 x1sy0etr xstzfhl x972fbf x10w94by x1qhh985 x14e42zd x9f619 x1ypdohk xt0psk2 xe8uvvx xdj266r x14z9mp xat24cr x1lziwak xexx8yu xyri2b x18d9i69 x1c1uobl x16tdsg8 x1hl2dhg xggy1nq x1a2a7pz xkrqix3 x1sur9pj x1fey0fg x1s688f\" tabindex=\"0\" role=\"link\" href=\"https:\/\/www.facebook.com\/hashtag\/trayectoriaartistica?__eep__=6&amp;__cft__[0]=AZUxM_KocZppJ4bZZwj5ETlOnwY4inz0uagOGfEgo-gw476PfAwXxnpvscfNqCMFo9Fz3i1ahw9N8Mb5y-U__kpq40pTKvt6rO0gyiMvJopKf1sbJ46GxV5u4p17mLIiFhzXeBdYNaPLUFx2B1w-6a4kv5W-swwkwLDRV673i6ZfbMQoqLXE4_PR4C7oLmixsvkk9evH6HF4ucrEUd8XV5Fk&amp;__tn__=*NK-R\">#trayectoriaartistica<\/a><\/span> <span class=\"html-span xdj266r x14z9mp xat24cr x1lziwak xexx8yu xyri2b x18d9i69 x1c1uobl x1hl2dhg x16tdsg8 x1vvkbs\"><a class=\"x1i10hfl xjbqb8w x1ejq31n x18oe1m7 x1sy0etr xstzfhl x972fbf x10w94by x1qhh985 x14e42zd x9f619 x1ypdohk xt0psk2 xe8uvvx xdj266r x14z9mp xat24cr x1lziwak xexx8yu xyri2b x18d9i69 x1c1uobl x16tdsg8 x1hl2dhg xggy1nq x1a2a7pz xkrqix3 x1sur9pj x1fey0fg x1s688f\" tabindex=\"0\" role=\"link\" href=\"https:\/\/www.facebook.com\/hashtag\/iconodelamusica?__eep__=6&amp;__cft__[0]=AZUxM_KocZppJ4bZZwj5ETlOnwY4inz0uagOGfEgo-gw476PfAwXxnpvscfNqCMFo9Fz3i1ahw9N8Mb5y-U__kpq40pTKvt6rO0gyiMvJopKf1sbJ46GxV5u4p17mLIiFhzXeBdYNaPLUFx2B1w-6a4kv5W-swwkwLDRV673i6ZfbMQoqLXE4_PR4C7oLmixsvkk9evH6HF4ucrEUd8XV5Fk&amp;__tn__=*NK-R\">#iconodelamusica<\/a><\/span> <span class=\"html-span xdj266r x14z9mp xat24cr x1lziwak xexx8yu xyri2b x18d9i69 x1c1uobl x1hl2dhg x16tdsg8 x1vvkbs\"><a class=\"x1i10hfl xjbqb8w x1ejq31n x18oe1m7 x1sy0etr xstzfhl x972fbf x10w94by x1qhh985 x14e42zd x9f619 x1ypdohk xt0psk2 xe8uvvx xdj266r x14z9mp xat24cr x1lziwak xexx8yu xyri2b x18d9i69 x1c1uobl x16tdsg8 x1hl2dhg xggy1nq x1a2a7pz xkrqix3 x1sur9pj x1fey0fg x1s688f\" tabindex=\"0\" role=\"link\" href=\"https:\/\/www.facebook.com\/hashtag\/tradicionfamiliar?__eep__=6&amp;__cft__[0]=AZUxM_KocZppJ4bZZwj5ETlOnwY4inz0uagOGfEgo-gw476PfAwXxnpvscfNqCMFo9Fz3i1ahw9N8Mb5y-U__kpq40pTKvt6rO0gyiMvJopKf1sbJ46GxV5u4p17mLIiFhzXeBdYNaPLUFx2B1w-6a4kv5W-swwkwLDRV673i6ZfbMQoqLXE4_PR4C7oLmixsvkk9evH6HF4ucrEUd8XV5Fk&amp;__tn__=*NK-R\">#tradicionfamiliar<\/a><\/span><\/div>\n<\/div>\n<\/div>\n<\/div>\n<\/div>\n<\/div>\n<\/div>\n<\/div>\n<\/div>\n<p>&nbsp;<\/p>\n<p style=\"text-align: center;\"><strong>&#8212;&#8212;&#8212;&#8212;&#8212;&#8212;&#8212;&#8212;&#8212;&#8212;&#8212;&#8212;&#8212;&#8212;&#8211;<\/strong><\/p>\n<div class=\"sc-808a5b4d-0 fiDTki mega-header mega-header\">\n<div class=\"sc-808a5b4d-0 fiDTki shared-header shared-header\">\n<div class=\"image-container \"><picture><img loading=\"lazy\" decoding=\"async\" src=\"https:\/\/www.clarin.com\/img\/2020\/05\/12\/1kN2Erghw_360x240__1.jpg\" alt=\"Donald, el hombre que le cant\u00f3 a la felicidad: tragedias familiares, okupas rusos y una promesa a su madre en el lecho de muerte\" width=\"360\" height=\"620\" data-nimg=\"1\" \/><\/picture><\/div>\n<\/div>\n<\/div>\n<div class=\"sc-808a5b4d-0 fiDTki shared-header shared-header\">\n<div class=\"mt \">\n<h2 class=\"storySummary\">Referente de la m\u00fasica beat argentina, brill\u00f3 en los \u201870 con hits felices y contagiosos como &#8220;Tiritando&#8221; o &#8220;Las olas y el viento&#8221;. Hecho meme por el dengue, hoy se reinventa grabando en ingl\u00e9s para radios de Estados Unidos, proyectando un disco de duetos, su show de despedida y su primer libro.<\/h2>\n<\/div>\n<\/div>\n<section class=\"sc-46e3ecc3-1 fMFjWA\">\n<article id=\"storyBody\" class=\"sc-46e3ecc3-2 cfXsMv\">\n<section class=\"sc-85920204-2 hryGoW dataStory dataStory\">\n<div class=\"list-authors has-border-top\">\n<div class=\"sc-4e7e5c5d-0 hgTTFo list-authors has-border-top speakable-author\">\n<div class=\"sc-4e7e5c5d-1 hjTmRa bottom-story\">\n<div class=\"author-info single-author flex-column\">\n<div><\/div>\n<\/div>\n<\/div>\n<\/div>\n<\/div>\n<\/section>\n<div id=\"element-body-0\" class=\"sc-45461e9c-0 eqiBeF container-text text-embed \">\n<p>Bien podr\u00eda decirse que todo empez\u00f3 con una serie de palabras sin sentido.\u00a0<strong>Donald<\/strong>\u00a0<strong>irrumpi\u00f3 en el mundo del espect\u00e1culo, a fines de los \u201860, cantando Sucundum y Sequeten Sequeten. Sigui\u00f3 con Racatacata, Poponsh Poponsh, Scaba badi bidu y Chequendengue<\/strong>. Una onomatopeya tras otra, los grandes \u00e9xitos que supo construir. Ahora, medio siglo despu\u00e9s, un meme con su foto y la frase \u201ccompa\u00f1eros chequen dengue chequen dengue\u201d vuelve a colocarlo en la cresta de la ola.<\/p>\n<\/div>\n<div id=\"element-body-1\" class=\"sc-45461e9c-0 eqiBeF container-text text-embed \">\n<p>Nacido el 9 de julio de 1946, casado hace 47 a\u00f1os con Ver\u00f3nica Zemborain, Donald tiene cuatro hijos y nueve nietos. Cantante, compositor y conductor de televisi\u00f3n, protagoniz\u00f3 tres pel\u00edculas en aquellos tiempos de gloria:\u00a0<em>En una playa junto al mar<\/em>, con Evangelina Salazar, Jorge Barreiro y Eddie Pequenino;\u00a0<em>Siempre fuimos compa\u00f1eros<\/em>, \u00a0junto a Rossana Falasca, y\u00a0<em>Un viaje de locos<\/em>, con Taryn Power (la hija de Tyrone Power), Marcelo Marcote, Antonio Gasalla, Carlos Perciavalle y Juan Alberto Mateyko. En los \u201980 se radic\u00f3 en los Estados Unidos y al volver todo hab\u00eda cambiado. Sin embargo,\u00a0<strong>el recuerdo de sus canciones m\u00e1s pegadizas en el inconsciente colectivo, le permiten integrar la imaginaria categor\u00eda de \u201cartistas sin fecha de vencimiento\u201d<\/strong>. De risa f\u00e1cil y siempre guitarra en mano, lo primero que aclara es que el suyo no es un seud\u00f3nimo.<\/p>\n<\/div>\n<div id=\"element-body-2\" class=\"sc-45461e9c-0 eqiBeF container-text text-embed \">\n<p>-Es mi nombre real, mi nombre completo es Donald Clifton McCluskey. No s\u00e9 por qu\u00e9 mi padre me puso Donald, \u00e9l se llamaba Dean, era m\u00fasico norteamericano y cuando estaba de gira por Sudam\u00e9rica descubri\u00f3 que aqu\u00ed pon\u00edan \u201cDon\u201d antes del nombre como se\u00f1al de respeto y se rebautiz\u00f3 Don Dean. \u00bfClifton? Lo hered\u00e9 de un t\u00edo.<\/p>\n<\/div>\n<div id=\"element-body-3\" class=\"sc-45461e9c-0 eqiBeF container-text text-embed \">\n<p><strong>-\u201cTiritando\u201d es uno de los cl\u00e1sicos\u00a0de la m\u00fasica popular argentina, el punto de partida de tu carrera. \u00bfPodemos decir que lo tuyo es el triunfo de la onomatopeya?<\/strong><\/p>\n<\/div>\n<div id=\"element-body-4\" class=\"sc-45461e9c-0 eqiBeF container-text text-embed \">\n<p>-Podr\u00eda ser\u2026 \u00bfpor qu\u00e9 no? Era algo inusual usar esas palabritas, en ingl\u00e9s se dice \u201cnonsense\u201d, sin sentido. Son palabritas musicales, usadas para rellenar espacios y que es muy com\u00fan en los cuentos infantiles ingleses que juegan con sonidos m\u00e1s que con palabras.<\/p>\n<\/div>\n<div id=\"element-body-5\" class=\"sc-98b114a2-0 bkqiHH image-embed  image-embed \"><picture class=\"sc-98b114a2-1 jRUlDm\"><source srcset=\"https:\/\/www.clarin.com\/img\/2020\/05\/11\/bOrAfs_SS_720x0__1.jpg\" media=\"(min-width: 975px)\" \/><img loading=\"lazy\" decoding=\"async\" src=\"https:\/\/www.clarin.com\/img\/2020\/05\/11\/bOrAfs_SS_720x0__1.jpg\" alt=\"El meme de Donald anunciando el dengue.\" width=\"720\" height=\"480\" data-nimg=\"1\" data-readystate=\"complete\" \/><\/picture><span class=\"epigraphe\">El meme de Donald anunciando el dengue.<\/span><\/div>\n<div id=\"element-body-6\" class=\"sc-45461e9c-0 eqiBeF container-text text-embed \">\n<p><strong>-\u00bfCu\u00e1l fue tu primer contacto directo con la m\u00fasica?<\/strong><\/p>\n<\/div>\n<div id=\"element-body-7\" class=\"sc-45461e9c-0 eqiBeF container-text text-embed \">\n<p>-Cuando arrancaron los \u201cMac Ke Macs\u201d, el cuarteto vocal de Buddy y Alex, mis hermanos mayores. Ellos me llevaban diez a\u00f1os de diferencia y crec\u00ed con sus canciones. Tocaban jazz, pero incursionaron en la m\u00fasica tropical, en la brasile\u00f1a y en temas internacionales de todo tipo, especialmente latinoamericanos. Yo escuchaba mucha m\u00fasica, porque ellos ten\u00edan una gran discoteca y me pasaba horas oy\u00e9ndolos actuar y ensayar en casa.<\/p>\n<\/div>\n<div id=\"element-body-8\" class=\"sc-98b114a2-0 bkqiHH image-embed  image-embed \"><picture class=\"sc-98b114a2-1 jRUlDm\"><source srcset=\"https:\/\/www.clarin.com\/img\/2020\/05\/12\/UfIj_a-Xr_720x0__1.jpg\" media=\"(min-width: 975px)\" \/><img loading=\"lazy\" decoding=\"async\" src=\"https:\/\/www.clarin.com\/img\/2020\/05\/12\/UfIj_a-Xr_720x0__1.jpg\" alt=\"Siempre con la guitarra. Donald recuerda que el Nono Pugliese fue el autor de uno de sus \u00e9xitos, &quot;Tiritando&quot;. Foto: Luciano Thieberger\" width=\"720\" height=\"480\" data-nimg=\"1\" data-readystate=\"complete\" \/><\/picture><span class=\"epigraphe\">Siempre con la guitarra. Donald recuerda que el Nono Pugliese fue el autor de uno de sus \u00e9xitos, &#8220;Tiritando&#8221;. Foto: Luciano Thieberger<\/span><\/div>\n<div id=\"element-body-9\" class=\"sc-45461e9c-0 eqiBeF container-text text-embed \">\n<p><strong>-Y adem\u00e1s tu pap\u00e1&#8230;<\/strong><\/p>\n<\/div>\n<div id=\"element-body-10\" class=\"sc-45461e9c-0 eqiBeF container-text text-embed \">\n<p>-Mi pap\u00e1 dirig\u00eda la banda de la Universidad de California y los fines de semana tocaba en salones de baile de Los \u00c1ngeles. Cuando se estren\u00f3 la pel\u00edcula\u00a0<em>El cantor de jazz,<\/em>\u00a0le ofrecieron hacer una gira de dos meses por Sudam\u00e9rica, para tocar tres canciones en cada cine donde se exhib\u00eda la pel\u00edcula. Y as\u00ed fue de ciudad en ciudad, hasta que lleg\u00f3 a la Argentina. Luego ten\u00eda que seguir hacia Brasil, pero se produjo la Revoluci\u00f3n Constitucionalista de 1932 y se qued\u00f3. Estuvo varios a\u00f1os tocando en el Roof Garden del Hotel Alvear, pero cuando nac\u00ed \u00e9l ya hab\u00eda abandonado la m\u00fasica y se dedicaba a la venta de tractores, como representante de la firma norteamericana Cartepillar.<\/p>\n<\/div>\n<div id=\"element-body-11\" class=\"sc-45461e9c-0 eqiBeF container-text text-embed \">\n<p><strong>-Dec\u00edas que se qued\u00f3 por la revoluci\u00f3n en Brasil, pero tambi\u00e9n hubo una revoluci\u00f3n en el coraz\u00f3n de tu pap\u00e1&#8230;<\/strong><\/p>\n<\/div>\n<div id=\"element-body-12\" class=\"sc-45461e9c-0 eqiBeF container-text text-embed \">\n<p>-\u00a1Ah s\u00ed! -se r\u00ede- \u00a1Sin dudas! La excusa era que se qued\u00f3 porque no pod\u00eda viajar, pero en realidad se enamor\u00f3 de mi madre (\u201cPirucha\u201d Lila Raquel Su\u00e1rez Howard) y poco antes de casarse compuso para ella\u00a0<em>Bailando en el Alvear<\/em>, su canci\u00f3n m\u00e1s famosa.<\/p>\n<\/div>\n<div id=\"element-body-13\" class=\"sc-98b114a2-0 bkqiHH image-embed  image-embed \"><picture class=\"sc-98b114a2-1 jRUlDm\"><source srcset=\"https:\/\/www.clarin.com\/img\/2020\/05\/12\/bbPP_nGiJ_720x0__1.jpg\" media=\"(min-width: 975px)\" \/><img loading=\"lazy\" decoding=\"async\" src=\"https:\/\/www.clarin.com\/img\/2020\/05\/12\/bbPP_nGiJ_720x0__1.jpg\" alt=\"Familia de artistas. Don Dean (m\u00fasico norteamericano) y sus hijos, entre ellos un joven Donald.\" width=\"720\" height=\"480\" data-nimg=\"1\" data-readystate=\"complete\" \/><\/picture><span class=\"epigraphe\">Familia de artistas. Don Dean (m\u00fasico norteamericano) y sus hijos, entre ellos un joven Donald.<\/span><\/div>\n<div id=\"element-body-14\" class=\"sc-45461e9c-0 eqiBeF container-text text-embed \">\n<p><strong>-En todas las fotos aparec\u00e9s con una guitarra bajo el brazo, la llev\u00e1s como si fuera tu abrigo y hasta en tu foto de perfil del whatsapp\u00a0est\u00e1s con una&#8230;\u00a0\u00bfnaciste con ella?<\/strong><\/p>\n<\/div>\n<div id=\"element-body-15\" class=\"sc-45461e9c-0 eqiBeF container-text text-embed \">\n<p>-S\u00ed, \u00a1es como una parte m\u00eda! Me la paso con la guitarra en la mano. Empec\u00e9 a tocar la guitarra de chico porque era introvertido y mi madre pens\u00f3 que la guitarra me iba a ayudar para mejorar mi \u00e1nimo y mi car\u00e1cter. Y arranqu\u00e9 con las lecciones del se\u00f1or Tello, un colombiano que era profesor de m\u00fasica y estudiante de medicina, y quien me ense\u00f1\u00f3 muchos ritmos de su pa\u00eds, guarachas y merengues.<\/p>\n<\/div>\n<div id=\"element-body-16\" class=\"sc-45461e9c-0 eqiBeF container-text text-embed \">\n<p><strong>-\u00bfTen\u00e9s una colecci\u00f3n de guitarras?<\/strong><\/p>\n<\/div>\n<div id=\"element-body-17\" class=\"sc-45461e9c-0 eqiBeF container-text text-embed \">\n<p>-M\u00e1s que una colecci\u00f3n tengo un mont\u00f3n de guitarras rejuntadas, algunas que las tengo de hace mucho tiempo y otras m\u00e1s recientes. Tengo en el cuarto, en el living, en el comedor&#8230;\u00a0\u00a1por toda la casa hay guitarras! Tengo una colecci\u00f3n de guitarras criollas y alguna un poco m\u00e1s rara, pero son para tocar de entrecasa. \u00a1Ah! Y tengo mi primera guitarra, una Repiso que le regal\u00e9 a mi hijo Miguel y la tengo guardada en el ropero.<\/p>\n<\/div>\n<div id=\"element-body-18\" class=\"sc-98b114a2-0 bkqiHH image-embed  image-embed \"><picture class=\"sc-98b114a2-1 jRUlDm\"><source srcset=\"https:\/\/www.clarin.com\/img\/2020\/05\/12\/2ECnoCMfq_720x0__1.jpg\" media=\"(min-width: 975px)\" \/><img loading=\"lazy\" decoding=\"async\" src=\"https:\/\/www.clarin.com\/img\/2020\/05\/12\/2ECnoCMfq_720x0__1.jpg\" alt=\"Donald, con su primera guitarra.  Una Repiso que ahora pertenece a su hijo Miguel.\" width=\"720\" height=\"480\" data-nimg=\"1\" data-readystate=\"complete\" \/><\/picture><span class=\"epigraphe\">Donald, con su primera guitarra. Una Repiso que ahora pertenece a su hijo Miguel.<\/span><\/div>\n<div id=\"element-body-19\" class=\"sc-45461e9c-0 eqiBeF container-text text-embed \">\n<p><strong>-En pocos a\u00f1os metiste una gran cantidad de \u00e9xitos, \u00bfeso te condicion\u00f3?Pporque, a pesar de tu larga trayectoria, la gente siempre te pide esos temas.<\/strong><\/p>\n<\/div>\n<div id=\"element-body-20\" class=\"sc-45461e9c-0 eqiBeF container-text text-embed \">\n<p>-S\u00ed, pero nunca lo enfrent\u00e9 como un problema, m\u00e1s bien siempre di gracias de haber tenido la fortuna de pegarla con esas canciones. Mi objetivo cuando era adolescente estaba en la m\u00fasica, pero en realidad yo pensaba dedicarme a la abogac\u00eda, mi gran pasi\u00f3n. Mi historia es al rev\u00e9s de la de muchos cantantes famosos que surgieron siendo muy pobres y gracias a la fama pasaron a ser muy ricos. De ni\u00f1o fui un chico rico, ten\u00edamos un Petit Hotel gigantesco en la calle Pereyra Lucena en Palermo Chico y una finca en Mendoza de trescientas cincuenta hect\u00e1reas que era una joya. Viv\u00edamos muy bien. Pero en los \u201860 mi pap\u00e1 tuvo un descalabro econ\u00f3mico, a ra\u00edz de la compra de un campo en el sur de Mendoza, un mill\u00f3n trescientas mil hect\u00e1reas que compr\u00f3 para desarrollar un proyecto que result\u00f3 inviable, por cuestiones con legisladores de la provincia que le ped\u00edan coimas. Y se fundi\u00f3. Con la poca plata que le quedaba inici\u00f3 otra aventura, la construcci\u00f3n del casino \u201cFlamingo\u201d de Merlo, San Luis. Una idea de \u00e9l, pero tuvo unos socios que estafaron a la provincia, y la provincia accion\u00f3 sobre las garant\u00edas que hab\u00eda dado pap\u00e1 que eran la casa de Buenos Aires y la finca de Mendoza. Y se perdi\u00f3 todo.<\/p>\n<\/div>\n<div id=\"element-body-21\" class=\"sc-45461e9c-0 eqiBeF container-text text-embed \">\n<p><strong>-\u00bfCu\u00e1nto tuvo que ver esa situaci\u00f3n con tu carrera art\u00edstica?<\/strong><\/p>\n<\/div>\n<div id=\"element-body-22\" class=\"sc-45461e9c-0 eqiBeF container-text text-embed \">\n<p>-\u00a1Todo! De la noche a la ma\u00f1ana sal\u00ed con mam\u00e1 a buscar un departamento de dos ambientes porque nos desalojaron y no ten\u00edamos d\u00f3nde vivir. Un d\u00eda vino mi hermano Buddy y me dijo: \u201cVas a tener que conseguirte un trabajo y dejar de ir al colegio Cardenal Newman, porque pap\u00e1 y mam\u00e1 no te lo van a poder pagar\u201d. Justo yo hab\u00eda tenido una propuesta para cantar en televisi\u00f3n y le dije a Buddy que me dejara ver c\u00f3mo lo resolv\u00eda. Lo llam\u00e9 al productor Jorge Regueiro, que era qui\u00e9n me hab\u00eda hecho la oferta, y le pregunt\u00e9 si la manten\u00eda y cu\u00e1nto me iba a pagar. Despu\u00e9s fui al Newman, habl\u00e9 con el rector, le cont\u00e9 lo que hab\u00eda pasado en casa y que quer\u00eda seguir en el colegio. \u201c\u00bfY c\u00f3mo lo va a pagar McClusky?\u201d- me pregunt\u00f3 (lo imita). \u2018Voy a cantar en televisi\u00f3n, voy a ganar tanta plata y me alcanza para pagar el colegio\u2019- le contest\u00e9. \u201c\u00bfY adem\u00e1s de pagar el colegio, puede ayudar en su casa a sus padres?\u201d. \u2018S\u00ed, lo voy a hacer y aparte voy a tratar de conseguirme cuanto trabajo pueda\u2019. Entonces me respondi\u00f3: \u201cEst\u00e1 bien McClusky su lugar est\u00e1 asegurado y no tiene que pagar la matr\u00edcula\u201d. As\u00ed fue como a los 15 a\u00f1os empec\u00e9 a trabajar en\u00a0<em>Ritmo y Juventud<\/em>, un programa de Canal 11 al estilo de\u00a0<em>El Club del clan<\/em>. Era como una academia de m\u00fasica, porque nos ense\u00f1aban coreograf\u00edas y el director musical era Horacio Malvicino. Fue una \u00e9poca muy linda, porque los canales contrataban nuevas figuras y nos pagaban muy bien por cantar una o dos canciones. A m\u00ed me convocaban mucho, hab\u00eda producciones muy importantes y recorr\u00eda muchos programas:\u00a0<em>El show de Antonio Prieto<\/em>,\u00a0<em>S\u00e1bados Circulares de Mancera<\/em>\u00a0y todos los dem\u00e1s.<\/p>\n<\/div>\n<div id=\"element-body-23\" class=\"sc-45461e9c-0 eqiBeF container-text text-embed \">\n<p><strong>-\u00bfY qu\u00e9 pas\u00f3 con los sue\u00f1os de abogado?<\/strong><\/p>\n<\/div>\n<div id=\"element-body-24\" class=\"sc-45461e9c-0 eqiBeF container-text text-embed \">\n<p>-Los tuve que postergar. Yo empec\u00e9 a cantar como una salida laboral, pero nunca imagin\u00e9 que iba a ser cantante toda mi vida. Cuando termin\u00e9 el colegio empec\u00e9 a estudiar en la Universidad de El Salvador. Mam\u00e1 estaba entusiasmad\u00edsima, porque el sue\u00f1o de ella era tener un hijo abogado, como su padre. Mi abuelo hab\u00eda sido un juez de crimen en Mendoza muy reconocido, \u00e9l meti\u00f3 preso al gobernador de la provincia por la violaci\u00f3n de una menor y desde la c\u00e1rcel el gobernador le mand\u00f3 dos matones que lo degollaron en la calle. Tal vez por eso mam\u00e1 siempre ten\u00eda esa ilusi\u00f3n. La cuesti\u00f3n es que cuando la pegu\u00e9 con\u00a0<em>Tiritando<\/em>\u00a0tuve que abandonar abogac\u00eda, mi mam\u00e1 se agarr\u00f3 un disgusto b\u00e1rbaro y me hizo prometerle que el d\u00eda que pasara ese momento de euforia iba a continuar la carrera. Pasaron los a\u00f1os y en 1982 mam\u00e1, un d\u00eda antes de fallecer, me hizo volver a prometerle que me iba a recibir.<\/p>\n<\/div>\n<div id=\"element-body-25\" class=\"sc-98b114a2-0 bkqiHH image-embed  image-embed \"><picture class=\"sc-98b114a2-1 jRUlDm\"><source srcset=\"https:\/\/www.clarin.com\/img\/2020\/05\/12\/DpbIlZmmQ_720x0__1.jpg\" media=\"(min-width: 975px)\" \/><img loading=\"lazy\" decoding=\"async\" src=\"https:\/\/www.clarin.com\/img\/2020\/05\/12\/DpbIlZmmQ_720x0__1.jpg\" alt=\"Por las calles de San isidro. Donald vivi\u00f3 un largo tiempo en los Estados Unidos. Foto: Luciano Thieberger\" width=\"720\" height=\"480\" data-nimg=\"1\" data-readystate=\"complete\" \/><\/picture><span class=\"epigraphe\">Por las calles de San isidro. Donald vivi\u00f3 un largo tiempo en los Estados Unidos. Foto: Luciano Thieberger<\/span><\/div>\n<div id=\"element-body-26\" class=\"sc-45461e9c-0 eqiBeF container-text text-embed \">\n<p><strong>-\u00bfRetomaste los estudios cuando ella muri\u00f3?<\/strong><\/p>\n<\/div>\n<div id=\"element-body-27\" class=\"sc-45461e9c-0 eqiBeF container-text text-embed \">\n<p>-S\u00ed. Despu\u00e9s de un verano muy exitoso en Punta del Este que ganamos mucha plata, Ver\u00f3nica, mi mujer, me dijo: \u201c\u00bfNo pens\u00e1s que ser\u00eda un buen momento para cumplir la promesa a tu mam\u00e1?\u201d. Y empec\u00e9 a estudiar de nuevo. Tuve que arrancar de cero porque en lugar de 28 materias eran 46, pero curs\u00e9 seis a\u00f1os en el Salvador ma\u00f1ana y tarde y despu\u00e9s me tom\u00e9 otros tres a\u00f1os m\u00e1s para dar las materias que no hab\u00eda rendido. Me recib\u00ed en el \u201999 y al otro d\u00eda de recibirme conoc\u00ed a Guillermo Francos, \u00e9l sab\u00eda que la Uni\u00f3n Vecinal Municipalista me hab\u00eda ofrecido ser concejal de San Isidro y me dijo que Acci\u00f3n por la Rep\u00fablica, el partido de Domingo Cavallo, quer\u00eda apoyarme. Ser abogado me ayud\u00f3 para ser respetado dentro del Concejo, porque cuando se debat\u00eda una ordenanza me tomaban m\u00e1s en serio. Cuando termin\u00e9 mi per\u00edodo en el 2003, hice un par de maestr\u00edas en Propiedad Intelectual, fui a un mont\u00f3n de congresos en distintas partes del mundo y me dediqu\u00e9 a la especialidad de propiedad intelectual y derechos de autor.<\/p>\n<\/div>\n<div id=\"element-body-28\" class=\"sc-45461e9c-0 eqiBeF container-text text-embed \">\n<p><strong>-\u00bfPor qu\u00e9 dejaste de ejercer como abogado?<\/strong><\/p>\n<\/div>\n<div id=\"element-body-29\" class=\"sc-45461e9c-0 eqiBeF container-text text-embed \">\n<p>-Por una serie de cuestiones que son bastante engorrosas, pero que ten\u00edan que ver con mi idealismo y la no cabida de ese idealismo dentro de c\u00f3mo se ha manejado la justicia y el derecho en la Argentina.<\/p>\n<\/div>\n<div id=\"element-body-30\" class=\"sc-106e49c0-0 dcVumd freeHtml-embed undefined\"><iframe loading=\"lazy\" src=\"https:\/\/open.spotify.com\/embed\/playlist\/7uODYADnFzdNP7PGLlgKp9\" width=\"100%\" height=\"1180\" frameborder=\"0\" data-readystate=\"complete\" data-mce-fragment=\"1\"><\/iframe><\/div>\n<div id=\"element-body-31\" class=\"sc-45461e9c-0 eqiBeF container-text text-embed \">\n<p><strong>-\u00bfEse mismo idealismo fue el que te persuadi\u00f3 de no continuar en la pol\u00edtica?<\/strong><\/p>\n<\/div>\n<div id=\"element-body-32\" class=\"sc-45461e9c-0 eqiBeF container-text text-embed \">\n<p>-No. Fueron cuatro a\u00f1os muy interesantes. La pol\u00edtica me gustaba, pero me di cuenta que no ten\u00eda un equipo como para continuar y en pol\u00edtica no solo hay que tener buenas intenciones, sino que hay que estar organizado. Una de las razones por las que me met\u00ed en pol\u00edtica fueron mis hijos. Yo notaba que no estaban conformes con lo que estaba pasando ac\u00e1 y estaban pensando en irse a otros lados, me daba bronca eso y pens\u00e9: \u00bfqu\u00e9 puedo hacer yo? Y me present\u00e9 en las elecciones como candidato a concejal, pero cuando termin\u00f3 mi mandato, aunque me parec\u00eda que hay mucho para hacer, volv\u00ed a la m\u00fasica. Y con el tiempo Marina y Miguel, dos de mis hijos, se fueron a vivir a Hawaii.<\/p>\n<\/div>\n<div id=\"element-body-33\" class=\"sc-98b114a2-0 bkqiHH image-embed  image-embed \"><picture class=\"sc-98b114a2-1 jRUlDm\"><source srcset=\"https:\/\/www.clarin.com\/img\/2020\/05\/12\/E6DOYozu8_720x0__1.jpg\" media=\"(min-width: 975px)\" \/><img loading=\"lazy\" decoding=\"async\" src=\"https:\/\/www.clarin.com\/img\/2020\/05\/12\/E6DOYozu8_720x0__1.jpg\" alt=\"En una playa junto al mar... Donald, a los tres a\u00f1os, en Mar del Plata\" width=\"720\" height=\"480\" data-nimg=\"1\" data-readystate=\"complete\" \/><\/picture><span class=\"epigraphe\">En una playa junto al mar&#8230; Donald, a los tres a\u00f1os, en Mar del Plata<\/span><\/div>\n<div id=\"element-body-34\" class=\"sc-45461e9c-0 eqiBeF container-text text-embed \">\n<p><strong>-\u00bfC\u00f3mo fue tu infancia?<\/strong><\/p>\n<\/div>\n<div id=\"element-body-35\" class=\"sc-45461e9c-0 eqiBeF container-text text-embed \">\n<p>-Contradictoria, digamos. Tuve una infancia con mucha m\u00fasica y crec\u00ed en un ambiente musical muy lindo, porque mis hermanos eran muy divertidos&#8230;<\/p>\n<\/div>\n<div id=\"element-body-36\" class=\"sc-c2c2a3c6-0 ecgiEX border-video video-embed horizontal border-video video-embed horizontal\">\n<div id=\"embeb2LPtO2ic\" class=\"jwplayer jw-reset jw-state-paused jw-stretch-uniform jw-flag-aspect-mode jw-breakpoint-2 jw-floating-dismissible jw-keep-thumbnail jw-flag-user-inactive jw-flag-overlay-open-related-shelf\" tabindex=\"0\" role=\"application\" aria-label=\"Video Player - Video: Donald y la publicidad que lo hizo famoso\" aria-describedby=\"jw-embeb2LPtO2ic-shortcuts-tooltip-explanation\">\n<div class=\"jw-wrapper jw-reset\">\n<div class=\"jw-captions jw-reset jw-captions-enabled\"><strong>\u00a0-\u00bfDec\u00eds que fue contradictoria porque cuando eras beb\u00e9 muri\u00f3 uno de tus hermanos?<\/strong><\/div>\n<\/div>\n<\/div>\n<\/div>\n<div id=\"element-body-38\" class=\"sc-45461e9c-0 eqiBeF container-text text-embed \">\n<p>-S\u00ed. Eso indudablemente afect\u00f3 tremendamente al ambiente familiar. No recuerdo las circunstancias de ese accidente tr\u00e1gico porque yo ten\u00eda ocho meses, pero a mi hermano Billy, que era dos a\u00f1os mayor, lo mat\u00f3 un tren. Viv\u00edamos en Barrio Parque, la ni\u00f1era lo sac\u00f3 a pasear, se encontr\u00f3 con un novio en un terrapl\u00e9n del tren que pasaba ah\u00ed cerca de la casa, vino el tren y se lo sac\u00f3 de los brazos. Fue una situaci\u00f3n terrible para toda la familia, pero yo la viv\u00ed subconscientemente, porque no tengo recuerdos de ese momento tan negro. Yo tengo memoria de la \u00e9poca de la primaria, recuerdo que en casa la alegr\u00eda era permanente gracias a mis hermanos, porque mis padres se encerraron en s\u00ed mismos y pr\u00e1cticamente no sal\u00edan de su cuarto. Cuando muri\u00f3 mi hermano, pap\u00e1 estaba de viaje, porque al terminar la Segunda Guerra Mundial, Estados Unidos le hab\u00eda pedido que armara una orquesta para ir a tocar ante las tropas americanas. Volvi\u00f3 y dej\u00f3 definitivamente la m\u00fasica. Por eso, los cinco o seis primeros a\u00f1os de mi vida yo pr\u00e1cticamente no trat\u00e9 a mis padres, me cri\u00f3 mi abuela materna, \u201cmamama\u201d, y una se\u00f1ora amiga de ella. Los primeros a\u00f1os mis padres permanecieron en duelo, mam\u00e1 no sal\u00eda de su cuarto ni levantaba la persiana y pap\u00e1 sal\u00eda rara vez.<\/p>\n<\/div>\n<div id=\"element-body-39\" class=\"sc-45461e9c-0 eqiBeF container-text text-embed \">\n<p><strong>-\u00bfNi siquiera para trabajar sal\u00eda tu pap\u00e1?<\/strong><\/p>\n<\/div>\n<div id=\"element-body-40\" class=\"sc-45461e9c-0 eqiBeF container-text text-embed \">\n<p>-No, pap\u00e1 ya no estaba trabajando en ese momento. \u00c9l hab\u00eda ganado mucha plata con la venta de tractores&#8230;\u00a0Con la m\u00fasica se hizo famoso y con los tractores \u00a1se hizo rico!<\/p>\n<\/div>\n<div id=\"element-body-41\" class=\"sc-45461e9c-0 eqiBeF container-text text-embed \">\n<p><strong>&#8211; Volviendo a tus comienzos, \u00bfc\u00f3mo conociste al publicista Alberto \u201cNono\u201d Pugliese, el autor de la canci\u00f3n \u201cTiritando\u201d, que registr\u00f3 bajo el seud\u00f3nimo de Charlie Tonto?<\/strong><\/p>\n<\/div>\n<div id=\"element-body-42\" class=\"sc-45461e9c-0 eqiBeF container-text text-embed \">\n<p>-Yo era amigo de su hermano Carlos y de Adolfo Cambiaso, \u00e9ramos un grupo de amigos que nos \u00edbamos los fines de semana a Mar del Plata o Punta del Este. Ellos hac\u00edan surf e iban cada uno con su tabla y yo con mi guitarra. En uno de esos viajes, en el verano del \u201967, lo conoc\u00ed a Nono y una noche durante un fog\u00f3n en la playa cant\u00f3\u00a0<em>Tiritando<\/em>, una canci\u00f3n que hab\u00eda compuesto en Punta del Este. Cuando volv\u00ed a Buenos Aires la grab\u00e9, pero reci\u00e9n la pegu\u00e9 con\u00a0<em>Tiritando<\/em>\u00a0dos a\u00f1os despu\u00e9s. Un d\u00eda apareci\u00f3 Nono y me dijo: \u201cPuedo meterla en un aviso\u201d. Y la meti\u00f3 en una publicidad de cigarrillos con Liliana Caldini. De la noche a la ma\u00f1ana la canci\u00f3n fue un boom.<strong>\u00a0Me empezaron a salir shows a lo loco, recuerdo una noche de primavera del \u201869 que tuve doce actuaciones seguidas, \u00a1doce shows distintos! Empec\u00e9 a las seis de la tarde y termin\u00e9 a las diez de la ma\u00f1ana<\/strong>\u00a0(risas) Eran shows muy cortitos, veinte minutos y sal\u00edamos corriendo para otra actuaci\u00f3n y \u00a1as\u00ed toda la noche!<\/p>\n<\/div>\n<div id=\"element-body-43\" class=\"sc-45461e9c-0 eqiBeF container-text text-embed \">\n<p><strong>-Y entre las canciones, las pel\u00edculas y los \u00e9xitos conociste a tu mujer&#8230;<\/strong><\/p>\n<\/div>\n<div id=\"element-body-44\" class=\"sc-45461e9c-0 eqiBeF container-text text-embed \">\n<p>-A Ver\u00f3nica la conoc\u00ed en el a\u00f1o &#8217;67, salimos un par de veces y nos distanciamos varios a\u00f1os hasta que nos encontramos en Punta del Este en el verano del \u201973. Cinco meses despu\u00e9s, el 20 de julio nos casamos. El casamiento fue televisado por Teleonce en vivo y a cambio nos pagaron la fiesta en el Alvear, el vestido de novia, \u00a1todo! Y desde entonces estamos juntos. Tenemos cuatro hijos: Melody, Marina, Patrick y Miguel. Y nueve nietos: Vicky, Dami\u00e1n, Ana Paula, Isabela, Augusto, Nahuel, Aukan, Kai y Mikala.<\/p>\n<\/div>\n<div id=\"element-body-45\" class=\"sc-45461e9c-0 eqiBeF container-text text-embed \">\n<p><strong>-Sandro ten\u00eda a Anderle, Palito a Dino Ramos, \u00bfvos te arreglabas solo?<\/strong><\/p>\n<\/div>\n<div id=\"element-body-46\" class=\"sc-45461e9c-0 eqiBeF container-text text-embed \">\n<p>-No. Yo tuve un manager espectacular que fue mi hermano Alex, \u00e9l era mi mano derecha y despu\u00e9s fue representante de Luis Miguel y de Cristian Castro y le fue muy bien. Despu\u00e9s segu\u00ed siempre solo, hubo un tiempo que me dediqu\u00e9 a hacer televisi\u00f3n, luego viv\u00ed tres a\u00f1os en Miami cantando en Piano bares y cuando volv\u00ed me met\u00ed en la televisi\u00f3n. Por el a\u00f1o \u201882 empec\u00e9 a organizar eventos, shows m\u00edos y de otros m\u00fasicos, y a eso me he dedicado los \u00fa<\/p>\n<\/div>\n<div id=\"element-body-48\" class=\"sc-45461e9c-0 eqiBeF container-text text-embed \">\n<p><strong>-\u00bfTe fuiste a los Estados Unidos por el golpe militar?<\/strong><\/p>\n<\/div>\n<div id=\"element-body-49\" class=\"sc-45461e9c-0 eqiBeF container-text text-embed \">\n<p>-En realidad me fui porque ten\u00eda un contrato para actuar en las Antillas holandesas y justo el d\u00eda que sal\u00ed para Aruba fue la noche del golpe militar del \u201876. Estando all\u00e1, pens\u00e9: \u201c\u00bfQu\u00e9 hago ahora? \u00bfVuelvo a Buenos Aires?\u201d. Ya la vida social en Buenos Aires era accidentada debido a la conmoci\u00f3n pol\u00edtica que hab\u00eda y con el golpe militar sab\u00eda que iba a ser muy dif\u00edcil. Entonces me compr\u00e9 un pasaje a Miami, ah\u00ed estaba viviendo mi hermana Patricia que cantaba en los cruceros que iban a las Bahamas, con la idea de buscar trabajo. Cuando cerr\u00e9 mi primer contrato en los Estados Unidos la llam\u00e9 a Ver\u00f3nica, le dije que vendiera el auto y que se fuera con Melody, mi hija mayor, para all\u00e1. Estuve trabajando pr\u00e1cticamente todas las noches durante tres a\u00f1os.<\/p>\n<\/div>\n<div id=\"element-body-50\" class=\"sc-45461e9c-0 eqiBeF container-text text-embed \">\n<p><strong>-\u00bf&#8221;Scaba badi bidu&#8221; es el primer referente de la m\u00fasica reggae en el pa\u00eds?<\/strong><\/p>\n<\/div>\n<div id=\"element-body-51\" class=\"sc-45461e9c-0 eqiBeF container-text text-embed \">\n<p>-S\u00ed, fue el primero, dicho por Los Pericos. El Bahiano fue el que me dijo que\u00a0<em>Scaba Badi Bidu<\/em>\u00a0hab\u00eda sido el primer reggae grabado en castellano en el mundo, un hit m\u00edo del a\u00f1o \u201872 que fue disco de oro. Siempre me gust\u00f3 el reggae y la m\u00fasica de Bob Marley. \u00a1L\u00e1stima que no insist\u00ed con el reggae! Insist\u00ed m\u00e1s por el lado del\u00a0<em>Sucundum<\/em>&#8230;<\/p>\n<\/div>\n<div id=\"element-body-52\" class=\"sc-45461e9c-0 eqiBeF container-text text-embed \">\n<p><strong>\u00a0-\u00bfPens\u00e1s que sos uno de los \u00edconos de la m\u00fasica beat argentina?<\/strong><\/p>\n<\/div>\n<div id=\"element-body-53\" class=\"sc-45461e9c-0 eqiBeF container-text text-embed \">\n<p>-La palabra \u00edcono me parece un poco demasiado, hasta presuntuosa para definirme&#8230;\u00a0pero sin dudas fui parte de ese fen\u00f3meno de los a\u00f1os &#8217;70 que se dio en llamar \u201cM\u00fasica nacional\u201d y que fue el fen\u00f3meno anterior al rock nacional. Fueron tres o cuatro a\u00f1os muy intensos donde surgieron muchos grupos musicales, artistas solistas y compositores muy exitosos.<\/p>\n<\/div>\n<div class=\"sc-4306f4f9-0 bAPCpp\">\n<div class=\"inner-card-m\">\n<div class=\"related-content\">\n<div class=\"text\"><\/div>\n<\/div>\n<\/div>\n<\/div>\n<div id=\"element-body-55\" class=\"sc-45461e9c-0 eqiBeF container-text text-embed \">\n<p><strong>-Hay una versi\u00f3n tuya de &#8220;Tiritando&#8221; en ingl\u00e9s&#8230;<\/strong><\/p>\n<\/div>\n<div id=\"element-body-56\" class=\"sc-45461e9c-0 eqiBeF container-text text-embed \">\n<p>-S\u00ed, la grab\u00e9 en varios idiomas. En ingl\u00e9s, portugu\u00e9s, italiano y en japon\u00e9s&#8230; (la canta)<\/p>\n<\/div>\n<div id=\"element-body-57\" class=\"sc-98b114a2-0 bkqiHH image-embed  image-embed \"><picture class=\"sc-98b114a2-1 jRUlDm\"><source srcset=\"https:\/\/www.clarin.com\/img\/2020\/05\/12\/CfM-_2WOa_720x0__1.jpg\" media=\"(min-width: 975px)\" \/><img loading=\"lazy\" decoding=\"async\" src=\"https:\/\/www.clarin.com\/img\/2020\/05\/12\/CfM-_2WOa_720x0__1.jpg\" alt=\"Donald tuvo momentos de mucho dinero y otros con su familia en bancarrota. Fotp: Luciano Thieberger\" width=\"720\" height=\"480\" data-nimg=\"1\" data-readystate=\"complete\" \/><\/picture><span class=\"epigraphe\">Donald tuvo momentos de mucho dinero y otros con su familia en bancarrota. Fotp: Luciano Thieberger<\/span><\/div>\n<div id=\"element-body-58\" class=\"sc-45461e9c-0 eqiBeF container-text text-embed \">\n<p><strong>-\u00bfC\u00f3mo se dice Sucundum en japon\u00e9s?<\/strong><\/p>\n<\/div>\n<div id=\"element-body-59\" class=\"sc-45461e9c-0 eqiBeF container-text text-embed \">\n<p>-Sucundum sucundum \u00a1\u00a1\u00a1es universal!!! (risas) Lo aprend\u00ed por fon\u00e9tica te soy sincero.<\/p>\n<\/div>\n<div id=\"element-body-60\" class=\"sc-45461e9c-0 eqiBeF container-text text-embed \">\n<p><strong>-Contabas que dos de tus hijos viven en Hawaii\u00a0y tambi\u00e9n que cuando eras chico tus amigos hac\u00edan surf, pero vos ibas con la guitarra a cuestas, \u00bfaprendiste a surfear?\u00a0<\/strong><\/p>\n<\/div>\n<div id=\"element-body-61\" class=\"sc-45461e9c-0 eqiBeF container-text text-embed \">\n<p>-S\u00ed. Nunca fui un gran surfista, pero soy un gran especialista en ola chica (risas). Yo en cualquier espumita surfeo. En Hawaii una vez me met\u00ed en el mar con olas de siete metros y nunca rec\u00e9 tanto, estuve como una hora metido hasta que pude salir sano y salvo. Igual toda mi vida he sido muy deportista y he tenido mucha facilidad. Me luc\u00ed en el b\u00e9isbol, cuando ten\u00eda 11 o 12 a\u00f1os y formaba parte del equipo del colegio. Despu\u00e9s jugu\u00e9 al golf, al tenis y al f\u00fatbol por supuesto, pero era muy malo, muy patadura y me mandaban al arco.<\/p>\n<\/div>\n<div id=\"element-body-62\" class=\"sc-45461e9c-0 eqiBeF container-text text-embed \">\n<p><strong>-\u00a1Eras MaraDonald!<\/strong><\/p>\n<\/div>\n<div id=\"element-body-63\" class=\"sc-45461e9c-0 eqiBeF container-text text-embed \">\n<p>-\u00a1S\u00ed!, jaj\u00e1. \u00bfSab\u00e9s que a Maradona lo conoc\u00ed en el a\u00f1o &#8217;80 presentando un show en la Feria Internacional del Atl\u00e1ntico, en Mar del Plata? Era una gran feria, con muchos locales y un escenario central donde se presentaban n\u00fameros importantes, como<em>\u00a0El incre\u00edble Hulk<\/em>\u00a0(Lou Ferrigno), que vino especialmente para la feria. A m\u00ed me contrataron durante dos meses para presentar esos n\u00fameros, as\u00ed que iba todos los d\u00edas y una de las figuras era Maradona.<\/p>\n<\/div>\n<div id=\"element-body-64\" class=\"sc-45461e9c-0 eqiBeF container-text text-embed \">\n<p><strong>-\u00bf\u00c9l sab\u00eda qui\u00e9n eras vos?<\/strong><\/p>\n<\/div>\n<div id=\"element-body-65\" class=\"sc-45461e9c-0 eqiBeF container-text text-embed \">\n<p>-S\u00ed, \u00e9l conoce todo. Tuve una muy buena impresi\u00f3n, porque el motivo de su presencia era el juego: \u201cAtajale un penal a Maradona\u201d. L\u00f3gicamente se llen\u00f3 de chicos que iban con la ilusi\u00f3n de atajarle el penal, \u00e9l le pateaba a todos los chicos y todos los chicos se lo atajaban, al \u00fanico que le meti\u00f3 un gol fue a m\u00ed cuando me toc\u00f3 el turno de ir al arco (risas).<\/p>\n<\/div>\n<div id=\"element-body-66\" class=\"sc-45461e9c-0 eqiBeF container-text text-embed \">\n<p><strong>-Hoy est\u00e1n de moda los memes y ahora apareci\u00f3 uno con tu imagen y la frase \u201cchequen dengue\u201d, destacando que fuiste el precursor en una campa\u00f1a contra el dengue&#8230;<\/strong><\/p>\n<\/div>\n<div id=\"element-body-67\" class=\"sc-45461e9c-0 eqiBeF container-text text-embed \">\n<p>-\u00a1Es buen\u00edsimo ese meme! Muy ingenioso, con poquitas palabras y una foto armaron algo que se viraliz\u00f3. Fue una pegada y hasta me llamaron de un laboratorio que est\u00e1 lanzando unas toallitas anti mosquitos para usar la canci\u00f3n. Les dije que s\u00ed, as\u00ed que en cualquier momento sale. La canci\u00f3n ya cumpli\u00f3 51 a\u00f1os, es incre\u00edble pero estas cosas pasan.<\/p>\n<\/div>\n<div id=\"element-body-68\" class=\"sc-45461e9c-0 eqiBeF container-text text-embed \">\n<p><strong>-\u00bfQu\u00e9 quiere decir chequendengue?<\/strong><\/p>\n<\/div>\n<div id=\"element-body-69\" class=\"sc-45461e9c-0 eqiBeF container-text text-embed \">\n<p>-Chequendengue es una continuaci\u00f3n de las onomatopeyas: sucundum, racataca, sequeten&#8230; Me gusta mucho la m\u00fasica brasile\u00f1a, y el samba, sobre todo, usa mucho los sonidos que te dan ritmo y fue lo que llam\u00f3 la atenci\u00f3n. Es m\u00e1s, me hab\u00edan bautizado \u201cM\u00edster Sucundum\u201d.<\/p>\n<\/div>\n<div id=\"element-body-70\" class=\"sc-45461e9c-0 eqiBeF container-text text-embed \">\n<p><strong>-\u00bfQu\u00e9 sue\u00f1os te quedan por cumplir?<\/strong><\/p>\n<\/div>\n<div id=\"element-body-71\" class=\"sc-45461e9c-0 eqiBeF container-text text-embed \">\n<p>-Este a\u00f1o ten\u00eda pensado hacer mi gira de despedida y un manager muy importante me dijo que estaba interesado en organizarla, pero en la medida que no fuera la gira de despedida ya que me ve\u00eda muy bien. Eso fue antes de la cuarentena y no me volv\u00ed a comunicar con \u00e9l. Pero si no es esa, haremos otra.\u00a0<strong>Yo soy optimista por elecci\u00f3n. Esta actitud es la que siempre esgrim\u00ed contra viento y marea y es la que me ayud\u00f3 a vencer cualquier obst\u00e1culo o desaf\u00edo\u00a0<\/strong>que se interpusiese en mi camino. Por eso los momentos malos, que son parte de la vida, pude superarlos. En el a\u00f1o \u201971, sufr\u00ed un accidente muy grave. Volv\u00edamos por la avenida\u00a0Mitre de una actuaci\u00f3n en La Plata, yo iba en mi auto con cinco personas m\u00e1s, mi hermano Alex en otro auto y los m\u00fasicos en la combi. Me encandil\u00f3 un cami\u00f3n, hab\u00eda unos mojones haciendo un desv\u00edo que no estaba anunciado, en la oscuridad de la noche me los com\u00ed y me estrell\u00e9 contra la base de un terrapl\u00e9n. En ese momento me empez\u00f3 a venir una sensaci\u00f3n de par\u00e1lisis desde los tobillos hasta el pecho, porque hab\u00eda roto el volante con el estern\u00f3n. Pens\u00e9 que me mor\u00eda y pens\u00e9 en mam\u00e1. Empec\u00e9 a rezar en voz alta, a los gritos, y vi como una luz, como si fuera una pelotita de tenis que brillaba a la altura del tapasol y ah\u00ed me vino una gran tranquilidad y le dije a mis amigos: \u201cQu\u00e9dense tranquilos que estamos bien\u201d. Estuve un mes y medio inactivo, porque me quebr\u00e9 la cadera y me tuvieron que operar, pero me vino bien porque mi carrera ven\u00eda con mucho v\u00e9rtigo y ah\u00ed afloj\u00e9 un poco las riendas.<\/p>\n<\/div>\n<\/article>\n<\/section>\n<div class=\"list-authors has-border-top\">\n<div class=\"sc-4e7e5c5d-0 hgTTFo list-authors has-border-top speakable-author\">\n<div class=\"sc-4e7e5c5d-1 hjTmRa bottom-story\">\n<div class=\"author-info single-author flex-column\">\n<div>Nota publicada en diario Clar\u00edn \/ Graciela Gui\u00f1az\u00fa<\/div>\n<\/div>\n<\/div>\n<\/div>\n<\/div>\n","protected":false},"excerpt":{"rendered":"<p>Donald \u00a0\u00a0\u00b7\u00a0 9 de Julio de 1946 Hoy es mi cumplea\u00f1os #79 (9 de julio de 2025).<\/p>\n","protected":false},"author":3,"featured_media":29963,"comment_status":"open","ping_status":"open","sticky":false,"template":"","format":"standard","meta":{"footnotes":"","jetpack_publicize_message":"","jetpack_publicize_feature_enabled":true,"jetpack_social_post_already_shared":true,"jetpack_social_options":{"image_generator_settings":{"template":"highway","default_image_id":0,"font":"","enabled":false},"version":2}},"categories":[12],"tags":[3219,1899],"class_list":["post-29961","post","type-post","status-publish","format-standard","has-post-thumbnail","hentry","category-espectaculos","tag-cumpleanos","tag-donald"],"jetpack_publicize_connections":[],"jetpack_featured_media_url":"https:\/\/revistaepocadigital.com.ar\/wp-content\/uploads\/2025\/07\/donald-79.jpg","jetpack_likes_enabled":true,"_links":{"self":[{"href":"https:\/\/revistaepocadigital.com.ar\/index.php?rest_route=\/wp\/v2\/posts\/29961","targetHints":{"allow":["GET"]}}],"collection":[{"href":"https:\/\/revistaepocadigital.com.ar\/index.php?rest_route=\/wp\/v2\/posts"}],"about":[{"href":"https:\/\/revistaepocadigital.com.ar\/index.php?rest_route=\/wp\/v2\/types\/post"}],"author":[{"embeddable":true,"href":"https:\/\/revistaepocadigital.com.ar\/index.php?rest_route=\/wp\/v2\/users\/3"}],"replies":[{"embeddable":true,"href":"https:\/\/revistaepocadigital.com.ar\/index.php?rest_route=%2Fwp%2Fv2%2Fcomments&post=29961"}],"version-history":[{"count":0,"href":"https:\/\/revistaepocadigital.com.ar\/index.php?rest_route=\/wp\/v2\/posts\/29961\/revisions"}],"wp:featuredmedia":[{"embeddable":true,"href":"https:\/\/revistaepocadigital.com.ar\/index.php?rest_route=\/wp\/v2\/media\/29963"}],"wp:attachment":[{"href":"https:\/\/revistaepocadigital.com.ar\/index.php?rest_route=%2Fwp%2Fv2%2Fmedia&parent=29961"}],"wp:term":[{"taxonomy":"category","embeddable":true,"href":"https:\/\/revistaepocadigital.com.ar\/index.php?rest_route=%2Fwp%2Fv2%2Fcategories&post=29961"},{"taxonomy":"post_tag","embeddable":true,"href":"https:\/\/revistaepocadigital.com.ar\/index.php?rest_route=%2Fwp%2Fv2%2Ftags&post=29961"}],"curies":[{"name":"wp","href":"https:\/\/api.w.org\/{rel}","templated":true}]}}