{"id":29969,"date":"2025-07-10T01:28:58","date_gmt":"2025-07-10T04:28:58","guid":{"rendered":"https:\/\/revistaepocadigital.com.ar\/?p=29969"},"modified":"2025-07-10T23:27:03","modified_gmt":"2025-07-11T02:27:03","slug":"formula-1-red-bull-echo-a-christian-horner-en-numero-del-equipo","status":"publish","type":"post","link":"https:\/\/revistaepocadigital.com.ar\/?p=29969","title":{"rendered":"F\u00d3RMULA 1. RED BULL ECH\u00d3 A CHRISTIAN HORNER EL N\u00daMERO  DEL EQUIPO"},"content":{"rendered":"<div class=\"td-post-content td-pb-padding-side\">\n<p class=\"paragraph\"><strong>GAN\u00d3 TODO EN F\u00d3RMULA 1.<!--more--><\/strong><span id=\"more-230327\"><\/span><\/p>\n<p>Definitivamente en el olvido cay\u00f2 el romanticismo en la\u00a0<strong>F\u00f3rmula 1;<\/strong>\u00a0la valorizaci\u00f3n de los grandes logros deportivos, el respeto de los contratos, la superaci\u00f3n de diferencias en pos de la armon\u00eda, entre otros atributos que supieron caraterizarla.<\/p>\n<p>La F-1 de los a\u00f1os 2000, se ha convertido tambi\u00e9n, como el deporte n\u00famero uno en el mundo, en una\u00a0<strong>picadora de carne,<\/strong>\u00a0donde los resultados deportivos por m\u00e1s grandes que sean, a la hora de la verdad, prevalecen gigantes intereses y conveniencias.<\/p>\n<p class=\"paragraph\">Ha ratificado la visi\u00f3n de la F-1, la \u00abejecuci\u00f3n sumaria\u00bb (para el gran p\u00fablico) de\u00a0<strong>Christian Horner<\/strong>\u00a0por parte de\u00a0<strong>Red Bull<\/strong>. De la gloria y una permanencia que parec\u00eda no flaquear, al obligado e inmediato paso al costado obligado.<\/p>\n<p class=\"paragraph\">El reciente gran premio brit\u00e1nico, adem\u00e1s de otra abrumadora demostraci\u00f3n ganadora de McLaren, dio pie a una declaraci\u00f3n de\u00a0<strong>Max Verstappen<\/strong>\u00a0en alto volumen:<strong>\u00a0el campeonato 2025 est\u00e1 perdido<\/strong>\u00a0transmiti\u00f3 el ni\u00f1o mimado y con raz\u00f3n, Max, cu\u00e1druple campe\u00f3n, cuyo nombre de campanillas suena para que el pr\u00f3ximo contrato lo firme con\u00a0<strong>Mercedes.<\/strong><\/p>\n<p><iframe loading=\"lazy\" title=\"\ud83d\udd25\u00a1DESPIDEN A HORNER DE RED BULL! VERSTAPPEN lo MANDA FUERA...\ud83d\udd25\" src=\"https:\/\/www.youtube.com\/embed\/mPyz_CTcRGk?feature=oembed\" width=\"100%\" height=\"360\" frameborder=\"0\" allowfullscreen=\"allowfullscreen\" data-mce-fragment=\"1\"><\/iframe><\/p>\n<pre>\u00bfTodo vale?. Versiones.<\/pre>\n<p>Y as\u00ed, acumulados otros aspectos de dif\u00edcil resoluci\u00f3n, RB se\u00a0<strong>desprendi\u00f3 de un Horner<em>\u00a0intocable.<\/em>\u00a0T1sunami en la F-1 que abre un rumbo impredecible. Si cay\u00f3 Christian Horner, ninguno del mundillo de la F-1, tiene su silla asegurada; ninguno. Una muestra estruendosa.<\/strong><\/p>\n<p>Un antojadizo emparentamiento. Imaginate q<strong>ue River le metiera tarjeta roja directa y sin derecho a defensa, al \u00abMu\u00f1eco\u00bb Gallardo. El hombre, \u00eddolo eterno, quien condujo a los Millonarios a sus m\u00e1s grandes e hist\u00f3ricas conquistas. Incluyendo la memorable victoria en Madrid, ante Boca\u00a0<\/strong>(perdon\u00e1 si sos xeneize)<strong>, para alzar aquella Copa Libertadores de la gran controversia. Imposible, \u00bfno?<\/strong><\/p>\n<p><strong>\u00bfPor que se produjo el derrumbe<\/strong><br \/>\n<strong>de Horner, luego de dos d\u00e9cadas?<\/strong><\/p>\n<p>Entre las razones que tantos medios ya ten\u00edan anotadas, unas datan de unos a\u00f1os atr\u00e1s. As\u00ed como los medios del mundo,\u00a0Visionauto\u00a0se hizo eco de entuertos producidos en el campamento de Red Bull.<\/p>\n<p><strong>Evoquemos:<\/strong>\u00a0las diferencias y fuertes discusiones internas, en torno al funcionamiento del equipo, del rol y prioridades de Max Verstappen pretendidas por el neerland\u00e9s, y fogoneadas desde atr\u00e1s por Jos, su irascible padre. Eran conocidas por muchos medios, sin embargo nunca puestas sobre la mesa.<\/p>\n<p><iframe loading=\"lazy\" title=\"Filtran fotografias de la mujer empleada de Red Bull que acus\u00f3 a Christian Horner de acoso laboral\" src=\"https:\/\/www.youtube.com\/embed\/TKBE-cmisHY?feature=oembed\" width=\"100%\" height=\"360\" frameborder=\"0\" allowfullscreen=\"allowfullscreen\" data-mce-fragment=\"1\"><\/iframe><\/p>\n<p>El filoso episodio \u00bfhubo modo s\u00e1banas?, que deriv\u00f3 en espinosas derivaciones tratadas de disimular, por la suposici\u00f3n que Horner incurri\u00f3 en una\u00a0<b>conducta inapropiada<\/b>\u00a0con una bella empleada del equipo.<\/p>\n<p>Los roces y discusiones con un personaje discutido como\u00a0<b>Helmut Marko, el veterano ex piloto, asesor influyente y de armas llevar, cuando los resultados no sal\u00edan y los autos no funcionaban como era debido, e incluso en tiempos dulces. En este item no se puede soslayar la novela centralizada en Checo P\u00e9rez, casi permanente apuntado y cuestionado por Marko y, en un tono m\u00e1s discreto por Horner<\/b>.<\/p>\n<div class=\"inline ad-wrapper\">\n<div class=\"dfpAd ad-inline\">\n<p>Con Horner al frente, Red Bull, atraves\u00f3 la \u00e9poca m\u00e1s gloriosa de la escuder\u00eda en F-2. Con Sebastian Vettel como piloto, el equipo gan\u00f3 cuatro campeonatos consecutivos de pilotos y constructores entre 2010 y 2013, y Max Verstappen gan\u00f3 los \u00faltimos cuatro campeonatos de pilotos entre 2021 y 2024, adem\u00e1s de ser campe\u00f3n de constructores en 2022 y 2023. De los<b>\u00a0ocho mundiales de pilotos, inclu\u00eddos cuatro consecutivos desde 2021 gracias a Max Verstappen, hubo seis conquistas entre los constructores sumando a 124 triunfos y 287 podios<\/b>.<\/p>\n<p class=\"paragraph\"><strong>LA CLAVE.<\/strong><\/p>\n<\/div>\n<\/div>\n<p class=\"paragraph\"><strong>A nadie escapa el inter\u00e9s un\u00e1nime de Red Bull para retener a Max en Red Bull. Y nadie niega que RB al echar a Horner ha dado una muestra de lo que pueda hacer para retener a Max<\/strong><\/p>\n<p class=\"paragraph\">\u00a0\u00bfComo reaccion\u00f3 Max ante la salida de Horner. Lo hizo saber en sus desde las redes sociale \u201c<em>Desde mi primera victoria hasta cuatro campeonatos mundiales, hemos compartido \u00e9xitos incre\u00edbles. Ganando carreras memorables y batiendo innumerables r\u00e9cords. \u00a1Gracias por todo, Christian!\u201d.<\/em><\/p>\n<p><strong>QUIEN AGARRA EL VOLANTE<\/strong><\/p>\n<figure id=\"attachment_230340\" class=\"wp-caption aligncenter\" aria-describedby=\"caption-attachment-230340\"><a class=\"td-modal-image\" href=\"https:\/\/visionauto.com.ar\/wp-content\/uploads\/2025\/07\/laurent-mekies-es-EYA.jpg\"><img loading=\"lazy\" decoding=\"async\" class=\"size-medium wp-image-230340\" src=\"https:\/\/visionauto.com.ar\/wp-content\/uploads\/2025\/07\/laurent-mekies-es-EYA-300x248.jpg\" sizes=\"auto, (max-width: 300px) 100vw, 300px\" srcset=\"https:\/\/visionauto.com.ar\/wp-content\/uploads\/2025\/07\/laurent-mekies-es-EYA-300x248.jpg 300w, https:\/\/visionauto.com.ar\/wp-content\/uploads\/2025\/07\/laurent-mekies-es-EYA.jpg 429w\" alt=\"\" width=\"300\" height=\"248\" \/><\/a><figcaption id=\"caption-attachment-230340\" class=\"wp-caption-text\">El nuevo \u00ab1\u00bb, Mekies.<\/figcaption><\/figure>\n<p class=\"paragraph\">As\u00ed como repentina, sorpresiva, para los seguidores de la F-1 en el mundo, fue el despido de Horner, ocurri\u00f3 con la designaci\u00f3n del franc\u00e9s\u00a0<b>Laurent Mekies como nuevo CEO, su reemplazante. Cargo ya asumido por parte del hombre proveniente de<\/b>\u00a0Racing Bulls, cuyo pasado incluye la etapa en la FIA.<\/p>\n<figure id=\"attachment_230337\" class=\"wp-caption aligncenter\" aria-describedby=\"caption-attachment-230337\"><a class=\"td-modal-image\" href=\"https:\/\/visionauto.com.ar\/wp-content\/uploads\/2025\/07\/hor-bria.jpg\"><img loading=\"lazy\" decoding=\"async\" class=\"size-full wp-image-230337\" src=\"https:\/\/visionauto.com.ar\/wp-content\/uploads\/2025\/07\/hor-bria.jpg\" sizes=\"auto, (max-width: 500px) 100vw, 500px\" srcset=\"https:\/\/visionauto.com.ar\/wp-content\/uploads\/2025\/07\/hor-bria.jpg 500w, https:\/\/visionauto.com.ar\/wp-content\/uploads\/2025\/07\/hor-bria-219x300.jpg 219w, https:\/\/visionauto.com.ar\/wp-content\/uploads\/2025\/07\/hor-bria-307x420.jpg 307w\" alt=\"\" width=\"500\" height=\"685\" \/><\/a><figcaption id=\"caption-attachment-230337\" class=\"wp-caption-text\">Horner junto a Briatore. Arriba el posteo de Flavio en apoyo a ex-Red Bull, tambi\u00e9n rubricado por Colapinto. \u00bfPuede encontrar un nuevo destino Horner en Alpine, en tr\u00e1mite a una profunda renovaci\u00f3n?, o como comenz\u00f3 a circular, compra un equipo de F1.<\/figcaption><\/figure>\n<p class=\"paragraph\">A su vez,\u00a0<b>Alan Permane<\/b>, director de carreras en Red Bull, asum\u00eda como nuevo jefe de Verstappen y Juki Tsunoda; el japon\u00e9s quien una vez culminado el Mundial 2025, podr\u00eda seguir el mismo camino que Horner.<\/p>\n<p><strong>\u2014\u2014\u2014\u2014\u2014\u2014\u2014\u2014\u2013<\/strong><\/p>\n<figure id=\"attachment_230366\" class=\"wp-caption alignleft\" aria-describedby=\"caption-attachment-230366\"><a class=\"td-modal-image\" href=\"https:\/\/visionauto.com.ar\/wp-content\/uploads\/2025\/07\/de-villo-pabl.jpg\"><img loading=\"lazy\" decoding=\"async\" class=\"size-full wp-image-230366\" src=\"https:\/\/visionauto.com.ar\/wp-content\/uploads\/2025\/07\/de-villo-pabl.jpg\" sizes=\"auto, (max-width: 158px) 100vw, 158px\" srcset=\"https:\/\/visionauto.com.ar\/wp-content\/uploads\/2025\/07\/de-villo-pabl.jpg 158w, https:\/\/visionauto.com.ar\/wp-content\/uploads\/2025\/07\/de-villo-pabl-150x150.jpg 150w\" alt=\"\" width=\"158\" height=\"158\" \/><\/a><figcaption id=\"caption-attachment-230366\" class=\"wp-caption-text\">El espa\u00f1ol, Pablo de Villota (\u00ba)<\/figcaption><\/figure>\n<p>Posteos en X y Facebook de un sagaz observador de la F-1, y del automovilismo mundial,<\/p>\n<div class=\"css-175oi2r r-18u37iz\">\n<div class=\"css-175oi2r r-1iusvr4 r-16y2uox r-1777fci\">\n<div class=\"css-175oi2r r-zl2h9q\">\n<div class=\"css-175oi2r r-k4xj1c r-18u37iz r-1wtj0ep\">\n<div class=\"css-175oi2r r-1d09ksm r-18u37iz r-1wbh5a2\">\n<div class=\"css-175oi2r r-1wbh5a2 r-dnmrzs r-1ny4l3l\">\n<div id=\"id__0re2m1z6pw6k\" class=\"css-175oi2r r-1wbh5a2 r-dnmrzs r-1ny4l3l\" data-testid=\"User-Name\">\n<div class=\"css-175oi2r r-1awozwy r-18u37iz r-1wbh5a2 r-dnmrzs\">\n<div class=\"css-175oi2r r-1wbh5a2 r-dnmrzs\">\n<div class=\"css-175oi2r r-1awozwy r-18u37iz r-1wbh5a2 r-dnmrzs\">\n<div class=\"css-146c3p1 r-bcqeeo r-1ttztb7 r-qvutc0 r-1qd0xha r-a023e6 r-rjixqe r-b88u0q r-1awozwy r-6koalj r-1udh08x r-3s2u2q\" dir=\"ltr\"><strong><span class=\"css-1jxf684 r-dnmrzs r-1udh08x r-1udbk01 r-3s2u2q r-bcqeeo r-1ttztb7 r-qvutc0 r-poiln3\"><span class=\"css-1jxf684 r-bcqeeo r-1ttztb7 r-qvutc0 r-poiln3\">pablo de villota\u00a0<\/span><\/span>@pablodevillota<\/strong><\/div>\n<\/div>\n<\/div>\n<\/div>\n<\/div>\n<\/div>\n<\/div>\n<div class=\"css-175oi2r r-1kkk96v\">\n<div class=\"css-175oi2r r-1awozwy r-18u37iz r-1cmwbt1 r-1wtj0ep\">\n<div class=\"css-175oi2r r-1awozwy r-6koalj r-18u37iz\">\n<div class=\"css-175oi2r\">\n<div class=\"css-175oi2r r-18u37iz r-1h0z5md\">\n<div class=\"css-175oi2r r-18u37iz\">\n<div class=\"css-175oi2r r-1iusvr4 r-16y2uox r-1777fci\">\n<div class=\"css-175oi2r r-zl2h9q\">\n<div class=\"css-175oi2r r-k4xj1c r-18u37iz r-1wtj0ep\">\n<div class=\"css-175oi2r r-1d09ksm r-18u37iz r-1wbh5a2\">\n<div class=\"css-175oi2r r-1wbh5a2 r-dnmrzs r-1ny4l3l\">\n<div id=\"id__0re2m1z6pw6k\" class=\"css-175oi2r r-1wbh5a2 r-dnmrzs r-1ny4l3l\" data-testid=\"User-Name\">\n<div class=\"css-175oi2r r-1awozwy r-18u37iz r-1wbh5a2 r-dnmrzs\">\n<div class=\"css-175oi2r r-1wbh5a2 r-dnmrzs\">\n<div class=\"css-175oi2r r-1awozwy r-18u37iz r-1wbh5a2 r-dnmrzs\"><\/div>\n<\/div>\n<\/div>\n<div class=\"css-175oi2r r-18u37iz r-1wbh5a2\">\n<div class=\"css-175oi2r r-1d09ksm r-18u37iz r-1wbh5a2\">\n<div class=\"css-175oi2r r-1wbh5a2 r-dnmrzs\">\n<div class=\"css-146c3p1 r-dnmrzs r-1udh08x r-1udbk01 r-3s2u2q r-bcqeeo r-1ttztb7 r-qvutc0 r-1qd0xha r-a023e6 r-rjixqe r-16dba41 r-18u37iz r-1wvb978\" dir=\"ltr\"><\/div>\n<\/div>\n<\/div>\n<\/div>\n<\/div>\n<\/div>\n<\/div>\n<\/div>\n<\/div>\n<\/div>\n<\/div>\n<div class=\"css-175oi2r\">\n<div class=\"css-175oi2r\">\n<div class=\"css-175oi2r r-1s2bzr4\">\n<div dir=\"auto\" lang=\"es\" data-testid=\"tweetText\"><\/div>\n<div dir=\"auto\" lang=\"es\" data-testid=\"tweetText\"><\/div>\n<div id=\"id__ce269ytk3am\" class=\"css-146c3p1 r-bcqeeo r-1ttztb7 r-qvutc0 r-1qd0xha r-1inkyih r-16dba41 r-bnwqim r-135wba7\" dir=\"auto\" lang=\"es\" data-testid=\"tweetText\"><em><strong><span class=\"css-1jxf684 r-bcqeeo r-1ttztb7 r-qvutc0 r-poiln3\">Christian Horner siempre ha ambicionado ser due\u00f1o de un equipo. Y creo que lo va a conseguir. \u2018Bless in disguise\u00bb<\/span><\/strong><\/em><\/div>\n<\/div>\n<div dir=\"auto\" lang=\"es\" data-testid=\"tweetText\"><\/div>\n<\/div>\n<\/div>\n<div dir=\"auto\" lang=\"es\" data-testid=\"tweetText\">\n<section class=\"css-175oi2r\" role=\"region\" aria-labelledby=\"accessible-list-0\">\n<div class=\"css-175oi2r\" aria-label=\"Cronolog\u00eda: Conversaci\u00f3n\">\n<div class=\"css-175oi2r\" data-testid=\"cellInnerDiv\">\n<div class=\"css-175oi2r r-1igl3o0 r-qklmqi r-1adg3ll r-1ny4l3l\">\n<div class=\"css-175oi2r\">\n<article class=\"css-175oi2r r-18u37iz r-1udh08x r-1c4vpko r-1c7gwzm r-1ny4l3l\" tabindex=\"-1\" role=\"article\" aria-labelledby=\"id__oy9wgpx375f id__60kldm30htn id__z3ebed2sveb id__c2617dytpkg id__uc0bu8jc9v id__trvcog72w9 id__xszov2h2ed id__wwln0uwztgj id__1wk4tvkuipk id__aszdr79rvqv id__yswx3ic8y5b id__kc9n2cmnfkq id__r47dh5piqn id__v8rwz3wrzv id__9qde84pfvki id__wgmbi4a8yoq id__8wn9o3489tk id__f7qqtlwtfl5 id__0zp4pjtykrs id__e9muoj0orwk\" data-testid=\"tweet\">\n<div class=\"css-175oi2r r-eqz5dr r-16y2uox r-1wbh5a2\">\n<div class=\"css-175oi2r r-16y2uox r-1wbh5a2 r-1ny4l3l\">\n<div class=\"css-175oi2r r-18u37iz\">\n<div class=\"css-175oi2r r-1iusvr4 r-16y2uox r-1777fci\">\n<div class=\"css-175oi2r r-zl2h9q\">\n<div class=\"css-175oi2r r-k4xj1c r-18u37iz r-1wtj0ep\">\n<div class=\"css-175oi2r r-1kkk96v\">\n<div class=\"css-175oi2r r-1awozwy r-18u37iz r-1cmwbt1 r-1wtj0ep\">\n<div class=\"css-175oi2r r-1awozwy r-6koalj r-18u37iz\">\n<div class=\"css-175oi2r\">\n<div class=\"css-175oi2r r-18u37iz r-1h0z5md\"><\/div>\n<\/div>\n<\/div>\n<\/div>\n<\/div>\n<\/div>\n<\/div>\n<\/div>\n<\/div>\n<div class=\"css-175oi2r\">\n<div class=\"css-175oi2r\">\n<div class=\"css-175oi2r r-1s2bzr4\">\n<div id=\"id__yswx3ic8y5b\" class=\"css-146c3p1 r-bcqeeo r-1ttztb7 r-qvutc0 r-1qd0xha r-1inkyih r-16dba41 r-bnwqim r-135wba7\" dir=\"auto\" lang=\"es\" data-testid=\"tweetText\"><strong><em><span class=\"css-1jxf684 r-bcqeeo r-1ttztb7 r-qvutc0 r-poiln3\">Sobre el tema Christian Horner y Red Bull, hace ya m\u00e1 de un a\u00f1o mi colega\u00a0<\/span><span class=\"r-18u37iz\"><a class=\"css-1jxf684 r-bcqeeo r-1ttztb7 r-qvutc0 r-poiln3 r-1loqt21\" dir=\"ltr\" role=\"link\" href=\"https:\/\/x.com\/JavieRubioF1\">@JavieRubioF1\u00a0<\/a><\/span>y yo alert\u00e1bamos del asunto. \u00bfPor qu\u00e9 ahora y no entonces? Porque entonces quedaba un a\u00f1o de contrato y ahora tocaba renovar o no hacerlo. \u00bfPor qu\u00e9 salida inmediata? Para evitar venganzas.<\/em><\/strong><\/div>\n<\/div>\n<\/div>\n<\/div>\n<div dir=\"auto\" lang=\"es\" data-testid=\"tweetText\"><a class=\"td-modal-image\" href=\"https:\/\/visionauto.com.ar\/wp-content\/uploads\/2025\/07\/8.jpg\"><img loading=\"lazy\" decoding=\"async\" class=\"aligncenter size-full wp-image-230367\" src=\"https:\/\/visionauto.com.ar\/wp-content\/uploads\/2025\/07\/8.jpg\" sizes=\"auto, (max-width: 370px) 100vw, 370px\" srcset=\"https:\/\/visionauto.com.ar\/wp-content\/uploads\/2025\/07\/8.jpg 370w, https:\/\/visionauto.com.ar\/wp-content\/uploads\/2025\/07\/8-197x300.jpg 197w, https:\/\/visionauto.com.ar\/wp-content\/uploads\/2025\/07\/8-276x420.jpg 276w\" alt=\"\" width=\"370\" height=\"563\" \/><\/a><\/div>\n<div class=\"css-175oi2r\">\n<div class=\"css-175oi2r\">\n<div id=\"id__r47dh5piqn\" class=\"css-175oi2r r-9aw3ui r-1s2bzr4\" aria-labelledby=\"id__wmpg1nfhnt id__j4nnkestmpf\">\n<div class=\"css-175oi2r r-9aw3ui\">\n<div class=\"css-175oi2r\">\n<div class=\"css-175oi2r\">\n<div class=\"css-175oi2r r-1kqtdi0 r-1phboty r-rs99b7 r-1867qdf r-1udh08x r-o7ynqc r-6416eg r-1ny4l3l\">\n<div class=\"r-1adg3ll r-13qz1uu\">(\u00ba) Pablo cuenta con una larga experiencia en\u00a0<a href=\"https:\/\/proacomunicacion.es\/comunicacion-y-corporate-affairs\/mas-servicios\/\">el mundo del patrocinio y la comunicaci\u00f3n dentro del mundo del deporte y el autom\u00f3vil<\/a>.\u00a0En sus inicioscon su propia agencia desarroll\u00f3 innovadores programas de activaci\u00f3n de patrocinios para empresas como Audi, Bombardier, Seita (Gauloises), Diageo (Johnnie Walker), Quiksilver o Bridgestone. Luego durante siete a\u00f1os fue responsable global del patrocinio en F-1 del Banco Santander incluyendo acuerdos con el equipo Ferrari, McLaren y cuatro grandes premios. Ha colaborado con diversos medios de comunicaci\u00f3n.<\/div>\n<\/div>\n<\/div>\n<\/div>\n<\/div>\n<\/div>\n<\/div>\n<\/div>\n<\/div>\n<\/div>\n<\/article>\n<\/div>\n<\/div>\n<\/div>\n<\/div>\n<\/section>\n<\/div>\n<\/div>\n<\/div>\n<\/div>\n<\/div>\n<\/div>\n<\/div>\n<\/div>\n<\/div>\n<\/div>\n<div class=\"css-175oi2r\">\n<div class=\"css-175oi2r\">\n<div class=\"css-175oi2r r-1s2bzr4\">\n<div dir=\"auto\" lang=\"es\" data-testid=\"tweetText\"><strong>\u2014\u2014\u2014\u2014\u2014\u2014\u2014\u2014\u2013<\/strong><\/div>\n<div id=\"id__ce269ytk3am\" class=\"css-146c3p1 r-bcqeeo r-1ttztb7 r-qvutc0 r-1qd0xha r-1inkyih r-16dba41 r-bnwqim r-135wba7\" dir=\"auto\" lang=\"es\" data-testid=\"tweetText\"><b>\u00a0\u00a0<\/b><\/div>\n<\/div>\n<\/div>\n<\/div>\n<p class=\"paragraph\"><b>\u00bfPalabras huecas, de oca<em>si\u00f3n?. Oliver Mintzlaff por RB<\/em><\/b><em>, agradeci\u00f3 a Horner por su \u201cincansable compromiso, experiencia, conocimientos y pensamiento innovador\u201d<\/em>\u00a0que impulsaron a la escuder\u00eda como la m\u00e1s destacada de la F1.<\/p>\n<div class=\"td-a-rec td-a-rec-id-content_bottom td_uid_4_686f40856634f_rand td_block_template_1\"><\/div>\n<\/div>\n<p><!--more--><\/p>\n","protected":false},"excerpt":{"rendered":"<p>GAN\u00d3 TODO EN F\u00d3RMULA 1.<\/p>\n","protected":false},"author":4,"featured_media":29973,"comment_status":"open","ping_status":"open","sticky":false,"template":"","format":"standard","meta":{"footnotes":"","jetpack_publicize_message":"","jetpack_publicize_feature_enabled":true,"jetpack_social_post_already_shared":true,"jetpack_social_options":{"image_generator_settings":{"template":"highway","default_image_id":0,"font":"","enabled":false},"version":2}},"categories":[9],"tags":[2861,3220,2298],"class_list":["post-29969","post","type-post","status-publish","format-standard","has-post-thumbnail","hentry","category-deportes","tag-f1","tag-horner","tag-red-bull"],"jetpack_publicize_connections":[],"jetpack_featured_media_url":"https:\/\/revistaepocadigital.com.ar\/wp-content\/uploads\/2025\/07\/HORN.jpg","jetpack_likes_enabled":true,"_links":{"self":[{"href":"https:\/\/revistaepocadigital.com.ar\/index.php?rest_route=\/wp\/v2\/posts\/29969","targetHints":{"allow":["GET"]}}],"collection":[{"href":"https:\/\/revistaepocadigital.com.ar\/index.php?rest_route=\/wp\/v2\/posts"}],"about":[{"href":"https:\/\/revistaepocadigital.com.ar\/index.php?rest_route=\/wp\/v2\/types\/post"}],"author":[{"embeddable":true,"href":"https:\/\/revistaepocadigital.com.ar\/index.php?rest_route=\/wp\/v2\/users\/4"}],"replies":[{"embeddable":true,"href":"https:\/\/revistaepocadigital.com.ar\/index.php?rest_route=%2Fwp%2Fv2%2Fcomments&post=29969"}],"version-history":[{"count":0,"href":"https:\/\/revistaepocadigital.com.ar\/index.php?rest_route=\/wp\/v2\/posts\/29969\/revisions"}],"wp:featuredmedia":[{"embeddable":true,"href":"https:\/\/revistaepocadigital.com.ar\/index.php?rest_route=\/wp\/v2\/media\/29973"}],"wp:attachment":[{"href":"https:\/\/revistaepocadigital.com.ar\/index.php?rest_route=%2Fwp%2Fv2%2Fmedia&parent=29969"}],"wp:term":[{"taxonomy":"category","embeddable":true,"href":"https:\/\/revistaepocadigital.com.ar\/index.php?rest_route=%2Fwp%2Fv2%2Fcategories&post=29969"},{"taxonomy":"post_tag","embeddable":true,"href":"https:\/\/revistaepocadigital.com.ar\/index.php?rest_route=%2Fwp%2Fv2%2Ftags&post=29969"}],"curies":[{"name":"wp","href":"https:\/\/api.w.org\/{rel}","templated":true}]}}