{"id":29985,"date":"2025-07-11T00:07:40","date_gmt":"2025-07-11T03:07:40","guid":{"rendered":"https:\/\/revistaepocadigital.com.ar\/?p=29985"},"modified":"2025-07-11T00:07:40","modified_gmt":"2025-07-11T03:07:40","slug":"querido-luis","status":"publish","type":"post","link":"https:\/\/revistaepocadigital.com.ar\/?p=29985","title":{"rendered":"QUERIDO LUIS"},"content":{"rendered":"<p style=\"text-align: left;\">\u00b7<br \/>\n<strong>Querido Luis.<\/strong><\/p>\n<p style=\"text-align: left;\"><em>As\u00ed te voy a recordar siempre&#8230;<\/em><br \/>\n<em>Comprometido con la juventud, generoso, transmitiendo tu experiencia con simpleza y humildad, con la palabra justa en el momento indicado, una gran virtud.<\/em><br \/>\n<em>Cada vez que hablabas de los Leos dec\u00edas que no eran el futuro, eran el presente y por lo tanto hab\u00eda que darles todas las herramientas para que se conviertan en grandes l\u00edderes.<\/em><br \/>\n<em>En lo personal, me acompa\u00f1aste y me diste la posibilidad de ser Asesora Leo distrital y Nacional, una etapa de mi vida que jam\u00e1s voy a olvidar.<\/em><br \/>\n<em>Hasta siempre, que descanses en paz como tanto te lo mereces<\/em><\/p>\n<p>&nbsp;<\/p>\n<p>Por Norma Santill\u00e1n<\/p>\n<p>&nbsp;<\/p>\n<p>&nbsp;<\/p>\n<p>&nbsp;<\/p>\n","protected":false},"excerpt":{"rendered":"<p>\u00b7 Querido Luis. As\u00ed te voy a recordar siempre&#8230; Comprometido con la juventud, generoso, transmitiendo tu experiencia con simpleza y humildad, con la palabra justa en el momento indicado, una gran virtud. Cada vez que hablabas de los Leos dec\u00edas que no eran el futuro, eran el presente y por lo tanto hab\u00eda que darles [&hellip;]<\/p>\n","protected":false},"author":4,"featured_media":0,"comment_status":"open","ping_status":"open","sticky":false,"template":"","format":"standard","meta":{"footnotes":"","jetpack_publicize_message":"","jetpack_publicize_feature_enabled":true,"jetpack_social_post_already_shared":true,"jetpack_social_options":{"image_generator_settings":{"template":"highway","default_image_id":0,"font":"","enabled":false},"version":2}},"categories":[15],"tags":[3221,3050],"class_list":["post-29985","post","type-post","status-publish","format-standard","hentry","category-lo-que-tenes-que-saber","tag-luis-salonn","tag-santillan"],"jetpack_publicize_connections":[],"jetpack_featured_media_url":"","jetpack_likes_enabled":true,"_links":{"self":[{"href":"https:\/\/revistaepocadigital.com.ar\/index.php?rest_route=\/wp\/v2\/posts\/29985","targetHints":{"allow":["GET"]}}],"collection":[{"href":"https:\/\/revistaepocadigital.com.ar\/index.php?rest_route=\/wp\/v2\/posts"}],"about":[{"href":"https:\/\/revistaepocadigital.com.ar\/index.php?rest_route=\/wp\/v2\/types\/post"}],"author":[{"embeddable":true,"href":"https:\/\/revistaepocadigital.com.ar\/index.php?rest_route=\/wp\/v2\/users\/4"}],"replies":[{"embeddable":true,"href":"https:\/\/revistaepocadigital.com.ar\/index.php?rest_route=%2Fwp%2Fv2%2Fcomments&post=29985"}],"version-history":[{"count":0,"href":"https:\/\/revistaepocadigital.com.ar\/index.php?rest_route=\/wp\/v2\/posts\/29985\/revisions"}],"wp:attachment":[{"href":"https:\/\/revistaepocadigital.com.ar\/index.php?rest_route=%2Fwp%2Fv2%2Fmedia&parent=29985"}],"wp:term":[{"taxonomy":"category","embeddable":true,"href":"https:\/\/revistaepocadigital.com.ar\/index.php?rest_route=%2Fwp%2Fv2%2Fcategories&post=29985"},{"taxonomy":"post_tag","embeddable":true,"href":"https:\/\/revistaepocadigital.com.ar\/index.php?rest_route=%2Fwp%2Fv2%2Ftags&post=29985"}],"curies":[{"name":"wp","href":"https:\/\/api.w.org\/{rel}","templated":true}]}}