{"id":29991,"date":"2025-07-11T00:28:09","date_gmt":"2025-07-11T03:28:09","guid":{"rendered":"https:\/\/revistaepocadigital.com.ar\/?p=29991"},"modified":"2025-07-16T22:18:40","modified_gmt":"2025-07-17T01:18:40","slug":"kickboxing-lemuel-nassivera-debuta-como-profesional","status":"publish","type":"post","link":"https:\/\/revistaepocadigital.com.ar\/?p=29991","title":{"rendered":"Kickboxing. Lemuel Nassivera debut\u00f3 con gran triunfo por nocaut como profesional"},"content":{"rendered":"<div dir=\"ltr\"><strong><img loading=\"lazy\" decoding=\"async\" class=\"aligncenter size-full wp-image-30016\" src=\"https:\/\/revistaepocadigital.com.ar\/wp-content\/uploads\/2025\/07\/88.jpg\" alt=\"\" width=\"590\" height=\"395\" srcset=\"https:\/\/revistaepocadigital.com.ar\/wp-content\/uploads\/2025\/07\/88.jpg 590w, https:\/\/revistaepocadigital.com.ar\/wp-content\/uploads\/2025\/07\/88-300x201.jpg 300w\" sizes=\"auto, (max-width: 590px) 100vw, 590px\" \/>EL COMIENZO DE LA NUEVA ETAPA DE LA MEJOR MANERA.<\/strong><\/div>\n<p><!--more--><\/p>\n<div dir=\"ltr\">Y as\u00ed lo cont\u00f3 el capillense. &#8220;Ahora estoy mucho m\u00e1s tranquilo, despu\u00e9s de mi debut en el DANGER FIGHT, donde hice mi debu en una pelea internacional como debutante. Combat\u00ed en la categor\u00eda -71kg, despu\u00e9s de registar un peso de 67,600 kg&#8221;, cont\u00f3 Nassivera.<\/div>\n<div dir=\"ltr\"><\/div>\n<div dir=\"ltr\">\n<div dir=\"auto\">Y sobre la pelea dijo &#8220;fue dura, pero en todo momento conf\u00ede en m\u00ed y en mi equipo que estuvo en mi esquina del cuadril\u00e1tero. Hicimos un gran trabajo y as\u00ed pudimos traernos la victoria por nocaut en el segundo round,\u00a0 ante mi rival chileno&#8221;.<\/div>\n<div dir=\"auto\"><\/div>\n<\/div>\n<div dir=\"auto\">\n<figure id=\"attachment_30017\" aria-describedby=\"caption-attachment-30017\" style=\"width: 696px\" class=\"wp-caption aligncenter\"><img loading=\"lazy\" decoding=\"async\" class=\"size-large wp-image-30017\" src=\"https:\/\/revistaepocadigital.com.ar\/wp-content\/uploads\/2025\/07\/888-803x1200.jpg\" alt=\"\" width=\"696\" height=\"1040\" srcset=\"https:\/\/revistaepocadigital.com.ar\/wp-content\/uploads\/2025\/07\/888-803x1200.jpg 803w, https:\/\/revistaepocadigital.com.ar\/wp-content\/uploads\/2025\/07\/888-201x300.jpg 201w, https:\/\/revistaepocadigital.com.ar\/wp-content\/uploads\/2025\/07\/888-768x1148.jpg 768w, https:\/\/revistaepocadigital.com.ar\/wp-content\/uploads\/2025\/07\/888-1028x1536.jpg 1028w, https:\/\/revistaepocadigital.com.ar\/wp-content\/uploads\/2025\/07\/888-696x1040.jpg 696w, https:\/\/revistaepocadigital.com.ar\/wp-content\/uploads\/2025\/07\/888-1068x1597.jpg 1068w, https:\/\/revistaepocadigital.com.ar\/wp-content\/uploads\/2025\/07\/888-281x420.jpg 281w, https:\/\/revistaepocadigital.com.ar\/wp-content\/uploads\/2025\/07\/888-562x840.jpg 562w, https:\/\/revistaepocadigital.com.ar\/wp-content\/uploads\/2025\/07\/888.jpg 1370w\" sizes=\"auto, (max-width: 696px) 100vw, 696px\" \/><figcaption id=\"caption-attachment-30017\" class=\"wp-caption-text\">Con sus entrenadores<\/figcaption><\/figure>\n<\/div>\n<div dir=\"ltr\">\n<div dir=\"auto\"><\/div>\n<div dir=\"auto\">No olvid\u00f3 Lemuel de mencionar a quienes lo apoyan, &#8220;quiero agradecer a todos los que de coraz\u00f3n siempre est\u00e1n al pie del ca\u00f1\u00f3n conmigo, y me ayudab y me apoyan en mi carrera desde siempre, y ahora como pofesional; en especial a todos a mis sponsors que hacen que esto sea posible tambi\u00e9n como son <span class=\"html-span xdj266r x14z9mp xat24cr x1lziwak xexx8yu xyri2b x18d9i69 x1c1uobl x1hl2dhg x16tdsg8 x1vvkbs\"><a class=\"x1i10hfl xjbqb8w x1ejq31n x18oe1m7 x1sy0etr xstzfhl x972fbf x10w94by x1qhh985 x14e42zd x9f619 x1ypdohk xt0psk2 xe8uvvx xdj266r x14z9mp xat24cr x1lziwak xexx8yu xyri2b x18d9i69 x1c1uobl x16tdsg8 x1hl2dhg xggy1nq x1a2a7pz xkrqix3 x1sur9pj x1fey0fg x1s688f\" tabindex=\"0\" role=\"link\" href=\"https:\/\/www.facebook.com\/Revista-%C3%89poca-110710972289712\/?__cft__[0]=AZXx02nQXRKrJLMgJgoVcF4wk4EBF8CsVItnupuWS20ixGDWrdFAIq-nHPqfh4FKyldwVQ4vKCaf_cOVxqk9tYKULmCcpnD_5r3i9k5di9Fju6xkMzy5YIrqUVvkxo-Zco4&amp;__tn__=kK-R\"><span class=\"xt0psk2\"><span class=\"xjp7ctv\">Revista \u00c9poca<\/span><\/span><\/a><\/span> Carlos Saavedra, <span class=\"html-span xdj266r x14z9mp xat24cr x1lziwak xexx8yu xyri2b x18d9i69 x1c1uobl x1hl2dhg x16tdsg8 x1vvkbs\"><a class=\"x1i10hfl xjbqb8w x1ejq31n x18oe1m7 x1sy0etr xstzfhl x972fbf x10w94by x1qhh985 x14e42zd x9f619 x1ypdohk xt0psk2 xe8uvvx xdj266r x14z9mp xat24cr x1lziwak xexx8yu xyri2b x18d9i69 x1c1uobl x16tdsg8 x1hl2dhg xggy1nq x1a2a7pz xkrqix3 x1sur9pj x1fey0fg x1s688f\" tabindex=\"0\" role=\"link\" href=\"https:\/\/www.facebook.com\/pintureria.arcoiris.56?__cft__[0]=AZXx02nQXRKrJLMgJgoVcF4wk4EBF8CsVItnupuWS20ixGDWrdFAIq-nHPqfh4FKyldwVQ4vKCaf_cOVxqk9tYKULmCcpnD_5r3i9k5di9Fju6xkMzy5YIrqUVvkxo-Zco4&amp;__tn__=-]K-R\"><span class=\"xt0psk2\"><span class=\"xjp7ctv\">Pintureria Arco Iris<\/span><\/span><\/a><\/span> @CARNICERIA LA NUEVA, <span class=\"html-span xdj266r x14z9mp xat24cr x1lziwak xexx8yu xyri2b x18d9i69 x1c1uobl x1hl2dhg x16tdsg8 x1vvkbs\"><a class=\"x1i10hfl xjbqb8w x1ejq31n x18oe1m7 x1sy0etr xstzfhl x972fbf x10w94by x1qhh985 x14e42zd x9f619 x1ypdohk xt0psk2 xe8uvvx xdj266r x14z9mp xat24cr x1lziwak xexx8yu xyri2b x18d9i69 x1c1uobl x16tdsg8 x1hl2dhg xggy1nq x1a2a7pz xkrqix3 x1sur9pj x1fey0fg x1s688f\" tabindex=\"0\" role=\"link\" href=\"https:\/\/www.facebook.com\/profile.php?id=100082281157849&amp;__cft__[0]=AZXx02nQXRKrJLMgJgoVcF4wk4EBF8CsVItnupuWS20ixGDWrdFAIq-nHPqfh4FKyldwVQ4vKCaf_cOVxqk9tYKULmCcpnD_5r3i9k5di9Fju6xkMzy5YIrqUVvkxo-Zco4&amp;__tn__=-]K-R\"><span class=\"xt0psk2\"><span class=\"xjp7ctv\">Leoce Ind Umentaria<\/span><\/span><\/a><\/span> , @QUIMICA.I.E,\u00a0 @SAN MARTIN CONSTRUCCIONES,\u00a0 <span class=\"html-span xdj266r x14z9mp xat24cr x1lziwak xexx8yu xyri2b x18d9i69 x1c1uobl x1hl2dhg x16tdsg8 x1vvkbs\"><a class=\"x1i10hfl xjbqb8w x1ejq31n x18oe1m7 x1sy0etr xstzfhl x972fbf x10w94by x1qhh985 x14e42zd x9f619 x1ypdohk xt0psk2 xe8uvvx xdj266r x14z9mp xat24cr x1lziwak xexx8yu xyri2b x18d9i69 x1c1uobl x16tdsg8 x1hl2dhg xggy1nq x1a2a7pz xkrqix3 x1sur9pj x1fey0fg x1s688f\" tabindex=\"0\" role=\"link\" href=\"https:\/\/www.facebook.com\/idonnastoreimp?__cft__[0]=AZXx02nQXRKrJLMgJgoVcF4wk4EBF8CsVItnupuWS20ixGDWrdFAIq-nHPqfh4FKyldwVQ4vKCaf_cOVxqk9tYKULmCcpnD_5r3i9k5di9Fju6xkMzy5YIrqUVvkxo-Zco4&amp;__tn__=-]K-R\"><span class=\"xt0psk2\"><span class=\"xjp7ctv\">IDonna Store<\/span><\/span><\/a><\/span> <span class=\"html-span xdj266r x14z9mp xat24cr x1lziwak xexx8yu xyri2b x18d9i69 x1c1uobl x1hl2dhg x16tdsg8 x1vvkbs\"><a class=\"x1i10hfl xjbqb8w x1ejq31n x18oe1m7 x1sy0etr xstzfhl x972fbf x10w94by x1qhh985 x14e42zd x9f619 x1ypdohk xt0psk2 xe8uvvx xdj266r x14z9mp xat24cr x1lziwak xexx8yu xyri2b x18d9i69 x1c1uobl x16tdsg8 x1hl2dhg xggy1nq x1a2a7pz xkrqix3 x1sur9pj x1fey0fg x1s688f\" tabindex=\"0\" role=\"link\" href=\"https:\/\/www.facebook.com\/LDmaterialesenseco?__cft__[0]=AZXx02nQXRKrJLMgJgoVcF4wk4EBF8CsVItnupuWS20ixGDWrdFAIq-nHPqfh4FKyldwVQ4vKCaf_cOVxqk9tYKULmCcpnD_5r3i9k5di9Fju6xkMzy5YIrqUVvkxo-Zco4&amp;__tn__=-]K-R\"><span class=\"xt0psk2\"><span class=\"xjp7ctv\">LD Materialesenseco<\/span><\/span><\/a>,<\/span> @FORRAJERIA DEOLINDA y @CASA PARODI. Estoy muy contento, los tiempos de Dios son perfectos&#8221;.<span class=\"html-span xexx8yu xyri2b x18d9i69 x1c1uobl x1hl2dhg x16tdsg8 x1vvkbs x3nfvp2 x1j61x8r x1fcty0u xdj266r xat24cr xm2jcoa x1mpyi22 xxymvpz xlup9mm x1kky2od\"><img loading=\"lazy\" decoding=\"async\" class=\"xz74otr x15mokao x1ga7v0g x16uus16 xbiv7yw\" src=\"https:\/\/static.xx.fbcdn.net\/images\/emoji.php\/v9\/tfb\/1\/16\/1f64f_1f3fb.png\" alt=\"\ud83d\ude4f\ud83c\udffb\" width=\"16\" height=\"16\" \/><\/span><\/div>\n<\/div>\n<div dir=\"ltr\">\n<figure id=\"attachment_30018\" aria-describedby=\"caption-attachment-30018\" style=\"width: 585px\" class=\"wp-caption aligncenter\"><img loading=\"lazy\" decoding=\"async\" class=\"size-full wp-image-30018\" src=\"https:\/\/revistaepocadigital.com.ar\/wp-content\/uploads\/2025\/07\/8888.jpg\" alt=\"\" width=\"585\" height=\"384\" srcset=\"https:\/\/revistaepocadigital.com.ar\/wp-content\/uploads\/2025\/07\/8888.jpg 585w, https:\/\/revistaepocadigital.com.ar\/wp-content\/uploads\/2025\/07\/8888-300x197.jpg 300w\" sizes=\"auto, (max-width: 585px) 100vw, 585px\" \/><figcaption id=\"caption-attachment-30018\" class=\"wp-caption-text\">A cara de perro, as\u00ed fue la pelea que el capillense defini\u00f3\u00a0 r\u00e1pido.<\/figcaption><\/figure>\n<\/div>\n<div dir=\"ltr\"><\/div>\n<div dir=\"ltr\"><\/div>\n<h3 dir=\"ltr\" style=\"text-align: center;\"><strong>&#8212;&#8212;&#8212;&#8212;&#8212;&#8212;&#8212;&#8212;&#8212;&#8212;&#8212;&#8212;&#8211;<\/strong><\/h3>\n<div dir=\"ltr\">EN KICKBOXING, NASSIVERA DEBUTA COMO PROFESIONAL<\/div>\n<div dir=\"ltr\"><\/div>\n<div dir=\"ltr\"><strong>ESTE S\u00c1BADO 12 DE JULIO.<\/strong><\/div>\n<p><!--more--><\/p>\n<div dir=\"ltr\"><\/div>\n<div dir=\"ltr\">El ascendente deportisca capillense,<strong> Lemuel Nassivera,<\/strong> se enfrenta este s\u00e1bado 12 de julio en el Danger Figth, en una pelea internacional contra Chile \ud83c\udde6\ud83c\uddf7 vs \ud83c\udde8\ud83c\uddf1<em>. &#8220;Vuelvo a representar la bandera argentina, y estoy mucho m\u00e1s que listos para comenzar esta nueva e importante etapa en mi vida en kickboxing. Peleo en mi nueva etapa en la categor\u00eda -71kg, en la modalidad kickboxing profesional&#8221;<\/em>, coment\u00f3 Nassivera.<\/div>\n<div dir=\"ltr\">El combate tiene lugar en el complejo Deportivo Malvinas del Club Argentinos Juniors.<\/div>\n","protected":false},"excerpt":{"rendered":"<p>EL COMIENZO DE LA NUEVA ETAPA DE LA MEJOR MANERA.<\/p>\n","protected":false},"author":4,"featured_media":30069,"comment_status":"open","ping_status":"open","sticky":false,"template":"","format":"standard","meta":{"footnotes":"","jetpack_publicize_message":"","jetpack_publicize_feature_enabled":true,"jetpack_social_post_already_shared":true,"jetpack_social_options":{"image_generator_settings":{"template":"highway","default_image_id":0,"font":"","enabled":false},"version":2}},"categories":[9],"tags":[2210,3170],"class_list":["post-29991","post","type-post","status-publish","format-standard","has-post-thumbnail","hentry","category-deportes","tag-lemuel","tag-profesional"],"jetpack_publicize_connections":[],"jetpack_featured_media_url":"https:\/\/revistaepocadigital.com.ar\/wp-content\/uploads\/2025\/07\/88-1.jpg","jetpack_likes_enabled":true,"_links":{"self":[{"href":"https:\/\/revistaepocadigital.com.ar\/index.php?rest_route=\/wp\/v2\/posts\/29991","targetHints":{"allow":["GET"]}}],"collection":[{"href":"https:\/\/revistaepocadigital.com.ar\/index.php?rest_route=\/wp\/v2\/posts"}],"about":[{"href":"https:\/\/revistaepocadigital.com.ar\/index.php?rest_route=\/wp\/v2\/types\/post"}],"author":[{"embeddable":true,"href":"https:\/\/revistaepocadigital.com.ar\/index.php?rest_route=\/wp\/v2\/users\/4"}],"replies":[{"embeddable":true,"href":"https:\/\/revistaepocadigital.com.ar\/index.php?rest_route=%2Fwp%2Fv2%2Fcomments&post=29991"}],"version-history":[{"count":0,"href":"https:\/\/revistaepocadigital.com.ar\/index.php?rest_route=\/wp\/v2\/posts\/29991\/revisions"}],"wp:featuredmedia":[{"embeddable":true,"href":"https:\/\/revistaepocadigital.com.ar\/index.php?rest_route=\/wp\/v2\/media\/30069"}],"wp:attachment":[{"href":"https:\/\/revistaepocadigital.com.ar\/index.php?rest_route=%2Fwp%2Fv2%2Fmedia&parent=29991"}],"wp:term":[{"taxonomy":"category","embeddable":true,"href":"https:\/\/revistaepocadigital.com.ar\/index.php?rest_route=%2Fwp%2Fv2%2Fcategories&post=29991"},{"taxonomy":"post_tag","embeddable":true,"href":"https:\/\/revistaepocadigital.com.ar\/index.php?rest_route=%2Fwp%2Fv2%2Ftags&post=29991"}],"curies":[{"name":"wp","href":"https:\/\/api.w.org\/{rel}","templated":true}]}}