{"id":29993,"date":"2025-07-11T18:42:25","date_gmt":"2025-07-11T21:42:25","guid":{"rendered":"https:\/\/revistaepocadigital.com.ar\/?p=29993"},"modified":"2025-07-11T18:50:29","modified_gmt":"2025-07-11T21:50:29","slug":"corredor-ruta-8-cepral-continua-con-la-reestructuracion-del-servicio-electrico-en-barrios","status":"publish","type":"post","link":"https:\/\/revistaepocadigital.com.ar\/?p=29993","title":{"rendered":"CORREDOR RUTA 8. CEPRAL CONTIN\u00daA CON LA REESTRUCTURACI\u00d3N DEL SERVICIO EL\u00c9CTRICO EN BARRIOS"},"content":{"rendered":"<table class=\"yiv4315136667r10-o\" role=\"presentation\" border=\"0\" width=\"100%\" cellspacing=\"0\" cellpadding=\"0\" align=\"left\">\n<tbody>\n<tr>\n<td class=\"yiv4315136667r11-i yiv4315136667nl2go-default-textstyle\" valign=\"top\"><strong>INFORME DEL CONSEJO DE ADMINISTRACI\u00d3N.<!--more--><\/strong><\/p>\n<p>Estimados Usuarios:<\/p>\n<p>En estas semanas\u00a0<strong>continuamos con las tareas de mantenimiento y reestructuraci\u00f3n de redes del Servicio El\u00e9ctrico en los barrios del corredor Ruta N\u00b0 8.<\/strong><\/p>\n<p><strong>Avanzamos con mantenimiento y cambios de postaci\u00f3n de las redes de Telecomunicaciones,\u00a0<\/strong>como as\u00ed tambien en el<strong>\u00a0traslado del gabinete de interconexi\u00f3n de Fibra \u00d3ptica para Arroyo de la Cruz.<\/strong><\/p>\n<p>Recomendamos hacer un\u00a0<strong>uso eficiente de la energ\u00eda el\u00e9ctrica durante los meses de invierno para<\/strong>\u00a0no aumentar los consumos y\u00a0<strong>evitar altos montos en las pr\u00f3ximas facturas.<\/strong><\/p>\n<p><strong>Sumamos una nueva modalidad de pago<\/strong>\u00a0para nuestras facturas, ya est\u00e1 activo el pago\u00a0<strong>por QR<\/strong>\u00a0que viene impreso en las mismas.<\/p>\n<p>Volvemos a recordar<strong>\u00a0la necesidad de que los frentistas realicen el mantenimiento de sus \u00e1rboles y vegetaci\u00f3n para que no invadan el tendido de servicios p\u00fablicos. \u00a0<\/strong>De esta manera<strong>\u00a0se podr\u00e1 evitar que la ca\u00edda de los mismos da\u00f1en las redes dejando sin Servicios a miles de usuarios.<\/strong><\/p>\n<p>Crece nuestra alianza\u00a0<strong>Directv &#8211; Cepral<\/strong>\u00a0para que puedas ver la\u00a0<strong>Copa Mundial de Clubes en directo, con las mejores series y pel\u00edculas tambi\u00e9n.<\/strong><\/p>\n<h2 style=\"text-align: center;\">&#8212;&#8212;&#8212;&#8212;&#8212;&#8212;&#8212;&#8212;&#8212;&#8212;&#8212;&#8212;-<\/h2>\n<p>Con motivo de que<strong>\u00a0el Domingo 13 de julio se celebra el D\u00eda del Trabajador de la Electricidad, desde aqu\u00ed les compartimos nuestro saludo a todo nuestro Equipo.<\/strong><\/p>\n<p>&nbsp;<\/td>\n<\/tr>\n<\/tbody>\n<\/table>\n<p>&nbsp;<\/p>\n<p>&nbsp;<\/p>\n<table class=\"yiv4315136667r3-o\" role=\"presentation\" border=\"0\" width=\"550\" cellspacing=\"0\" cellpadding=\"0\" align=\"center\">\n<tbody>\n<tr>\n<td class=\"yiv4315136667r12-i\">\n<table role=\"presentation\" border=\"0\" width=\"100%\" cellspacing=\"0\" cellpadding=\"0\">\n<tbody>\n<tr>\n<td>\n<table class=\"yiv4315136667r12-i\" role=\"presentation\" border=\"0\" width=\"100%\" cellspacing=\"0\" cellpadding=\"0\">\n<tbody>\n<tr>\n<td height=\"0\">\u00ad<\/td>\n<\/tr>\n<\/tbody>\n<\/table>\n<\/td>\n<\/tr>\n<\/tbody>\n<\/table>\n<\/td>\n<\/tr>\n<\/tbody>\n<\/table>\n<table class=\"yiv4315136667r13-o\" role=\"presentation\" border=\"0\" width=\"550\" cellspacing=\"0\" cellpadding=\"0\" align=\"center\">\n<tbody>\n<tr>\n<td class=\"yiv4315136667r14-i\"><img decoding=\"async\" src=\"https:\/\/ecp.yusercontent.com\/mail?url=https%3A%2F%2F41sau.img.a.d.sendibm1.com%2Fim%2Fsh%2FwyiimfpD_PXU.jpg%3Fu%3DWtVElij8PJZGdKGqfz9i99ZhF2tgHvTG&amp;t=1752262830&amp;ymreqid=a1e28384-e738-286e-1cdf-e5001a01b600&amp;sig=N28algf_PO1p5gUXeJq6Fg--~D\" width=\"550\" border=\"0\" \/><\/td>\n<\/tr>\n<\/tbody>\n<\/table>\n<table class=\"yiv4315136667r3-o\" role=\"presentation\" border=\"0\" width=\"550\" cellspacing=\"0\" cellpadding=\"0\" align=\"center\">\n<tbody>\n<tr>\n<td class=\"yiv4315136667r12-i\">\n<table role=\"presentation\" border=\"0\" width=\"100%\" cellspacing=\"0\" cellpadding=\"0\">\n<tbody>\n<tr>\n<td>\n<table class=\"yiv4315136667r12-i\" role=\"presentation\" border=\"0\" width=\"100%\" cellspacing=\"0\" cellpadding=\"0\">\n<tbody>\n<tr>\n<td height=\"0\">\u00ad<\/td>\n<\/tr>\n<\/tbody>\n<\/table>\n<\/td>\n<\/tr>\n<\/tbody>\n<\/table>\n<\/td>\n<\/tr>\n<\/tbody>\n<\/table>\n<table class=\"yiv4315136667r13-o\" role=\"presentation\" border=\"0\" width=\"550\" cellspacing=\"0\" cellpadding=\"0\" align=\"center\">\n<tbody>\n<tr>\n<td class=\"yiv4315136667r14-i\"><img decoding=\"async\" src=\"https:\/\/ecp.yusercontent.com\/mail?url=https%3A%2F%2F41sau.img.a.d.sendibm1.com%2Fim%2Fsh%2Fi6vL_E1XNHO4.png%3Fu%3DWtVElij8PJZGdmbYsPY4F4jxIsHVGfBK&amp;t=1752262830&amp;ymreqid=a1e28384-e738-286e-1cdf-e5001a01b600&amp;sig=cdD_iN0pbwDO0DfKbBD0qQ--~D\" width=\"550\" border=\"0\" \/><\/td>\n<\/tr>\n<\/tbody>\n<\/table>\n<table class=\"yiv4315136667r10-o\" role=\"presentation\" border=\"0\" width=\"100%\" cellspacing=\"0\" cellpadding=\"0\" align=\"left\">\n<tbody>\n<tr>\n<td class=\"yiv4315136667r15-i yiv4315136667nl2go-default-textstyle\" align=\"left\" valign=\"top\">\n<div>\n<p><strong>Sumamos otra Modalidad de Pago<\/strong><\/p>\n<p>Para que \u00a0tengas m\u00e1s opciones que agilicen tus tr\u00e0mites,\u00a0<strong>ya est\u00e1 disponible el pago mediante QR<\/strong>. \u00a0Lo encontr\u00e1s impreso al lado de los c\u00f3digos de pago, en el margen inferior derecho de tu factura.<\/p>\n<p>Es muy simple:<\/p>\n<ul>\n<li>Ingresas a tu billetera virtual<\/li>\n<li>Seleccionas Pago por QR<\/li>\n<li>Scaneas el c\u00f3digo en tu factura y listo.<\/li>\n<\/ul>\n<p>\u00a1No te moviste de tu casa y tus servicios ya est\u00e1n pagos!<\/p>\n<p>&#8220;<strong>Porque tu tiempo vale y mucho&#8221;<\/strong><\/p>\n<\/div>\n<\/td>\n<\/tr>\n<\/tbody>\n<\/table>\n<table class=\"yiv4315136667r3-o\" role=\"presentation\" border=\"0\" width=\"550\" cellspacing=\"0\" cellpadding=\"0\" align=\"center\">\n<tbody>\n<tr>\n<td class=\"yiv4315136667r12-i\">\n<table role=\"presentation\" border=\"0\" width=\"100%\" cellspacing=\"0\" cellpadding=\"0\">\n<tbody>\n<tr>\n<td>\n<table class=\"yiv4315136667r12-i\" role=\"presentation\" border=\"0\" width=\"100%\" cellspacing=\"0\" cellpadding=\"0\">\n<tbody>\n<tr>\n<td height=\"0\">\u00ad<\/td>\n<\/tr>\n<\/tbody>\n<\/table>\n<\/td>\n<\/tr>\n<\/tbody>\n<\/table>\n<\/td>\n<\/tr>\n<\/tbody>\n<\/table>\n<table class=\"yiv4315136667r13-o\" role=\"presentation\" border=\"0\" width=\"550\" cellspacing=\"0\" cellpadding=\"0\" align=\"center\">\n<tbody>\n<tr>\n<td class=\"yiv4315136667r14-i\"><img decoding=\"async\" src=\"https:\/\/ecp.yusercontent.com\/mail?url=https%3A%2F%2F41sau.img.a.d.sendibm1.com%2Fim%2Fsh%2FjS11DW6lifL8.jpeg%3Fu%3DWtVElij8PJZGeEwH4pwQKzuDMhfKFOtO&amp;t=1752262830&amp;ymreqid=a1e28384-e738-286e-1cdf-e5001a01b600&amp;sig=MWM2BENQb0AH_EynKZnZJw--~D\" width=\"550\" border=\"0\" \/><\/td>\n<\/tr>\n<\/tbody>\n<\/table>\n<table class=\"yiv4315136667r10-o\" role=\"presentation\" border=\"0\" width=\"100%\" cellspacing=\"0\" cellpadding=\"0\" align=\"left\">\n<tbody>\n<tr>\n<td class=\"yiv4315136667r16-i yiv4315136667nl2go-default-textstyle\" align=\"left\" valign=\"top\">\n<div>\n<p><strong>TELECOMUNICACIONES:\u00a0<\/strong><\/p>\n<p><strong>Mantenimiento de Redes y Postaci\u00f3n:<\/strong><\/p>\n<p><strong>\u00a0<\/strong><strong>Nuestros equipos se encuentran realizando tareas de mantenimiento de las redes<\/strong>, retirando cableado de cobre y l\u00edneas en desuso en todos los barrios.<\/p>\n<p>Como as\u00ed tambi\u00e9n estamos renovando postaci\u00f3n y rectificaci\u00f3n de trazas.<\/p>\n<p><strong>Esta semana estuvimos trabajando sobre Ruta N\u00b0 192 entre Colectora Autov\u00eda N\u00b0 8 y Barrio Arturo Mateo.<\/strong><\/p>\n<\/div>\n<\/td>\n<\/tr>\n<\/tbody>\n<\/table>\n<table class=\"yiv4315136667r3-o\" role=\"presentation\" border=\"0\" width=\"550\" cellspacing=\"0\" cellpadding=\"0\" align=\"center\">\n<tbody>\n<tr>\n<td class=\"yiv4315136667r12-i\">\n<table role=\"presentation\" border=\"0\" width=\"100%\" cellspacing=\"0\" cellpadding=\"0\">\n<tbody>\n<tr>\n<td>\n<table class=\"yiv4315136667r12-i\" role=\"presentation\" border=\"0\" width=\"100%\" cellspacing=\"0\" cellpadding=\"0\">\n<tbody>\n<tr>\n<td height=\"0\">\u00ad<\/td>\n<\/tr>\n<\/tbody>\n<\/table>\n<\/td>\n<\/tr>\n<\/tbody>\n<\/table>\n<\/td>\n<\/tr>\n<\/tbody>\n<\/table>\n<table class=\"yiv4315136667r10-o\" role=\"presentation\" border=\"0\" width=\"100%\" cellspacing=\"0\" cellpadding=\"0\" align=\"left\">\n<tbody>\n<tr>\n<td class=\"yiv4315136667r17-i yiv4315136667nl2go-default-textstyle\" align=\"left\" valign=\"top\">\n<div>\n<p><strong>Bloqueo del sitio web de Celuapuestas\u00a0<\/strong><\/p>\n<p>Desde nuestros organismos de control nos solicitaron a todos los proveedores del Servicio de Internet que\u00a0<strong>bloquearamos los accesos al sitio de apuestas\u00a0<\/strong><a href=\"https:\/\/41sau.r.a.d.sendibm1.com\/mk\/cl\/f\/sh\/1t6Af4OiGsDg0dtECwUktAHTAZdnnO\/-3MUFxXLHtBV\" target=\"_blank\" rel=\"nofollow noopener noreferrer\"><strong>https:\/\/www1.celuapuestas.io\/<\/strong><\/a>\u00a0. \u00a0Mediante el mismo se estar\u00edan organizando juegos de azar sin contar con la autorizaci\u00f3n pertinente emanada de la autoridad jurisdiccional competente\u201d<\/p>\n<p><strong>Regulaci\u00f3n jur\u00eddica de los juegos\u00a0<\/strong><i><strong>online<\/strong><\/i><strong>\u00a0de apuestas en Argentina<\/strong><\/p>\n<p>Argentina no tiene una ley nacional sobre juegos en l\u00ednea. Hay 17 provincias que dictaron su propia legislaci\u00f3n. El gran problema consiste en los\u00a0<strong>sitios ilegales que no est\u00e1n sometidos a ning\u00fan control estatal<\/strong>\u00a0haciendo publicidad por redes sociales donde\u00a0<strong>incentivan a los adolescentes para que apuesten su dinero<\/strong>.<\/p>\n<p><strong>Recordamos que los menores de 18 a\u00f1os no pueden participar en apuestas.<\/strong><\/p>\n<\/div>\n<\/td>\n<\/tr>\n<\/tbody>\n<\/table>\n<table class=\"yiv4315136667r3-o\" role=\"presentation\" border=\"0\" width=\"550\" cellspacing=\"0\" cellpadding=\"0\" align=\"center\">\n<tbody>\n<tr>\n<td class=\"yiv4315136667r12-i\">\n<table role=\"presentation\" border=\"0\" width=\"100%\" cellspacing=\"0\" cellpadding=\"0\">\n<tbody>\n<tr>\n<td>\n<table class=\"yiv4315136667r12-i\" role=\"presentation\" border=\"0\" width=\"100%\" cellspacing=\"0\" cellpadding=\"0\">\n<tbody>\n<tr>\n<td height=\"0\">\u00ad<\/td>\n<\/tr>\n<\/tbody>\n<\/table>\n<\/td>\n<\/tr>\n<\/tbody>\n<\/table>\n<\/td>\n<\/tr>\n<\/tbody>\n<\/table>\n<p><img loading=\"lazy\" decoding=\"async\" class=\"aligncenter size-full wp-image-30001\" src=\"https:\/\/revistaepocadigital.com.ar\/wp-content\/uploads\/2025\/07\/b28d172e-18f9-40bc-b04b-1ed367fdfe5a.jpeg\" alt=\"\" width=\"1080\" height=\"1349\" \/><\/p>\n<p>&nbsp;<\/p>\n<table class=\"yiv4315136667r10-o\" role=\"presentation\" border=\"0\" width=\"100%\" cellspacing=\"0\" cellpadding=\"0\" align=\"left\">\n<tbody>\n<tr>\n<td class=\"yiv4315136667r18-i yiv4315136667nl2go-default-textstyle\" align=\"left\" valign=\"top\">\n<div>\n<p><strong>SERVICIO EL\u00c9CTRICO<\/strong>\u00a0&#8211; TAREAS DE MANTENIMIENTO<\/p>\n<p><strong>\u00a0<\/strong>El fin de semana\u00a0<strong>del 2 de julio y el mi\u00e9rcoles 9 estuvimos realizando tareas tareas de tendido y reestructuraci\u00f3n de redes en los tramos Barrio Los Pinos- Sakura y Barrio El Remanso-Sakura.<\/strong><\/p>\n<p>Seguimos invirtiendo en pos de mejorar nuestros servicios ante una poblaci\u00f3n en continuo crecimiento.<\/p>\n<p>&nbsp;<\/p>\n<\/div>\n<\/td>\n<\/tr>\n<\/tbody>\n<\/table>\n<table class=\"yiv4315136667r3-o\" role=\"presentation\" border=\"0\" width=\"550\" cellspacing=\"0\" cellpadding=\"0\" align=\"center\">\n<tbody>\n<tr>\n<td class=\"yiv4315136667r12-i\">\n<table role=\"presentation\" border=\"0\" width=\"100%\" cellspacing=\"0\" cellpadding=\"0\">\n<tbody>\n<tr>\n<td>\n<table class=\"yiv4315136667r12-i\" role=\"presentation\" border=\"0\" width=\"100%\" cellspacing=\"0\" cellpadding=\"0\">\n<tbody>\n<tr>\n<td height=\"0\">\u00ad<\/td>\n<\/tr>\n<\/tbody>\n<\/table>\n<\/td>\n<\/tr>\n<\/tbody>\n<\/table>\n<\/td>\n<\/tr>\n<\/tbody>\n<\/table>\n<table class=\"yiv4315136667r13-o\" role=\"presentation\" border=\"0\" width=\"550\" cellspacing=\"0\" cellpadding=\"0\" align=\"center\">\n<tbody>\n<tr>\n<td class=\"yiv4315136667r14-i\"><img decoding=\"async\" src=\"https:\/\/ecp.yusercontent.com\/mail?url=https%3A%2F%2F41sau.img.a.d.sendibm1.com%2Fim%2Fsh%2F-VFdsJkeFIHf.jpg%3Fu%3DWtVElij8PJZGf9bhTgj8WqEjUMQyCsJW&amp;t=1752262830&amp;ymreqid=a1e28384-e738-286e-1cdf-e5001a01b600&amp;sig=8AIbf7NMlYMGOJrg1nZMJw--~D\" width=\"550\" border=\"0\" \/><\/td>\n<\/tr>\n<\/tbody>\n<\/table>\n<table class=\"yiv4315136667r10-o\" role=\"presentation\" border=\"0\" width=\"100%\" cellspacing=\"0\" cellpadding=\"0\" align=\"left\">\n<tbody>\n<tr>\n<td class=\"yiv4315136667r11-i yiv4315136667nl2go-default-textstyle\" valign=\"top\">\n<div>\n<p><strong>&#8220;Ahorremos Energ\u00eda y Evitemos<\/strong><\/p>\n<p><strong>Montos Excesivos en Nuestros Consumos&#8221;<\/strong><\/p>\n<p>Ante las bajas temperaturas previstas para este invierno,<strong>\u00a0recomendamos hacer un uso eficiente de la energ\u00eda el\u00e9ctrica. \u00a0Recordamos que los consumos de junio y julio se ver\u00e1n reflejados en las facturas de agosto y septiembre.<\/strong><\/p>\n<p>\u00a1El fr\u00edo no tiene que significar un aumento en tu consumo de energ\u00eda!<\/p>\n<p><strong>Con peque\u00f1os cambios, pod\u00e9s mantener tu hogar c\u00e1lido y ahorrar en tu factura.<\/strong><\/p>\n<p>Pongamos en pr\u00e1ctica estas recomendaciones:<\/p>\n<p><strong>Ajustemos la temperatura de manera inteligente<\/strong><\/p>\n<ul>\n<li>Mant\u00e9n la calefacci\u00f3n entre 18\u00b0C y 23\u00b0C. Cada grado adicional aumenta el consumo energ\u00e9tico.<\/li>\n<li>Usa termostatos programables para regular la temperatura seg\u00fan tus horarios.<\/li>\n<\/ul>\n<p><strong>Aprovechemos la energ\u00eda solar y la luz natural<\/strong><\/p>\n<ul>\n<li>Abre cortinas y persianas durante el d\u00eda para que el sol caliente naturalmente tu hogar.<\/li>\n<li>Cierra cortinas al atardecer para conservar el calor.<\/li>\n<\/ul>\n<p><strong>Aislemos nuestros hogares<\/strong><\/p>\n<ul>\n<li>Usa burletes en puertas y ventanas para evitar corrientes de aire.<\/li>\n<li>Aseg\u00farate de que puertas y ventanas cierren bien y no permitan la entrada de aire fr\u00edo.<\/li>\n<\/ul>\n<p><strong>Usemos ropa adecuada para mantener el calor corporal<\/strong><\/p>\n<ul>\n<li>Usa varias capas de ropa, mant\u00e9n los pies y las manos abrigados.<\/li>\n<li>Usa mantas y cobijas para reducir la necesidad de subir la calefacci\u00f3n.<\/li>\n<\/ul>\n<p><strong>Optimicemos el uso de la calefacci\u00f3n<\/strong><\/p>\n<ul>\n<li>No dejes la calefacci\u00f3n encendida en habitaciones vac\u00edas.<\/li>\n<li>Apaga o reduce la calefacci\u00f3n cuando duermes o no est\u00e1s en casa.<\/li>\n<li>En caso de hogares y salamandras, extrema los cuidados para evitar incendios.<\/li>\n<\/ul>\n<p><strong>Mantengamos los electrodom\u00e9sticos en buen estado y no sobrecarguemos los enchufes<\/strong><\/p>\n<ul>\n<li>Limpia los filtros de los calefactores y radiadores para que funcionen eficientemente.<\/li>\n<li>Desconecta aparatos que no uses para evitar consumo en modo standby.<\/li>\n<li>No tener varios electrodom\u00e9sticos enchufados en un mismo toma corriente.<\/li>\n<li>Evita el uso de calefactores y caloventores con resistencia.<\/li>\n<\/ul>\n<p>&nbsp;<\/p>\n<p>Recordemos que<strong>\u00a0ahorrar energ\u00eda ayuda a reducir costos y a cuidar nuestro planeta.<\/strong><\/p>\n<p><i>Peque\u00f1as acciones diarias suman y contribuyen a un hogar m\u00e1s c\u00e1lido y econ\u00f3mico.<\/i><\/p>\n<p>\u00a1Muchas gracias!<\/p>\n<p>&nbsp;<\/p>\n<\/div>\n<\/td>\n<\/tr>\n<\/tbody>\n<\/table>\n<table class=\"yiv4315136667r3-o\" role=\"presentation\" border=\"0\" width=\"550\" cellspacing=\"0\" cellpadding=\"0\" align=\"center\">\n<tbody>\n<tr>\n<td class=\"yiv4315136667r12-i\">\n<table role=\"presentation\" border=\"0\" width=\"100%\" cellspacing=\"0\" cellpadding=\"0\">\n<tbody>\n<tr>\n<td>\n<table class=\"yiv4315136667r12-i\" role=\"presentation\" border=\"0\" width=\"100%\" cellspacing=\"0\" cellpadding=\"0\">\n<tbody>\n<tr>\n<td height=\"0\">\u00ad<\/td>\n<\/tr>\n<\/tbody>\n<\/table>\n<\/td>\n<\/tr>\n<\/tbody>\n<\/table>\n<\/td>\n<\/tr>\n<\/tbody>\n<\/table>\n<table class=\"yiv4315136667r13-o\" role=\"presentation\" border=\"0\" width=\"550\" cellspacing=\"0\" cellpadding=\"0\" align=\"center\">\n<tbody>\n<tr>\n<td class=\"yiv4315136667r14-i\"><img decoding=\"async\" src=\"https:\/\/ecp.yusercontent.com\/mail?url=https%3A%2F%2F41sau.img.a.d.sendibm1.com%2Fim%2Fsh%2FZLAfUl4NimV_.jpeg%3Fu%3DWtVElij8PJZGfbwPg77UclOzYBonBc1a&amp;t=1752262830&amp;ymreqid=a1e28384-e738-286e-1cdf-e5001a01b600&amp;sig=WS474VyCQpjjB1WNGGGB7w--~D\" width=\"550\" border=\"0\" \/><\/td>\n<\/tr>\n<\/tbody>\n<\/table>\n<table class=\"yiv4315136667r10-o\" role=\"presentation\" border=\"0\" width=\"100%\" cellspacing=\"0\" cellpadding=\"0\" align=\"left\">\n<tbody>\n<tr>\n<td class=\"yiv4315136667r19-i yiv4315136667nl2go-default-textstyle\" align=\"left\" valign=\"top\">\n<div>\n<p><strong>TELECOMUNICACIONES<\/strong><\/p>\n<p>Trasladamos y ya estamos instalando el gabinete de interconexi\u00f3n que nos permitir\u00e1 brindar el Servicio de Fibra \u00d3ptica a la Escuela N\u00b0 14 de<strong>\u00a0Arroyo de la Cruz<\/strong>.<\/p>\n<p>Continuamos firmando los convenios para sumar m\u00e1s usuarios de los barrios donde ya est\u00e1 disponible el Servicio Fibra \u00d3ptica en Tu Hogar.<\/p>\n<p>Recordamos que s\u00f3lo se piden datos de contacto,\u00a0<strong>nunca brindar datos personales como bancarios ni acceder a enlaces<\/strong>. Ante cualquier duda, por favor, comun\u00edquese al 02323 478111\/2.<\/p>\n<p>&nbsp;<\/p>\n<\/div>\n<\/td>\n<\/tr>\n<\/tbody>\n<\/table>\n<table class=\"yiv4315136667r3-o\" role=\"presentation\" border=\"0\" width=\"550\" cellspacing=\"0\" cellpadding=\"0\" align=\"center\">\n<tbody>\n<tr>\n<td class=\"yiv4315136667r12-i\">\n<table role=\"presentation\" border=\"0\" width=\"100%\" cellspacing=\"0\" cellpadding=\"0\">\n<tbody>\n<tr>\n<td>\n<table class=\"yiv4315136667r12-i\" role=\"presentation\" border=\"0\" width=\"100%\" cellspacing=\"0\" cellpadding=\"0\">\n<tbody>\n<tr>\n<td height=\"0\">\u00ad<\/td>\n<\/tr>\n<\/tbody>\n<\/table>\n<\/td>\n<\/tr>\n<\/tbody>\n<\/table>\n<\/td>\n<\/tr>\n<\/tbody>\n<\/table>\n<table class=\"yiv4315136667r13-o\" role=\"presentation\" border=\"0\" width=\"550\" cellspacing=\"0\" cellpadding=\"0\" align=\"center\">\n<tbody>\n<tr>\n<td class=\"yiv4315136667r14-i\"><img decoding=\"async\" src=\"https:\/\/ecp.yusercontent.com\/mail?url=https%3A%2F%2F41sau.img.a.d.sendibm1.com%2Fim%2Fsh%2Fu5w-_VuwxdCL.jpg%3Fu%3DWtVElij8PJZGg4H7sXVqigZFc1CcALje&amp;t=1752262830&amp;ymreqid=a1e28384-e738-286e-1cdf-e5001a01b600&amp;sig=nAFFCSCAWFoJLAyWTe_PNA--~D\" width=\"550\" border=\"0\" \/><\/td>\n<\/tr>\n<\/tbody>\n<\/table>\n<table class=\"yiv4315136667r10-o\" role=\"presentation\" border=\"0\" width=\"100%\" cellspacing=\"0\" cellpadding=\"0\" align=\"left\">\n<tbody>\n<tr>\n<td class=\"yiv4315136667r19-i yiv4315136667nl2go-default-textstyle\" align=\"left\" valign=\"top\">\n<div>\n<p><strong>Optimizaci\u00f3n del Servicio Fibra \u00d3ptica en T\u00fa Hogar<\/strong><\/p>\n<p>Queremos que vivas<strong>\u00a0una mejor experiencia de nuestro Servicio de Internet,<\/strong>\u00a0por eso te compartimos algunos tips que pueden ayudarte:<\/p>\n<p><strong>1. Reinicio del m\u00f3dem tras un corte de energ\u00eda<\/strong><\/p>\n<p>En caso de interrupci\u00f3n del suministro el\u00e9ctrico:<\/p>\n<ul>\n<li>Espera a que se restablezca la energ\u00eda.<\/li>\n<li>Si la se\u00f1al de internet no regresa en un plazo de 10 minutos:\n<ul>\n<li>Desenchufa el m\u00f3dem de la corriente el\u00e9ctrica.<\/li>\n<li>Espera al menos 60 segundos.<\/li>\n<li>Vuelve a enchufarlo y espera a que reinicie completamente.<\/li>\n<\/ul>\n<\/li>\n<\/ul>\n<p><strong>2. Ubicaci\u00f3n del m\u00f3dem<\/strong><\/p>\n<p>Para asegurar una cobertura WiFi \u00f3ptima:<\/p>\n<ul>\n<li>Coloca el m\u00f3dem en una ubicaci\u00f3n\u00a0<strong>central<\/strong>\u00a0del hogar.<\/li>\n<li>Aseg\u00farate de que est\u00e9\u00a0<strong>elevado al menos 1 metro del piso<\/strong>.<\/li>\n<li>Evita colocarlo sobre o cerca de\u00a0<strong>otros aparatos electr\u00f3nicos<\/strong>.<\/li>\n<li>Mant\u00e9n el m\u00f3dem alejado de\u00a0<strong>fuentes de interferencia<\/strong>, como hornos microondas o paredes gruesas.<\/li>\n<\/ul>\n<p><strong>3. Gesti\u00f3n de dispositivos conectados<\/strong><\/p>\n<ul>\n<li>Apaga o desconecta dispositivos que no est\u00e9n en uso para\u00a0<strong>reducir la carga de la red<\/strong>.<\/li>\n<li>Demasiados dispositivos activos simult\u00e1neamente pueden\u00a0<strong>afectar el rendimiento<\/strong>\u00a0general del WiFi.<\/li>\n<\/ul>\n<p><strong>4. Conexi\u00f3n por cable (Ethernet)<\/strong><\/p>\n<p>Para actividades que demandan alta velocidad y baja latencia (como juegos en l\u00ednea, videollamadas o streaming en 4K):<\/p>\n<ul>\n<li>Conecta directamente el dispositivo al m\u00f3dem usando un\u00a0<strong>cable Ethernet Cat 5e o superior<\/strong>.<\/li>\n<li>Esto garantiza\u00a0<strong>estabilidad y mayor velocidad<\/strong>\u00a0de conexi\u00f3n.<\/li>\n<\/ul>\n<p><strong>5. Uso de redes WiFi 2.4 GHz y 5 GHz<\/strong><\/p>\n<p>Los m\u00f3dems Movistar Fibra ofrecen dos bandas WiFi:<\/p>\n<div class=\"yiv4315136667table\">\n<table class=\"yiv4315136667default-table\">\n<thead>\n<tr>\n<th class=\"yiv4315136667table-header yiv4315136667nl2go-default-textstyle\"><strong>Banda<\/strong><\/th>\n<th class=\"yiv4315136667table-header yiv4315136667nl2go-default-textstyle\"><strong>Alcance<\/strong><\/th>\n<th class=\"yiv4315136667table-header yiv4315136667nl2go-default-textstyle\"><strong>Velocidad<\/strong><\/th>\n<th class=\"yiv4315136667table-header yiv4315136667nl2go-default-textstyle\"><strong>Recomendado para&#8230;<\/strong><\/th>\n<\/tr>\n<\/thead>\n<tbody>\n<tr>\n<td class=\"yiv4315136667table-data yiv4315136667nl2go-default-textstyle\">2.4 GHz<\/td>\n<td class=\"yiv4315136667table-data yiv4315136667nl2go-default-textstyle\">\u00a0M\u00e1s amplio<\/td>\n<td class=\"yiv4315136667table-data yiv4315136667nl2go-default-textstyle\">\u00a0Menor<\/td>\n<td class=\"yiv4315136667table-data yiv4315136667nl2go-default-textstyle\">Dispositivos alejados o de baja demanda<\/td>\n<\/tr>\n<tr>\n<td class=\"yiv4315136667table-data yiv4315136667nl2go-default-textstyle\">5 GHz<\/td>\n<td class=\"yiv4315136667table-data yiv4315136667nl2go-default-textstyle\">\u00a0M\u00e1s limitado<\/td>\n<td class=\"yiv4315136667table-data yiv4315136667nl2go-default-textstyle\">\u00a0Mayor<\/td>\n<td class=\"yiv4315136667table-data yiv4315136667nl2go-default-textstyle\">Dispositivos cercanos y de alta demanda<\/td>\n<\/tr>\n<\/tbody>\n<\/table>\n<\/div>\n<p>&nbsp;<\/p>\n<ul>\n<li>Se recomienda utilizar la red de\u00a0<strong>5 GHz<\/strong>\u00a0para obtener mayor velocidad, siempre que el dispositivo sea compatible.<\/li>\n<\/ul>\n<p><strong>6. Compatibilidad de dispositivos<\/strong><\/p>\n<ul>\n<li>Verifica que tus dispositivos (celulares, laptops, TVs, etc.) sean\u00a0<strong>compatibles con WiFi 5 GHz<\/strong>\u00a0para aprovechar al m\u00e1ximo la conexi\u00f3n.<\/li>\n<li>Equipos antiguos o de gama baja podr\u00edan no soportar esta banda y limitar la velocidad de navegaci\u00f3n.<\/li>\n<\/ul>\n<p><strong>7. Band Steering (Selecci\u00f3n autom\u00e1tica de banda)<\/strong><\/p>\n<ul>\n<li>El m\u00f3dem Movistar Fibra incluye\u00a0<strong>Band Steering<\/strong>, una funci\u00f3n que\u00a0<strong>permite que el dispositivo se conecte autom\u00e1ticamente a la banda con mejor se\u00f1al (2.4 o 5 GHz)<\/strong>.<\/li>\n<li>Esta funcionalidad requiere que el dispositivo\u00a0<strong>sea compatible<\/strong>\u00a0con la tecnolog\u00eda de cambio autom\u00e1tico de red.<\/li>\n<\/ul>\n<p>&nbsp;<\/p>\n<\/div>\n<\/td>\n<\/tr>\n<\/tbody>\n<\/table>\n<table class=\"yiv4315136667r10-o\" role=\"presentation\" border=\"0\" width=\"100%\" cellspacing=\"0\" cellpadding=\"0\" align=\"left\">\n<tbody>\n<tr>\n<td class=\"yiv4315136667r19-i yiv4315136667nl2go-default-textstyle\" align=\"left\" valign=\"top\">\n<div>\n<p>Seguimos trabajando<strong>\u00a0<\/strong>para tener a<strong>\u00a0todos nuestros barrios conectados con Servicios de Telecomunicaciones con tecnolog\u00eda de avanzada<\/strong>\u00a0para<strong>\u00a0facilitarles su trabajo, estudios y posibilidades de esparcimiento<\/strong>.<\/p>\n<p>&nbsp;<\/p>\n<\/div>\n<\/td>\n<\/tr>\n<\/tbody>\n<\/table>\n<table class=\"yiv4315136667r3-o\" role=\"presentation\" border=\"0\" width=\"550\" cellspacing=\"0\" cellpadding=\"0\" align=\"center\">\n<tbody>\n<tr>\n<td class=\"yiv4315136667r12-i\">\n<table role=\"presentation\" border=\"0\" width=\"100%\" cellspacing=\"0\" cellpadding=\"0\">\n<tbody>\n<tr>\n<td>\n<table class=\"yiv4315136667r12-i\" role=\"presentation\" border=\"0\" width=\"100%\" cellspacing=\"0\" cellpadding=\"0\">\n<tbody>\n<tr>\n<td height=\"0\">\u00ad<\/td>\n<\/tr>\n<\/tbody>\n<\/table>\n<\/td>\n<\/tr>\n<\/tbody>\n<\/table>\n<\/td>\n<\/tr>\n<\/tbody>\n<\/table>\n<table class=\"yiv4315136667r13-o\" role=\"presentation\" border=\"0\" width=\"550\" cellspacing=\"0\" cellpadding=\"0\" align=\"center\">\n<tbody>\n<tr>\n<td class=\"yiv4315136667r14-i\"><img decoding=\"async\" src=\"https:\/\/ecp.yusercontent.com\/mail?url=https%3A%2F%2F41sau.img.a.d.sendibm1.com%2Fim%2Fsh%2F9RU33LMxA2Jd.jpeg%3Fu%3DWtVElij8PJZGgWbq4xuCobjVfqaR95Ri&amp;t=1752262830&amp;ymreqid=a1e28384-e738-286e-1cdf-e5001a01b600&amp;sig=NCgfwCBTOvPymbe_6LlASQ--~D\" width=\"550\" border=\"0\" \/><\/td>\n<\/tr>\n<\/tbody>\n<\/table>\n<table class=\"yiv4315136667r10-o\" role=\"presentation\" border=\"0\" width=\"100%\" cellspacing=\"0\" cellpadding=\"0\" align=\"left\">\n<tbody>\n<tr>\n<td class=\"yiv4315136667r20-i yiv4315136667nl2go-default-textstyle\" align=\"left\" valign=\"top\">\n<div>\n<p><strong>CAMPA\u00d1A DE PODA Y CONCIENTIZACI\u00d3N \u00a0<\/strong><\/p>\n<p>&nbsp;<\/p>\n<p><strong>La importancia de mantener las redes libres de ramas.<\/strong><\/p>\n<p>&nbsp;<\/p>\n<p>Recordamos que\u00a0<strong>es responsabilidad de los vecinos frentistas \u00a0tomar los recaudos necesarios para evitar que las ramas de sus \u00e1rboles interfieran en la l\u00ednea de cableado<\/strong>.<\/p>\n<p>&nbsp;<\/p>\n<p>En estos \u00faltimos d\u00edas\u00a0<strong>hemos sufrido interrrupci\u00f3n de Servicios debido a tareas de poda efectuadas en zonas de Jular\u00f3 y El Remanso,<\/strong>\u00a0donde\u00a0<strong>ramas que cayeron sobre las redes cortaron los cables y dejaron por varias horas a numerosos usuarios sin Servicio<\/strong>.<\/p>\n<p>&nbsp;<\/p>\n<p>Recomendamos\u00a0<strong>realizar dichas tareas con personal id\u00f3neo y en caso de \u00e1rboles de gran tama\u00f1o, por favor \u00a0comunicarse previamente con nuestra Cooperativa para coordinar la bajada de los cables de la v\u00eda p\u00fablica<\/strong>.<\/p>\n<p>&nbsp;<\/p>\n<\/div>\n<\/td>\n<\/tr>\n<\/tbody>\n<\/table>\n<table class=\"yiv4315136667r13-o\" role=\"presentation\" border=\"0\" width=\"550\" cellspacing=\"0\" cellpadding=\"0\" align=\"center\">\n<tbody>\n<tr>\n<td class=\"yiv4315136667r14-i\"><img decoding=\"async\" src=\"https:\/\/ecp.yusercontent.com\/mail?url=https%3A%2F%2F41sau.img.a.d.sendibm1.com%2Fim%2Fsh%2FRQquJfA1lqBO.jpeg%3Fu%3D2BpAyz2gMiWncci5QY1rcU4DSlfPmZVsl0&amp;t=1752262830&amp;ymreqid=a1e28384-e738-286e-1cdf-e5001a01b600&amp;sig=zMfio7nrCVJlld3CPuLPxA--~D\" width=\"550\" border=\"0\" \/><\/td>\n<\/tr>\n<\/tbody>\n<\/table>\n<table class=\"yiv4315136667r10-o\" role=\"presentation\" border=\"0\" width=\"100%\" cellspacing=\"0\" cellpadding=\"0\" align=\"left\">\n<tbody>\n<tr>\n<td class=\"yiv4315136667r20-i yiv4315136667nl2go-default-textstyle\" align=\"left\" valign=\"top\">\n<div>\n<p>Esta foto es un simple ilustraci\u00f3n del da\u00f1o que puede ocasionar una rama de \u00e1rboles de gran porte sobre las redes de los Servicios,\u00a0<strong>como fue el caso de lo ocurrido el lunes 7 de julio en las calles Chamarrita y Golondrina.<\/strong><\/p>\n<p>&nbsp;<\/p>\n<p><strong>De esta manera, evitaremos dejar a miles de hogares sin los Servicios de Electricidad y Telecomunicaciones<\/strong>, ante una posible ca\u00edda de \u00e1rboles o ramas.<\/p>\n<p>&nbsp;<\/p>\n<p><i><strong>\u00a1Si lo podemos evitar, no es accidente!<\/strong><\/i><\/p>\n<\/div>\n<\/td>\n<\/tr>\n<\/tbody>\n<\/table>\n<table class=\"yiv4315136667r3-o\" role=\"presentation\" border=\"0\" width=\"550\" cellspacing=\"0\" cellpadding=\"0\" align=\"center\">\n<tbody>\n<tr>\n<td class=\"yiv4315136667r12-i\">\n<table role=\"presentation\" border=\"0\" width=\"100%\" cellspacing=\"0\" cellpadding=\"0\">\n<tbody>\n<tr>\n<td>\n<table class=\"yiv4315136667r12-i\" role=\"presentation\" border=\"0\" width=\"100%\" cellspacing=\"0\" cellpadding=\"0\">\n<tbody>\n<tr>\n<td height=\"0\">\u00ad<\/td>\n<\/tr>\n<\/tbody>\n<\/table>\n<\/td>\n<\/tr>\n<\/tbody>\n<\/table>\n<\/td>\n<\/tr>\n<\/tbody>\n<\/table>\n<table class=\"yiv4315136667r13-o\" role=\"presentation\" border=\"0\" width=\"550\" cellspacing=\"0\" cellpadding=\"0\" align=\"center\">\n<tbody>\n<tr>\n<td class=\"yiv4315136667r14-i\"><img decoding=\"async\" src=\"https:\/\/ecp.yusercontent.com\/mail?url=https%3A%2F%2F41sau.img.a.d.sendibm1.com%2Fim%2Fsh%2FHpJMtL9khPql.png%3Fu%3D2BpAyz2gMiWnceb4x3KqBiWFp5Ta94IchW&amp;t=1752262830&amp;ymreqid=a1e28384-e738-286e-1cdf-e5001a01b600&amp;sig=yEcqV8Bhk6eEbZAK16iYCA--~D\" width=\"550\" border=\"0\" \/><\/td>\n<\/tr>\n<\/tbody>\n<\/table>\n<table class=\"yiv4315136667r10-o\" role=\"presentation\" border=\"0\" width=\"100%\" cellspacing=\"0\" cellpadding=\"0\" align=\"left\">\n<tbody>\n<tr>\n<td class=\"yiv4315136667r19-i yiv4315136667nl2go-default-textstyle\" align=\"left\" valign=\"top\">\n<div>\n<p><strong>Consult\u00e1 en nuestra Administraci\u00f3n si quer\u00e9s disfrutar ya del Servicio\u00a0<\/strong><\/p>\n<p><strong>CEPRAL + DGO.<\/strong><\/p>\n<\/div>\n<\/td>\n<\/tr>\n<\/tbody>\n<\/table>\n<table class=\"yiv4315136667r3-o\" role=\"presentation\" border=\"0\" width=\"550\" cellspacing=\"0\" cellpadding=\"0\" align=\"center\">\n<tbody>\n<tr>\n<td class=\"yiv4315136667r12-i\">\n<table role=\"presentation\" border=\"0\" width=\"100%\" cellspacing=\"0\" cellpadding=\"0\">\n<tbody>\n<tr>\n<td>\n<table class=\"yiv4315136667r12-i\" role=\"presentation\" border=\"0\" width=\"100%\" cellspacing=\"0\" cellpadding=\"0\">\n<tbody>\n<tr>\n<td height=\"0\">\u00ad<\/td>\n<\/tr>\n<\/tbody>\n<\/table>\n<\/td>\n<\/tr>\n<\/tbody>\n<\/table>\n<\/td>\n<\/tr>\n<\/tbody>\n<\/table>\n<table class=\"yiv4315136667r13-o\" role=\"presentation\" border=\"0\" width=\"550\" cellspacing=\"0\" cellpadding=\"0\" align=\"center\">\n<tbody>\n<tr>\n<td class=\"yiv4315136667r14-i\"><img decoding=\"async\" src=\"https:\/\/ecp.yusercontent.com\/mail?url=https%3A%2F%2F41sau.img.a.d.sendibm1.com%2Fim%2Fsh%2FIHuD1oazX0Vp.jpg%3Fu%3D2BpAyz2gMiWncgU4TYdokwyIBPHkVZ5Me2&amp;t=1752262830&amp;ymreqid=a1e28384-e738-286e-1cdf-e5001a01b600&amp;sig=2fK0nYwQR_OFBipVFkzjQw--~D\" width=\"550\" border=\"0\" \/><\/td>\n<\/tr>\n<\/tbody>\n<\/table>\n<table class=\"yiv4315136667r10-o\" role=\"presentation\" border=\"0\" width=\"100%\" cellspacing=\"0\" cellpadding=\"0\" align=\"left\">\n<tbody>\n<tr>\n<td class=\"yiv4315136667r21-i yiv4315136667nl2go-default-textstyle\" align=\"left\" valign=\"top\">\n<div>\n<p><strong>CAMPA\u00d1A DE PREVENCI\u00d3N DE CIBERESTAFAS<\/strong><\/p>\n<p>&nbsp;<\/p>\n<p><strong>Cuidemos nuestro mundo digital<\/strong><\/p>\n<p><strong>&#8220;Ante el Ciberfraude: tu seguridad est\u00e1 en tus manos&#8221;<\/strong><\/p>\n<p>&nbsp;<\/p>\n<p>Desde nuestra Cooperativa seguimos alertando a nuestros usuarios para que est\u00e9n muy atentos y no caigan en las trampas de los ciberdelincuentes.<\/p>\n<p>&nbsp;<\/p>\n<p>Tener precauci\u00f3n frente a los avisos patrocinados que ofrecen grandes descuentos o premios en l\u00ednea.<\/p>\n<p>&nbsp;<\/p>\n<p><strong>\u00bfC\u00f3mo detectar promociones falsas en las redes sociales?<\/strong><\/p>\n<p>&nbsp;<\/p>\n<p>Buscar el tilde de verificaci\u00f3n de las cuentas, que puede ser dorada, azul o blanca, de acuerdo a cada red social.<\/p>\n<p>&nbsp;<\/p>\n<p>En caso de entidades bancarias, tener en cuenta que nunca pedir\u00e1n que ingrese claves o el Token para acceder a sus promociones.<\/p>\n<p>&nbsp;<\/p>\n<p><strong>Desconfi\u00e1 si te piden compartir o ingresar claves para acceder a premios.<\/strong><\/p>\n<p>&nbsp;<\/p>\n<p><strong>Te recordamos que de Cepral nunca te pediremos que ingreses a ning\u00fan link para realizar reclamos o recuperar tus Servicios.<\/strong><\/p>\n<p>&nbsp;<\/p>\n<p>&nbsp;<\/p>\n<\/div>\n<\/td>\n<\/tr>\n<\/tbody>\n<\/table>\n<table class=\"yiv4315136667r3-o\" role=\"presentation\" border=\"0\" width=\"550\" cellspacing=\"0\" cellpadding=\"0\" align=\"center\">\n<tbody>\n<tr>\n<td class=\"yiv4315136667r12-i\">\n<table role=\"presentation\" border=\"0\" width=\"100%\" cellspacing=\"0\" cellpadding=\"0\">\n<tbody>\n<tr>\n<td>\n<table class=\"yiv4315136667r12-i\" role=\"presentation\" border=\"0\" width=\"100%\" cellspacing=\"0\" cellpadding=\"0\">\n<tbody>\n<tr>\n<td height=\"0\">\u00ad<\/td>\n<\/tr>\n<\/tbody>\n<\/table>\n<\/td>\n<\/tr>\n<\/tbody>\n<\/table>\n<\/td>\n<\/tr>\n<\/tbody>\n<\/table>\n","protected":false},"excerpt":{"rendered":"<p>INFORME DEL CONSEJO DE ADMINISTRACI\u00d3N.<\/p>\n","protected":false},"author":4,"featured_media":30002,"comment_status":"open","ping_status":"open","sticky":false,"template":"","format":"standard","meta":{"footnotes":"","jetpack_publicize_message":"","jetpack_publicize_feature_enabled":true,"jetpack_social_post_already_shared":true,"jetpack_social_options":{"image_generator_settings":{"template":"highway","default_image_id":0,"font":"","enabled":false},"version":2}},"categories":[5],"tags":[],"class_list":["post-29993","post","type-post","status-publish","format-standard","has-post-thumbnail","hentry","category-aqui-parada-robles"],"jetpack_publicize_connections":[],"jetpack_featured_media_url":"https:\/\/revistaepocadigital.com.ar\/wp-content\/uploads\/2025\/07\/mail.jpeg","jetpack_likes_enabled":true,"_links":{"self":[{"href":"https:\/\/revistaepocadigital.com.ar\/index.php?rest_route=\/wp\/v2\/posts\/29993","targetHints":{"allow":["GET"]}}],"collection":[{"href":"https:\/\/revistaepocadigital.com.ar\/index.php?rest_route=\/wp\/v2\/posts"}],"about":[{"href":"https:\/\/revistaepocadigital.com.ar\/index.php?rest_route=\/wp\/v2\/types\/post"}],"author":[{"embeddable":true,"href":"https:\/\/revistaepocadigital.com.ar\/index.php?rest_route=\/wp\/v2\/users\/4"}],"replies":[{"embeddable":true,"href":"https:\/\/revistaepocadigital.com.ar\/index.php?rest_route=%2Fwp%2Fv2%2Fcomments&post=29993"}],"version-history":[{"count":0,"href":"https:\/\/revistaepocadigital.com.ar\/index.php?rest_route=\/wp\/v2\/posts\/29993\/revisions"}],"wp:featuredmedia":[{"embeddable":true,"href":"https:\/\/revistaepocadigital.com.ar\/index.php?rest_route=\/wp\/v2\/media\/30002"}],"wp:attachment":[{"href":"https:\/\/revistaepocadigital.com.ar\/index.php?rest_route=%2Fwp%2Fv2%2Fmedia&parent=29993"}],"wp:term":[{"taxonomy":"category","embeddable":true,"href":"https:\/\/revistaepocadigital.com.ar\/index.php?rest_route=%2Fwp%2Fv2%2Fcategories&post=29993"},{"taxonomy":"post_tag","embeddable":true,"href":"https:\/\/revistaepocadigital.com.ar\/index.php?rest_route=%2Fwp%2Fv2%2Ftags&post=29993"}],"curies":[{"name":"wp","href":"https:\/\/api.w.org\/{rel}","templated":true}]}}