{"id":29998,"date":"2025-07-11T18:29:32","date_gmt":"2025-07-11T21:29:32","guid":{"rendered":"https:\/\/revistaepocadigital.com.ar\/?p=29998"},"modified":"2025-07-11T18:33:13","modified_gmt":"2025-07-11T21:33:13","slug":"eden-no-tendra-atencion-comercial-presencial-el-proximo-lunes-14-de-julio","status":"publish","type":"post","link":"https:\/\/revistaepocadigital.com.ar\/?p=29998","title":{"rendered":"EDEN NO TENDR\u00c1 ATENCI\u00d3N COMERCIAL PRESENCIAL EL PR\u00d3XIMO LUNES 14 DE JULIO"},"content":{"rendered":"<p><strong>NOTA SERVICIO.<\/strong><!--more--><\/p>\n<p>EDEN informa que el lunes 14 de julio sus centros de atenci\u00f3n al usuario<br \/>\npermanecer\u00e1n cerrados debido a la conmemoraci\u00f3n del D\u00eda del Trabajador de la<br \/>\nEnerg\u00eda El\u00e9ctrica. Los usuarios podr\u00e1n realizar operaciones comerciales a trav\u00e9s del<br \/>\nWhatsApp 3364526944, la Oficina Virtual o de manera telef\u00f3nica al<br \/>\n0810-999-3336.<br \/>\nLa distribuidora recuerda a los usuarios que por inconvenientes en el servicio<br \/>\npodr\u00e1n solicitar asistencia t\u00e9cnica a trav\u00e9s del mencionado WhatsApp, desde el<br \/>\nsitio web www.edensa.com.ar, o telef\u00f3nicamente al 0800-999-3336.<br \/>\nA su vez, la empresa informa que el martes 15 de julio retomar\u00e1 la atenci\u00f3n<br \/>\npresencial en oficinas comerciales.<\/p>\n","protected":false},"excerpt":{"rendered":"<p>NOTA SERVICIO.<\/p>\n","protected":false},"author":3,"featured_media":29999,"comment_status":"open","ping_status":"open","sticky":false,"template":"","format":"standard","meta":{"footnotes":"","jetpack_publicize_message":"","jetpack_publicize_feature_enabled":true,"jetpack_social_post_already_shared":true,"jetpack_social_options":{"image_generator_settings":{"template":"highway","default_image_id":0,"font":"","enabled":false},"version":2}},"categories":[13],"tags":[39],"class_list":["post-29998","post","type-post","status-publish","format-standard","has-post-thumbnail","hentry","category-interes-general","tag-eden"],"jetpack_publicize_connections":[],"jetpack_featured_media_url":"https:\/\/revistaepocadigital.com.ar\/wp-content\/uploads\/2025\/07\/OOOOO.jpg","jetpack_likes_enabled":true,"_links":{"self":[{"href":"https:\/\/revistaepocadigital.com.ar\/index.php?rest_route=\/wp\/v2\/posts\/29998","targetHints":{"allow":["GET"]}}],"collection":[{"href":"https:\/\/revistaepocadigital.com.ar\/index.php?rest_route=\/wp\/v2\/posts"}],"about":[{"href":"https:\/\/revistaepocadigital.com.ar\/index.php?rest_route=\/wp\/v2\/types\/post"}],"author":[{"embeddable":true,"href":"https:\/\/revistaepocadigital.com.ar\/index.php?rest_route=\/wp\/v2\/users\/3"}],"replies":[{"embeddable":true,"href":"https:\/\/revistaepocadigital.com.ar\/index.php?rest_route=%2Fwp%2Fv2%2Fcomments&post=29998"}],"version-history":[{"count":0,"href":"https:\/\/revistaepocadigital.com.ar\/index.php?rest_route=\/wp\/v2\/posts\/29998\/revisions"}],"wp:featuredmedia":[{"embeddable":true,"href":"https:\/\/revistaepocadigital.com.ar\/index.php?rest_route=\/wp\/v2\/media\/29999"}],"wp:attachment":[{"href":"https:\/\/revistaepocadigital.com.ar\/index.php?rest_route=%2Fwp%2Fv2%2Fmedia&parent=29998"}],"wp:term":[{"taxonomy":"category","embeddable":true,"href":"https:\/\/revistaepocadigital.com.ar\/index.php?rest_route=%2Fwp%2Fv2%2Fcategories&post=29998"},{"taxonomy":"post_tag","embeddable":true,"href":"https:\/\/revistaepocadigital.com.ar\/index.php?rest_route=%2Fwp%2Fv2%2Ftags&post=29998"}],"curies":[{"name":"wp","href":"https:\/\/api.w.org\/{rel}","templated":true}]}}