{"id":30037,"date":"2025-07-16T17:49:52","date_gmt":"2025-07-16T20:49:52","guid":{"rendered":"https:\/\/revistaepocadigital.com.ar\/?p=30037"},"modified":"2025-07-16T18:16:26","modified_gmt":"2025-07-16T21:16:26","slug":"miranda-ahora-le-apunta-al-nacional-de-cross-country","status":"publish","type":"post","link":"https:\/\/revistaepocadigital.com.ar\/?p=30037","title":{"rendered":"MIRANDA AHORA LE APUNTA AL NACIONAL DE CROSS COUNTRY"},"content":{"rendered":"<div dir=\"ltr\"><strong>INCANSABLE, TENAZ Y LA ACTITUD QUE HAY QUE TENER.<\/strong><\/div>\n<div dir=\"ltr\"><\/div>\n<p><!--more--><\/p>\n<div dir=\"ltr\">Franco Miranda, el destacado atleta capillense con proyecci\u00f3n nacional como viene demostrandolo a medida que transcurre el tiempo, y este a\u00f1o en particular con una intenss actividad, se dispone a afrontar acaaso uno de sus mayores desaf\u00edos.<\/div>\n<div dir=\"ltr\"><\/div>\n<div dir=\"ltr\">As\u00ed lo cont\u00f3 a EPOCA, &#8220;estoy clasificado para correr mi primer campeonato Nacional de cross country que tiene alcance nacional. Yo hab\u00eda clasificado al Nacional en tres oportunidades anteriores para correr en pista, nunca me hab\u00eda clasificado para una prueba cross country. Sin dudas es una exigencia extrena, pero estoy confiado, me vengo preparando con todo para una competencia as\u00ed&#8221;.<\/div>\n<div dir=\"ltr\"><\/div>\n<div dir=\"ltr\">La prueba es el 19 de Julio pr\u00f3ximo.<\/div>\n<div dir=\"ltr\"><\/div>\n","protected":false},"excerpt":{"rendered":"<p>INCANSABLE, TENAZ Y LA ACTITUD QUE HAY QUE TENER.<\/p>\n","protected":false},"author":4,"featured_media":30043,"comment_status":"open","ping_status":"open","sticky":false,"template":"","format":"standard","meta":{"footnotes":"","jetpack_publicize_message":"","jetpack_publicize_feature_enabled":true,"jetpack_social_post_already_shared":true,"jetpack_social_options":{"image_generator_settings":{"template":"highway","default_image_id":0,"font":"","enabled":false},"version":2}},"categories":[6],"tags":[3224,3223],"class_list":["post-30037","post","type-post","status-publish","format-standard","has-post-thumbnail","hentry","category-barrios","tag-cross-country","tag-fran-miranda"],"jetpack_publicize_connections":[],"jetpack_featured_media_url":"https:\/\/revistaepocadigital.com.ar\/wp-content\/uploads\/2025\/07\/miran1.jpeg","jetpack_likes_enabled":true,"_links":{"self":[{"href":"https:\/\/revistaepocadigital.com.ar\/index.php?rest_route=\/wp\/v2\/posts\/30037","targetHints":{"allow":["GET"]}}],"collection":[{"href":"https:\/\/revistaepocadigital.com.ar\/index.php?rest_route=\/wp\/v2\/posts"}],"about":[{"href":"https:\/\/revistaepocadigital.com.ar\/index.php?rest_route=\/wp\/v2\/types\/post"}],"author":[{"embeddable":true,"href":"https:\/\/revistaepocadigital.com.ar\/index.php?rest_route=\/wp\/v2\/users\/4"}],"replies":[{"embeddable":true,"href":"https:\/\/revistaepocadigital.com.ar\/index.php?rest_route=%2Fwp%2Fv2%2Fcomments&post=30037"}],"version-history":[{"count":0,"href":"https:\/\/revistaepocadigital.com.ar\/index.php?rest_route=\/wp\/v2\/posts\/30037\/revisions"}],"wp:featuredmedia":[{"embeddable":true,"href":"https:\/\/revistaepocadigital.com.ar\/index.php?rest_route=\/wp\/v2\/media\/30043"}],"wp:attachment":[{"href":"https:\/\/revistaepocadigital.com.ar\/index.php?rest_route=%2Fwp%2Fv2%2Fmedia&parent=30037"}],"wp:term":[{"taxonomy":"category","embeddable":true,"href":"https:\/\/revistaepocadigital.com.ar\/index.php?rest_route=%2Fwp%2Fv2%2Fcategories&post=30037"},{"taxonomy":"post_tag","embeddable":true,"href":"https:\/\/revistaepocadigital.com.ar\/index.php?rest_route=%2Fwp%2Fv2%2Ftags&post=30037"}],"curies":[{"name":"wp","href":"https:\/\/api.w.org\/{rel}","templated":true}]}}