{"id":30047,"date":"2025-07-16T18:37:47","date_gmt":"2025-07-16T21:37:47","guid":{"rendered":"https:\/\/revistaepocadigital.com.ar\/?p=30047"},"modified":"2025-07-16T20:55:01","modified_gmt":"2025-07-16T23:55:01","slug":"el-programa-jovenes-y-memoria","status":"publish","type":"post","link":"https:\/\/revistaepocadigital.com.ar\/?p=30047","title":{"rendered":"El programa \u201cJ\u00f3venes y Memoria\u201d tambi\u00e9n se desarrollo en Capilla del Se\u00f1or"},"content":{"rendered":"<div class=\"post-header\"><\/div>\n<div><span data-huuid=\"15116450032878916320\">El Programa J\u00f3venes y Memoria, impulsado por la\u00a0<a class=\"uVhVib\" href=\"https:\/\/www.comisionporlamemoria.org\/jovenesymemoria\/el-programa\/\">Comisi\u00f3n Provincial por la Memoria de Buenos Aires<\/a>, es una\u00a0<mark class=\"QVRyCf\">iniciativa educativa que busca promover la investigaci\u00f3n y reflexi\u00f3n sobre el pasado reciente y los derechos humanos entre j\u00f3venes de escuelas y organizaciones sociales, pol\u00edticas y culturales de la provincia<\/mark>.\u00a0<\/span><span data-huuid=\"15116450032878918735\">El programa les permite a los participantes elaborar proyectos que aborden temas como la memoria hist\u00f3rica, la vulneraci\u00f3n de derechos y la construcci\u00f3n de la democracia.\u00a0<\/span><span data-huuid=\"15116450032878917054\">Adem\u00e1s, fomenta la participaci\u00f3n ciudadana y la construcci\u00f3n de memoria colectiva a trav\u00e9s de diversas actividade<\/span><\/div>\n<div><\/div>\n<div><\/div>\n<div><\/div>\n<div class=\"post-content\">\n<div class=\"addtoany_share_save_container addtoany_content addtoany_content_top\">\n<div data-a2a-url=\"https:\/\/xn--ellugareo-s6a.com.ar\/sociedad\/exaltacion-de-la-cruz-volvio-a-ser-sede-del-programa-jovenes-y-memoria\/\" data-a2a-title=\"Exaltaci\u00f3n de la Cruz volvi\u00f3 a ser sede del programa \u201cJ\u00f3venes y Memoria\u201d\"><strong>Exaltaci\u00f3n de La Cruz<\/strong><br \/>\nMartes 15 de Julio \u2013 13 a 16:30 horas<br \/>\nComplejo Universitario \u2013 San Martin N\u00b01025, Capilla del Se\u00f1or<\/div>\n<div data-a2a-url=\"https:\/\/xn--ellugareo-s6a.com.ar\/sociedad\/exaltacion-de-la-cruz-volvio-a-ser-sede-del-programa-jovenes-y-memoria\/\" data-a2a-title=\"Exaltaci\u00f3n de la Cruz volvi\u00f3 a ser sede del programa \u201cJ\u00f3venes y Memoria\u201d\"><\/div>\n<div data-a2a-url=\"https:\/\/xn--ellugareo-s6a.com.ar\/sociedad\/exaltacion-de-la-cruz-volvio-a-ser-sede-del-programa-jovenes-y-memoria\/\" data-a2a-title=\"Exaltaci\u00f3n de la Cruz volvi\u00f3 a ser sede del programa \u201cJ\u00f3venes y Memoria\u201d\"><\/div>\n<div class=\"a2a_kit a2a_kit_size_32 addtoany_list\" data-a2a-url=\"https:\/\/xn--ellugareo-s6a.com.ar\/sociedad\/exaltacion-de-la-cruz-volvio-a-ser-sede-del-programa-jovenes-y-memoria\/\" data-a2a-title=\"Exaltaci\u00f3n de la Cruz volvi\u00f3 a ser sede del programa \u201cJ\u00f3venes y Memoria\u201d\"><strong style=\"color: #111111; font-family: Roboto, sans-serif; font-size: 17px;\">El encuentro, destinado a estudiantes y docentes del distrito, San Antonio de Areco y Carmen de Areco, se llev\u00f3 a cabo en el Centro Universitario. Estuvo presente la historiadora de la Comisi\u00f3n Provincial por la Memoria, Ana Mar\u00eda Barletta.<!--more--><\/strong><\/div>\n<div data-a2a-url=\"https:\/\/xn--ellugareo-s6a.com.ar\/sociedad\/exaltacion-de-la-cruz-volvio-a-ser-sede-del-programa-jovenes-y-memoria\/\" data-a2a-title=\"Exaltaci\u00f3n de la Cruz volvi\u00f3 a ser sede del programa \u201cJ\u00f3venes y Memoria\u201d\"><\/div>\n<\/div>\n<p>En un ambiente colectivamente constructivo, Exaltaci\u00f3n de la Cruz volvi\u00f3 a ser el escenario de un nuevo Encuentro Regional del Programa \u201cJ\u00f3venes y Memoria\u201d. Esta vez, el Complejo Universitario de Capilla del Se\u00f1or recibi\u00f3 a decenas de estudiantes, docentes y coordinadores de distintos puntos de la regi\u00f3n, quienes se acercaron para compartir el proceso de trabajo de sus investigaciones vinculadas a la historia local, la identidad comunitaria y la memoria colectiva.<\/p>\n<p>La apertura del evento estuvo a cargo de la secretaria de Gobierno, Mar\u00eda Luz Bozzani, quien remarc\u00f3 la importancia de generar estos espacios de formaci\u00f3n y reflexi\u00f3n ciudadana.<\/p>\n<p>Durante la jornada participaron delegaciones escolares de San Antonio de Areco, Carmen de Areco y Exaltaci\u00f3n de la Cruz, junto a sus docentes y coordinadores. El trabajo consisti\u00f3 en compartir los avances y l\u00edneas de indagaci\u00f3n sobre temas relacionados con los derechos humanos, la historia reciente y los conflictos sociales que los j\u00f3venes consideran relevantes para sus comunidades.<\/p>\n<p>Entre los asistentes, estuvo presente la secretaria de Desarrollo de la Comunidad, Vanesa Russo, quien subray\u00f3 el entusiasmo de los participantes: \u201cVinieron diferentes chicos de escuelas secundarias para trabajar sobre distintas cuestiones que hacen a la historia de nuestro pueblo, interactuar e intercambiar experiencias. La verdad que es un hermoso encuentro que se da todos los a\u00f1os en el distrito y los chicos disfrutan mucho. Agradecemos a todos los que se prestan para que este intercambio sea siempre tan rico y tan bien utilizado por la juventud\u201d.<\/p>\n<p>La historiadora Ana Mar\u00eda Barletta, referente de la Comisi\u00f3n Provincial por la Memoria, tambi\u00e9n fue parte del encuentro y acompa\u00f1\u00f3 los debates que se dieron durante toda la jornada. \u201cFue un intercambio en donde se pudo conversar sobre cuestiones que afectan y preocupan a los estudiantes, inquietudes de ellos y sobre los que est\u00e1n dispuestos a investigar y conocer m\u00e1s para volverse responsables de los problemas de su comunidad\u201d, se\u00f1al\u00f3.<\/p>\n<p>El cierre de la jornada incluy\u00f3 una puesta en com\u00fan donde se hizo evidente el compromiso de los equipos con las tem\u00e1ticas elegidas. Recordemos que este programa contribuye a la reconstrucci\u00f3n de las historias locales relacionadas con las violaciones a los derechos humanos que son rescatados en los proyectos llevados a cabo por j\u00f3venes de toda la provincia de Buenos Aires.<\/p>\n<p>Cabe destacar que el Programa J\u00f3venes y Memoria, que ya lleva m\u00e1s de dos d\u00e9cadas, fue declarado de inter\u00e9s educativo tanto a nivel provincial como nacional. A trav\u00e9s de la resoluci\u00f3n 2024-479-GDEBA-SSEDGCYE, la Direcci\u00f3n de Cultura y Educaci\u00f3n bonaerense respalda oficialmente la participaci\u00f3n docente, justificando sus inasistencias en el marco de la XXIII convocatoria. Desde la organizaci\u00f3n del encuentro, agradecieron \u201ca todas las personas que fueron parte de este importante encuentro\u201d y felicitaron \u201ca los equipos por la participaci\u00f3n y la calidad de sus aportes\u201d.<\/p>\n<div class=\"addtoany_share_save_container addtoany_content addtoany_content_bottom\">Fuente: peri\u00f3dico El Lugare\u00f1o<\/div>\n<\/div>\n<p>&nbsp;<\/p>\n","protected":false},"excerpt":{"rendered":"<p>El Programa J\u00f3venes y Memoria, impulsado por la\u00a0Comisi\u00f3n Provincial por la Memoria de Buenos Aires, es una\u00a0iniciativa educativa que busca promover la investigaci\u00f3n y reflexi\u00f3n sobre el pasado reciente y los derechos humanos entre j\u00f3venes de escuelas y organizaciones sociales, pol\u00edticas y culturales de la provincia.\u00a0El programa les permite a los participantes elaborar proyectos que [&hellip;]<\/p>\n","protected":false},"author":3,"featured_media":0,"comment_status":"open","ping_status":"open","sticky":false,"template":"","format":"standard","meta":{"footnotes":"","jetpack_publicize_message":"","jetpack_publicize_feature_enabled":true,"jetpack_social_post_already_shared":true,"jetpack_social_options":{"image_generator_settings":{"template":"highway","default_image_id":0,"font":"","enabled":false},"version":2}},"categories":[11],"tags":[3225],"class_list":["post-30047","post","type-post","status-publish","format-standard","hentry","category-entidades","tag-programa-jovenes-y-memoria"],"jetpack_publicize_connections":[],"jetpack_featured_media_url":"","jetpack_likes_enabled":true,"_links":{"self":[{"href":"https:\/\/revistaepocadigital.com.ar\/index.php?rest_route=\/wp\/v2\/posts\/30047","targetHints":{"allow":["GET"]}}],"collection":[{"href":"https:\/\/revistaepocadigital.com.ar\/index.php?rest_route=\/wp\/v2\/posts"}],"about":[{"href":"https:\/\/revistaepocadigital.com.ar\/index.php?rest_route=\/wp\/v2\/types\/post"}],"author":[{"embeddable":true,"href":"https:\/\/revistaepocadigital.com.ar\/index.php?rest_route=\/wp\/v2\/users\/3"}],"replies":[{"embeddable":true,"href":"https:\/\/revistaepocadigital.com.ar\/index.php?rest_route=%2Fwp%2Fv2%2Fcomments&post=30047"}],"version-history":[{"count":0,"href":"https:\/\/revistaepocadigital.com.ar\/index.php?rest_route=\/wp\/v2\/posts\/30047\/revisions"}],"wp:attachment":[{"href":"https:\/\/revistaepocadigital.com.ar\/index.php?rest_route=%2Fwp%2Fv2%2Fmedia&parent=30047"}],"wp:term":[{"taxonomy":"category","embeddable":true,"href":"https:\/\/revistaepocadigital.com.ar\/index.php?rest_route=%2Fwp%2Fv2%2Fcategories&post=30047"},{"taxonomy":"post_tag","embeddable":true,"href":"https:\/\/revistaepocadigital.com.ar\/index.php?rest_route=%2Fwp%2Fv2%2Ftags&post=30047"}],"curies":[{"name":"wp","href":"https:\/\/api.w.org\/{rel}","templated":true}]}}