{"id":30053,"date":"2025-07-16T21:04:59","date_gmt":"2025-07-17T00:04:59","guid":{"rendered":"https:\/\/revistaepocadigital.com.ar\/?p=30053"},"modified":"2025-07-16T21:22:01","modified_gmt":"2025-07-17T00:22:01","slug":"elecciones-2025-nanni-a-alta-velocidad-en-la-segunda-seccion-electoral","status":"publish","type":"post","link":"https:\/\/revistaepocadigital.com.ar\/?p=30053","title":{"rendered":"ELECCIONES 2025. NANNI A ALTA VELOCIDAD EN LA SEGUNDA SECCI\u00d3N ELECTORAL"},"content":{"rendered":"<div class=\"post-content\">\n<div class=\"row-content--sidebar--gutter--marginBottom first-row flex-on-mobile\">\n<div class=\"content\">\n<article class=\"article-full section\">\n<div class=\"section-2-col article-header\">\n<div class=\"col 2-col\">\n<h2 class=\"h4 ff-16px-w700\">Mapa electoral en el norte bonaerense. El peronismo busca crecer en la segunda secci\u00f3n<\/h2>\n<h2 class=\"h3 ff-20px-w400\">En 2023, Uni\u00f3n por la Patria gan\u00f3 en 8 de los 15 distritos, mientras que en 2021 logr\u00f3 el triunfo en solo uno. Contra esos n\u00fameros buscar\u00e1 mejorar su representatividad en los concejos deliberantes de cara al 2027.<\/h2>\n<div class=\"author\">\n<div class=\"author-inner\">\n<div class=\"author-thumbnail\"><picture><source srcset=\"https:\/\/images.pagina12.com.ar\/styles\/width470\/public\/2023-11\/andresmiquel-confondo-200x200.png?itok=akLdntXU\" media=\"(width &lt;= 768px)\" \/><\/picture><\/div>\n<\/div>\n<\/div>\n<\/div>\n<\/div>\n<div class=\"section-2-col article-main-image\">\n<div class=\"col 1-col hide-on-mobile\">\n<div class=\"article-info \">\n<ul class=\"social-share-bar\">\n<li class=\"share telegram\">\n<div class=\"mceTemp\"><\/div>\n<\/li>\n<\/ul>\n<\/div>\n<\/div>\n<div class=\"col 2-col\">\n<div class=\"article-main-media-image__container\">\n<div class=\"image-wrapper\">\n<figure><picture><source srcset=\"https:\/\/images.pagina12.com.ar\/styles\/focal_3_2_700x467\/public\/2025-04\/930793-3a-5.jpg?h=a1e1a043&amp;itok=BmrG68IL\" media=\"(width &gt; 768px)\" \/><source srcset=\"https:\/\/images.pagina12.com.ar\/styles\/focal_3_2_470x313\/public\/2025-04\/930793-3a-5.jpg?h=a1e1a043&amp;itok=N6nYRr9u\" media=\"(width &lt;= 768px)\" \/><img decoding=\"async\" class=\" image\" src=\"https:\/\/images.pagina12.com.ar\/styles\/focal_3_2_470x313\/public\/2025-04\/930793-3a-5.jpg?h=a1e1a043&amp;itok=N6nYRr9u\" alt=\"Fernanda Astorino, Javier Mart\u00ednez y\u00a0Ricardo Alessandro, intendentes de Capit\u00e1n Sarmiento, Pergamino y Salto.\u00a0\" \/><\/picture><figcaption>Fernanda Astorino, Javier Mart\u00ednez y\u00a0Ricardo Alessandro, intendentes de Capit\u00e1n Sarmiento, Pergamino y Salto.\u00a0. Imagen: Imagen web<\/figcaption><\/figure>\n<\/div>\n<\/div>\n<\/div>\n<\/div>\n<div class=\"section-2-col article-main-content\">\n<div class=\"col 1-col cxense-articles\"><\/div>\n<div class=\"col 2-col\">\n<div class=\"article-main-content article-text \">\n<p>El interior de la provincia de Buenos Aires volvi\u00f3 a acompa\u00f1ar al peronismo en las elecciones de 2023, donde\u00a0<b>Axel Kicillof\u00a0<\/b>gan\u00f3 en siete de las ocho secciones electorales. As\u00ed fue en la\u00a0<b>Segunda<\/b>, que engloba al norte bonaerense. Con la irrupci\u00f3n de\u00a0<b>La Libertad Avanza<\/b>\u00a0y la descomposici\u00f3n de<b>\u00a0Juntos por el Cambio<\/b>,\u00a0<b>Uni\u00f3n por la Patria<\/b>\u00a0mejor\u00f3 su performance respecto al 2021 y espera consolidar su crecimiento en los concejos deliberantes en el marco del novedoso desdoblamiento electoral.<\/p>\n<p>Para tomar dimensi\u00f3n, la Segunda secci\u00f3n contiene a quince municipios con un total de 234 concejales. El 7 de septiembre se eligen la mitad de esas bancas, es decir, los 117 que alcanzaron sus lugares tras los comicios de 2021. A su vez, 11 diputados provinciales tambi\u00e9n pondr\u00e1n sus sillas en juego.<\/p>\n<div class=\"slot-available\"><\/div>\n<p>Seg\u00fan los datos de la<b>\u00a0Junta Electoral<\/b>, de los 117 concejales que se ponen sobre la mesa de estos comicios, 69 son del ex Juntos, 45 de Uni\u00f3n por la Patria y tres de dos agrupaciones vecinalistas. Es decir, los datos analizados toman como par\u00e1metro las listas de origen para cada concejal y legislador, dejando de lado los cambios de bando o fracturas.<\/p>\n<p>De todas maneras, con estas variables descartadas, los n\u00fameros quedaron anticuados para graficar la realidad de la secci\u00f3n producto de las \u00faltimas elecciones presidenciales donde hubo casi 650 mil electores habilitados. En 2023, el peronismo sum\u00f3 siete bancas respecto a lo obtenido dos a\u00f1os atr\u00e1s, mientras que el t\u00e1ndem macrista-radical-lilito perdi\u00f3 23 lugares en s\u00f3lo dos a\u00f1os. Por su parte, el partido de<b>\u00a0Javier Milei<\/b>\u00a0acumul\u00f3 19 sillas en los concejos deliberantes de la regi\u00f3n.<\/p>\n<div class=\"slot-available\"><\/div>\n<p>El escenario se puede ver, tambi\u00e9n, en los triunfos electorales y, en menor medida, en la recuperaci\u00f3n de intendencias por parte de Uni\u00f3n por la Patria. En la Segunda, el 2021 arroj\u00f3 victorias de Juntos en 14 de los 15 municipios, con s\u00f3lo una coronaci\u00f3n del ex Frente de Todos en\u00a0<b>San Pedro<\/b>. Pasado el contexto pand\u00e9mico y en la previa del balotaje entre Milei y\u00a0<b>Sergio Massa<\/b>, el peronismo obtuvo victorias en 8 de los 15 distritos y Juntos decreci\u00f3 a s\u00f3lo 7.<\/p>\n<p>En relaci\u00f3n al movimiento de las intendencias, hubo de todo un poco. El frente peronista recuper\u00f3\u00a0<b>Ramallo\u00a0<\/b>gracias a\u00a0<b>Mauro Polleti<\/b>, pero perdi\u00f3 el principal distrito de la secci\u00f3n,\u00a0<b>Z\u00e1rate<\/b>, a manos del\u00a0<b>PRO<\/b>. Por su parte, el macrismo, de manera intra frentista, le arrebat\u00f3 a la\u00a0<b>UCR\u00a0<\/b>el partido de\u00a0<b>Arrecifes<\/b>. Y, como contrapartida, meses atr\u00e1s el PRO perdi\u00f3 un municipio a manos de La Libertad Avanza tras el salto de\u00a0<b>Fernanda Astorino<\/b>\u00a0de\u00a0<b>Capit\u00e1n Sarmiento\u00a0<\/b>a las filas libertarias.<\/p>\n<h2><b>A poner segunda<\/b><\/h2>\n<p>La segunda secci\u00f3n electoral est\u00e1 integrada por los partidos de\u00a0<b>Arrecifes, Baradero, Capit\u00e1n Sarmiento, Carmen de Areco, Col\u00f3n, Exaltaci\u00f3n de la Cruz, Pergamino, Ramallo, Rojas, Salto, San Andr\u00e9s de Giles, San Antonio de Areco, San Nicol\u00e1s, San Pedro<\/b>\u00a0y<b>\u00a0Z\u00e1rate.<\/b><\/p>\n<p>La ciudad de cabecera es Pergamino, gobernada por<b>\u00a0Javier Mart\u00ednez<\/b>\u00a0del PRO. El partido que lidera\u00a0<b>Mauricio Macri<\/b>\u00a0pas\u00f3 a conducir 6 de los 15 distritos de la secci\u00f3n tras las \u00faltimas elecciones. Mart\u00ednez es uno de los dirigentes que no ve con buenos ojos una fusi\u00f3n con el mile\u00edsmo y ceder terreno en las listas.<\/p>\n<div class=\"slot-available\"><\/div>\n<p>Dada la reci\u00e9n foto de\u00a0<b>Cristian Ritondo\u00a0<\/b>y\u00a0<b>Diego Santilli<\/b>, el futuro resulta incierto a partir de la indefinici\u00f3n del propio Macri. Adem\u00e1s, con el agregado no menor de los futuros resultados de las elecciones en la Ciudad de Buenos Aires donde libertarios y amarillos se tiran con munici\u00f3n gruesa.<\/p>\n<p>De todas maneras, si se toman los resultados de los \u00faltimos comicios, el peronismo alcanz\u00f3 nuevamente una victoria tanto en la tira de la boleta que llev\u00f3 a Kicillof como candidato a gobernador, como en la de legisladores provinciales. En 2021, por el contrario, luego de un buen triunfo en 2019, perdi\u00f3 alrededor de cien mil votos en dos a\u00f1os.<\/p>\n<p>As\u00ed las cosas, Baradero pone en juego cuatros bancas de Juntos por el Cambio y cuatro del ex Frente de Todos.\u00a0<b>Esteban Sanzio<\/b>\u00a0revirti\u00f3 los n\u00fameros de 2021 y espera sostener el control del concejo local donde tiene 9 de los 16 concejales. Una situaci\u00f3n similar transita\u00a0<b>Diego Nanni<\/b>, que revalid\u00f3 su gesti\u00f3n en 2023 y arriesga tres bancas contra cuatro del ex Juntos.<\/p>\n<div class=\"slot-available\"><\/div>\n<p>El escenario m\u00e1s complejo se da en Capit\u00e1n Sarmiento, donde Fernanda Astorino sell\u00f3 su pase a La Libertad Avanza a principios de 2025 de la mano de\u00a0<b>Sebasti\u00e1n Pareja<\/b>, titular del partido libertario a nivel provincial. La intendenta ex macrista pone en juego las seis bancas que se disputan, lo que abre la esperanza del peronismo para balancear la composici\u00f3n del concejo por la posible fragmentaci\u00f3n de un oficialismo que no comulga en plenitud con el cambio de camiseta de la jefa comunal.<\/p>\n<p>El propio Mart\u00ednez en Pergamino tambi\u00e9n tiene un mapa complejo. Debe revalidar siete sillas de las diez que se llevan a las urnas, mientras que peronismo tiene como objetivo sumar lugares. Estas dificultades se acrecientan en\u00a0<b>Rojas<\/b>, donde el radicalismo atraviesa un cambio de mando que est\u00e1 envuelto en denuncias por corrupci\u00f3n. All\u00ed, el ex Juntos pone en riesgo cinco bancas contra solo dos del peronismo.<\/p>\n<div class=\"slot-available\"><\/div>\n<p>En Arrecifes, lugar donde<b>\u00a0Fernando Bouvier<\/b>\u00a0del PRO le gan\u00f3 la intendencia a\u00a0<b>Javier Olaeta<\/b>\u00a0de la UCR, el desaf\u00edo queda en retener las tres bancas de las siete en disputa, mismo n\u00famero que peronismo que tiene la expectativa de una victoria y sumar un nuevo lugar. Mismas esperanzas existen en Carmen de Areco, donde el oficialismo arriesga solo dos lugares del 2021 y espera repetir los resultados de 2023 donde gan\u00f3 4 de los 6 en pugna.<\/p>\n<p>En Col\u00f3n, el peronismo buscar\u00e1 torcer los n\u00fameros de 2021 donde cay\u00f3 ante Juntos y repetir el triunfo del 2023, donde gan\u00f3 4 de las 7 sillas en juego. Los mismo en Ramallo, con la ventaja de ser el nuevo oficialismo tras la victoria de\u00a0<b>Mauro Poletti\u00a0<\/b>en los \u00faltimos comicios. All\u00ed se eligen ocho concejales, donde el actual oficialismo solo arriesga tres y los ex Juntos cinco.<\/p>\n<p>Por el lado de Salto, el intendente\u00a0<b>Ricardo Alessandro<\/b>\u00a0de Uni\u00f3n por la Patria apuntar\u00e1 a revertir la derrota del 2021 y revalidar su gesti\u00f3n. Arriesga cuatro bancas de las ocho que est\u00e1n en el ring, pero con una oposici\u00f3n que retrocedi\u00f3 casilleros al fragmentarse. En San Andr\u00e9s de Giles predomina el mismo esp\u00edritu, donde el peronismo sigue siendo gobierno y pone en riesgo tres concejales y la oposici\u00f3n a cuatro.<\/p>\n<p>En San Antonio de Areco,\u00a0<b>Francisco Ratto<\/b>\u00a0del PRO contin\u00faa golpeado por constantes conflictos con los trabajadores municipales y cr\u00edticas a su gesti\u00f3n. All\u00ed, el peronismo est\u00e1 esperanzado en posicionarse mejor de cara al 2027 con una victoria que acreciente sus bancas. Pone en juego tres y el oficialismo a cuatro.<\/p>\n<p>Cerca de Areco, en San Nicol\u00e1s, el clan Passaglia tambi\u00e9n afronta problemas variopintos y tienen el desaf\u00edo de sostener siete sillas en el concejo de las diez que entran en la pelea electoral de este a\u00f1o. El peronismo intentar\u00e1 torcer el brazo de la familia que lleva dos d\u00e9cadas al frente del municipio yendo de un partido a otro.<\/p>\n<div class=\"slot-available\"><\/div>\n<p>En San Pedro,\u00a0<b>Cecilio Salazar<\/b>\u00a0buscar\u00e1 consolidar su gobierno luego de una disputa contra su hijo en las pasadas elecciones. Fue el \u00fanico distrito donde el ex Frente de Todos consigui\u00f3 una victoria en 2021. As\u00ed, arriesga cinco concejales contra cuatro de lo que fue Juntos.<\/p>\n<p>Finalmente, en Z\u00e1rate, el ritondista\u00a0<b>Marcelo Matzkin<\/b>\u00a0pone sobre la mesa la legitimidad de sus primeros dos a\u00f1os de gesti\u00f3n. Lleg\u00f3 al triunfo en 2023 tras un 2021 que ya hab\u00eda golpeado al peronismo. Por eso, la responsabilidad del actual intendente est\u00e1 en retener los 6 concejales que gan\u00f3 el ex Juntos en 2021 y que en 2023 fueron solo cuatro.<\/p>\n<\/div>\n<\/div>\n<\/div>\n<\/article>\n<\/div>\n<\/div>\n<p>El Movimiento Derecho al Futuro (MDF), espacio impulsado por el gobernador bonaerense Axel Kicillof, sigue consolidando su presencia en el territorio. En este marco, el intendente de Exaltaci\u00f3n de la Cruz, Diego Nanni, tuvo una activa participaci\u00f3n en el encuentro en la ciudad de Salto, donde se discutieron estrategias comunes para fortalecer el proyecto pol\u00edtico del oficialismo provincial en la Segunda Secci\u00f3n.<\/p>\n<p><strong>All\u00ed, la reuni\u00f3n tuvo como anfitriones al intendente Ricardo Alessandro y a su hijo Camilo Alessandro, presidente del PJ local. Adem\u00e1s, acompa\u00f1aron referentes del MDF de distritos como Pergamino, Rojas, Col\u00f3n, San Andr\u00e9s de Giles, Arrecifes y San Antonio de Areco. En ese grupo, la figura de Nanni se destac\u00f3 por su constante participaci\u00f3n en los debates y su vocaci\u00f3n de articular entre los municipios que integran esta regi\u00f3n clave para el mapa pol\u00edtico bonaerense.<\/strong><\/p>\n<p>\u201cAfianzar lazos y fortalecer el trabajo en equipo\u201d, fue una de las frases m\u00e1s repetidas por los asistentes, quienes coincidieron en la necesidad de construir un frente s\u00f3lido con fuerte protagonismo territorial. Nanni, uno de los jefes comunales con mayor presencia en la estructura del MDF, reafirm\u00f3 su compromiso con una pol\u00edtica cercana a la gente y protagonizada por quienes conocen las realidades locales.<\/p>\n<p><strong>Horas antes, el jefe comunal exaltacrucense tambi\u00e9n hab\u00eda estado presente en un encuentro similar realizado en San Pedro. All\u00ed, el intendente Cecilio Salazar abri\u00f3 las puertas de su distrito para recibir a dirigentes como Mauro Poletti (Ramallo), Ricardo Alessandro (Salto) y, nuevamente, a Diego Nanni, entre otros actores del espacio.<\/strong><\/p>\n<p>Salazar fue claro al expresar el esp\u00edritu del movimiento: \u201cIntegramos el Movimiento Derecho al Futuro, un espacio que nace gracias al impulso de nuestro gobernador Axel Kicillof, y que expresa una forma de hacer pol\u00edtica con los intendentes como protagonistas\u201d. A ello agreg\u00f3: \u201cHace mucho tiempo que nos marcan la l\u00ednea desde la superestructura, y justamente lo que Axel viene diciendo es que quiere que se nos respete y que sean los intendentes los que decidan las candidaturas\u201d.<\/p>\n<p>El comunicado final firmado por los presentes en ambas reuniones fue contundente. Denunci\u00f3 \u201cel ajuste brutal y el desguace del Estado\u201d promovido por el gobierno nacional y renov\u00f3 el compromiso del MDF con una agenda federal, peronista y militante. En ese marco, Nanni volvi\u00f3 a posicionarse como una figura de peso, tanto en la defensa de los intereses de su distrito como en la construcci\u00f3n de un nuevo esquema pol\u00edtico provincial con ra\u00edces en el territorio.<\/p>\n<div class=\"addtoany_share_save_container addtoany_content addtoany_content_bottom\"><\/div>\n<\/div>\n<div class=\"post-meta\">\n<p class=\"post-categories\">Fuentes: diario P\u00e1gina 12 y peri\u00f3dico El Lugare\u00f1o<\/p>\n<\/div>\n","protected":false},"excerpt":{"rendered":"<p>Mapa electoral en el norte bonaerense. El peronismo busca crecer en la segunda secci\u00f3n En 2023, Uni\u00f3n por la Patria gan\u00f3 en 8 de los 15 distritos, mientras que en 2021 logr\u00f3 el triunfo en solo uno. Contra esos n\u00fameros buscar\u00e1 mejorar su representatividad en los concejos deliberantes de cara al 2027. Fernanda Astorino, Javier [&hellip;]<\/p>\n","protected":false},"author":3,"featured_media":30058,"comment_status":"open","ping_status":"open","sticky":false,"template":"","format":"standard","meta":{"footnotes":"","jetpack_publicize_message":"","jetpack_publicize_feature_enabled":true,"jetpack_social_post_already_shared":true,"jetpack_social_options":{"image_generator_settings":{"template":"highway","default_image_id":0,"font":"","enabled":false},"version":2}},"categories":[17],"tags":[2978,66],"class_list":["post-30053","post","type-post","status-publish","format-standard","has-post-thumbnail","hentry","category-politica","tag-elecciones-2025","tag-nanni"],"jetpack_publicize_connections":[],"jetpack_featured_media_url":"https:\/\/revistaepocadigital.com.ar\/wp-content\/uploads\/2025\/07\/poli-2da-secc25.jpg","jetpack_likes_enabled":true,"_links":{"self":[{"href":"https:\/\/revistaepocadigital.com.ar\/index.php?rest_route=\/wp\/v2\/posts\/30053","targetHints":{"allow":["GET"]}}],"collection":[{"href":"https:\/\/revistaepocadigital.com.ar\/index.php?rest_route=\/wp\/v2\/posts"}],"about":[{"href":"https:\/\/revistaepocadigital.com.ar\/index.php?rest_route=\/wp\/v2\/types\/post"}],"author":[{"embeddable":true,"href":"https:\/\/revistaepocadigital.com.ar\/index.php?rest_route=\/wp\/v2\/users\/3"}],"replies":[{"embeddable":true,"href":"https:\/\/revistaepocadigital.com.ar\/index.php?rest_route=%2Fwp%2Fv2%2Fcomments&post=30053"}],"version-history":[{"count":0,"href":"https:\/\/revistaepocadigital.com.ar\/index.php?rest_route=\/wp\/v2\/posts\/30053\/revisions"}],"wp:featuredmedia":[{"embeddable":true,"href":"https:\/\/revistaepocadigital.com.ar\/index.php?rest_route=\/wp\/v2\/media\/30058"}],"wp:attachment":[{"href":"https:\/\/revistaepocadigital.com.ar\/index.php?rest_route=%2Fwp%2Fv2%2Fmedia&parent=30053"}],"wp:term":[{"taxonomy":"category","embeddable":true,"href":"https:\/\/revistaepocadigital.com.ar\/index.php?rest_route=%2Fwp%2Fv2%2Fcategories&post=30053"},{"taxonomy":"post_tag","embeddable":true,"href":"https:\/\/revistaepocadigital.com.ar\/index.php?rest_route=%2Fwp%2Fv2%2Ftags&post=30053"}],"curies":[{"name":"wp","href":"https:\/\/api.w.org\/{rel}","templated":true}]}}