{"id":3006,"date":"2019-08-05T22:23:26","date_gmt":"2019-08-06T01:23:26","guid":{"rendered":"https:\/\/revistaepocadigital.com.ar\/?p=3006"},"modified":"2019-08-06T00:34:20","modified_gmt":"2019-08-06T03:34:20","slug":"horacio-errazu-paso-2019-a-dias-de-una-eleccion-se-trata-de-tapar-la-falta-de-respuestas-notadas-en-los-anos-anteriores","status":"publish","type":"post","link":"https:\/\/revistaepocadigital.com.ar\/?p=3006","title":{"rendered":"Horacio Errazu. PASO 2019. &#8220;A d\u00edas de una elecci\u00f3n, se trata de tapar la falta de respuestas notadas en los a\u00f1os anteriores&#8221;"},"content":{"rendered":"<p><strong>PRIMER EX\u00c1MEN.<\/strong><!--more--><\/p>\n<p>Con vasta experiencia en la funci\u00f3n p\u00fablica, <strong>Horacio Errazu<\/strong> supo desempe\u00f1arse como concejal y m\u00e1s tarde, durante dos per\u00edodos, como intendente de Exaltaci\u00f3n de la Cruz en el marco de la gesti\u00f3n iniciada hace casi treinta a\u00f1os. Una vez alejado del cargo, dio continuidad a su actividad pol\u00edtica dentro del Frente Renovador impulsado por Sergio Massas, donde se erigi\u00f3 como referente. La intenci\u00f3n concreta de postularse para volver a ocupar el cargo de intendente, la manifest\u00f3 hace mucho; los avatares de la pol\u00edtica y el acuerdo arribado por Massa con Alberto Fern\u00e1ndez y Cristina Fern\u00e1ndez, f\u00f3rmula presidencia del Frente con Todos, deriv\u00f3 en la participaci\u00f3n de Errazu con su lista propia en la interna en la que se mide en las urnas este mes con Diego Nanni y Luciano Ferreyra.<\/p>\n<p>-\u00bfPor qu\u00e9 piensa que va a ganar las PASO?<\/p>\n<p><em>-Hace ya unos meses que hemos venimos manteniendo charlas con vecinos, y esos encuentros nos ayudan a efectuar un diagn\u00f3stico bastante acertado acerca del estado actual de nuestro distrito y como percibe la gente, la preocupaci\u00f3n que muestra el gobierno municipal actual para solucionar los problemas que se est\u00e1n sufriendo.<\/em><br \/>\n<em>Es com\u00fan ver que ahora a d\u00edas de una elecci\u00f3n<\/em>, (desde el municipio) <em>se trata de tapar la falta de respuestas notadas en los a\u00f1os anteriores. As\u00ed, podemos observar a un municipio que no hace una reingenier\u00eda del gasto p\u00fablico, de manera tal que no sea necesario aumentar tanto los impuestos en una \u00e9poca de crisis como la que hemos estado atravesando.<\/em><br \/>\n<em>Existen temas que est\u00e1n preocupando mucho a nuestra gente y son serios por cierto, me refiero coo ejemplo, al vuelco de los desechos del Parque Industrial de Los Cardales, problema que a\u00fan no ha tenido una resoluci\u00f3n definitiva m\u00e1s all\u00e1 de simple papeler\u00eda. A\u00fan nadie sabe, si se van a poder radicar empresas complicadas dir\u00edamos; bueno de cuestiones de fondo como la que menciono, nos ocuparemos poniendo el m\u00e1ximo esfuerzo y dedicaci\u00f3n.<\/em><\/p>\n<p>-\u00bfPor qu\u00e9 raz\u00f3n la gente de Exaltaci\u00f3n de la Cruz debe votarlo?<br \/>\n<em>-Considero que haber actuadb c c o en la gesti\u00f3n p\u00fablica y al frente de la comuna como intendente, durante dos per\u00edodos y conseguir la concreci\u00f3n de las obras que se hicieron, haber logrado mucho por la educaci\u00f3n, la salud, la seguridad, por la vivienda, hace que los vecinos decidan su apoyo con m\u00e1s facilidad y convencimiento; saben que pueden contar con un intendente que se ocup\u00f3 y se ocupara para solucionar los temas que lo afectan a diario.<\/em><\/p>\n<figure id=\"attachment_3009\" aria-describedby=\"caption-attachment-3009\" style=\"width: 960px\" class=\"wp-caption aligncenter\"><img loading=\"lazy\" decoding=\"async\" class=\"size-full wp-image-3009\" src=\"https:\/\/revistaepocadigital.com.ar\/wp-content\/uploads\/2019\/08\/erra-carteles-8-19.jpg\" alt=\"\" width=\"960\" height=\"540\" srcset=\"https:\/\/revistaepocadigital.com.ar\/wp-content\/uploads\/2019\/08\/erra-carteles-8-19.jpg 960w, https:\/\/revistaepocadigital.com.ar\/wp-content\/uploads\/2019\/08\/erra-carteles-8-19-300x169.jpg 300w, https:\/\/revistaepocadigital.com.ar\/wp-content\/uploads\/2019\/08\/erra-carteles-8-19-768x432.jpg 768w, https:\/\/revistaepocadigital.com.ar\/wp-content\/uploads\/2019\/08\/erra-carteles-8-19-696x392.jpg 696w, https:\/\/revistaepocadigital.com.ar\/wp-content\/uploads\/2019\/08\/erra-carteles-8-19-747x420.jpg 747w\" sizes=\"auto, (max-width: 960px) 100vw, 960px\" \/><figcaption id=\"caption-attachment-3009\" class=\"wp-caption-text\">&#8220;Se ve que est\u00e1n nerviosos o se les termina el negocio a muchos?. Sufrimos el corte de los pasacalles, este es uno de los que cortaron!&#8221;, se qued\u00f3 y dispar\u00f3 duro Errazu en la red social Facebook.<\/figcaption><\/figure>\n<p>-En caso de imponerse en la interna, o bien ser superado por alguna de las otras dos l\u00edneas en pugna, \u00bfest\u00e1 dispuesto a confeccionar o participar en la lista que afrontar\u00e1 las elecciones de octubre?<br \/>\n<em>-Haremos lo que corresponda de acuerdo a lo que la ley indica.<\/em><\/p>\n<p>-\u00bfCu\u00e1l es el problema m\u00e1s serio que afronta el partido de Exaltaci\u00f3n de la Cruz?<br \/>\n<em>-Considero que el problema m\u00e1s importante que existe, es desconocer justamente los problemas que tienen los vecinos; y en tal sentido, me refiero a \u00e1reas claves y fundamentales como la educaci\u00f3n, seguridad, comunicaciones, entre otras. Se me ocurre que al gobierno municipal, le cuesta entender la problem\u00e1tica de la gente, y esto hace que no reaccione y parezca dormido. As\u00ed, se notan problemas en la educaci\u00f3n, seguridad, medio ambiente, con la presi\u00f3n tributaria que son graves por cierto.<\/em><\/p>\n<p>-\u00bfQue factor considera que juega un papel clave a la hora de que los vecinos emitan su voto?<br \/>\n<em>-La falta de respuesta a las necesidades, y el hartazgo hacia una forma de gobierno con caras j\u00f3venes, que intentan tapar personajes con vicios antiguos.<\/em><\/p>\n","protected":false},"excerpt":{"rendered":"<p>PRIMER EX\u00c1MEN.<\/p>\n","protected":false},"author":4,"featured_media":3011,"comment_status":"open","ping_status":"open","sticky":false,"template":"","format":"standard","meta":{"footnotes":"","jetpack_publicize_message":"","jetpack_publicize_feature_enabled":true,"jetpack_social_post_already_shared":false,"jetpack_social_options":{"image_generator_settings":{"template":"highway","default_image_id":0,"font":"","enabled":false},"version":2}},"categories":[17],"tags":[432],"class_list":["post-3006","post","type-post","status-publish","format-standard","has-post-thumbnail","hentry","category-politica","tag-paso-2019-errazu"],"jetpack_publicize_connections":[],"jetpack_featured_media_url":"https:\/\/revistaepocadigital.com.ar\/wp-content\/uploads\/2019\/08\/erra-porti.jpg","jetpack_likes_enabled":true,"_links":{"self":[{"href":"https:\/\/revistaepocadigital.com.ar\/index.php?rest_route=\/wp\/v2\/posts\/3006","targetHints":{"allow":["GET"]}}],"collection":[{"href":"https:\/\/revistaepocadigital.com.ar\/index.php?rest_route=\/wp\/v2\/posts"}],"about":[{"href":"https:\/\/revistaepocadigital.com.ar\/index.php?rest_route=\/wp\/v2\/types\/post"}],"author":[{"embeddable":true,"href":"https:\/\/revistaepocadigital.com.ar\/index.php?rest_route=\/wp\/v2\/users\/4"}],"replies":[{"embeddable":true,"href":"https:\/\/revistaepocadigital.com.ar\/index.php?rest_route=%2Fwp%2Fv2%2Fcomments&post=3006"}],"version-history":[{"count":0,"href":"https:\/\/revistaepocadigital.com.ar\/index.php?rest_route=\/wp\/v2\/posts\/3006\/revisions"}],"wp:featuredmedia":[{"embeddable":true,"href":"https:\/\/revistaepocadigital.com.ar\/index.php?rest_route=\/wp\/v2\/media\/3011"}],"wp:attachment":[{"href":"https:\/\/revistaepocadigital.com.ar\/index.php?rest_route=%2Fwp%2Fv2%2Fmedia&parent=3006"}],"wp:term":[{"taxonomy":"category","embeddable":true,"href":"https:\/\/revistaepocadigital.com.ar\/index.php?rest_route=%2Fwp%2Fv2%2Fcategories&post=3006"},{"taxonomy":"post_tag","embeddable":true,"href":"https:\/\/revistaepocadigital.com.ar\/index.php?rest_route=%2Fwp%2Fv2%2Ftags&post=3006"}],"curies":[{"name":"wp","href":"https:\/\/api.w.org\/{rel}","templated":true}]}}