{"id":30073,"date":"2025-07-16T22:51:02","date_gmt":"2025-07-17T01:51:02","guid":{"rendered":"https:\/\/revistaepocadigital.com.ar\/?p=30073"},"modified":"2025-07-16T22:56:19","modified_gmt":"2025-07-17T01:56:19","slug":"benjamin-luque-cuenca-ahora-conductor-de-television","status":"publish","type":"post","link":"https:\/\/revistaepocadigital.com.ar\/?p=30073","title":{"rendered":"Benjam\u00edn Luque Cuenca ahora conductor de televisi\u00f3n"},"content":{"rendered":"<div dir=\"ltr\"><strong>EL ASCENDENTE MODELO DE CAPILLA DEL SE\u00d1OR.<\/strong><\/div>\n<p><!--more--><\/p>\n<div dir=\"ltr\"><\/div>\n<div dir=\"ltr\">A su faceta de modelo, Benjam\u00edn Luque Cuenca ha sumado una nueva etapa en su vida. Se convirti\u00f3 en conductor de TV en el programa MNTV, que se emite por la se\u00f1al de Argentin\u00edsima Satelital. Comparte conducci\u00f3n con Michelle Notagay. Su debut fue durante la conferencia de prensa del cantante Makano, donde cubri\u00f3 el evento para el canal.<\/div>\n<div dir=\"ltr\"><img loading=\"lazy\" decoding=\"async\" class=\"aligncenter size-full wp-image-30077\" src=\"https:\/\/revistaepocadigital.com.ar\/wp-content\/uploads\/2025\/07\/luqe.jpg\" alt=\"\" width=\"427\" height=\"571\" srcset=\"https:\/\/revistaepocadigital.com.ar\/wp-content\/uploads\/2025\/07\/luqe.jpg 427w, https:\/\/revistaepocadigital.com.ar\/wp-content\/uploads\/2025\/07\/luqe-224x300.jpg 224w, https:\/\/revistaepocadigital.com.ar\/wp-content\/uploads\/2025\/07\/luqe-314x420.jpg 314w\" sizes=\"auto, (max-width: 427px) 100vw, 427px\" \/><\/div>\n<div dir=\"ltr\"><\/div>\n<div dir=\"ltr\">Adem\u00e1s, Benjam\u00edn es panelista en el programa MIA (Moda Industria Argentina), conducido por Graciela Ru\u00edz D\u00edaz dise\u00f1adora y ex vicepresidenta de la C\u00e1mara de la Moda Argentina. La din\u00e0mica vida del modelo, se extendi\u00f3 al desfile Moda para Estrellas, que cont\u00f3 con la presencia especial de la conocida Nazarena V\u00e9lez<\/div>\n<div dir=\"ltr\"><img loading=\"lazy\" decoding=\"async\" class=\"aligncenter size-full wp-image-30078\" src=\"https:\/\/revistaepocadigital.com.ar\/wp-content\/uploads\/2025\/07\/luqe3.jpg\" alt=\"\" width=\"384\" height=\"576\" srcset=\"https:\/\/revistaepocadigital.com.ar\/wp-content\/uploads\/2025\/07\/luqe3.jpg 384w, https:\/\/revistaepocadigital.com.ar\/wp-content\/uploads\/2025\/07\/luqe3-200x300.jpg 200w, https:\/\/revistaepocadigital.com.ar\/wp-content\/uploads\/2025\/07\/luqe3-280x420.jpg 280w\" sizes=\"auto, (max-width: 384px) 100vw, 384px\" \/><\/div>\n<div dir=\"ltr\"><\/div>\n","protected":false},"excerpt":{"rendered":"<p>EL ASCENDENTE MODELO DE CAPILLA DEL SE\u00d1OR.<\/p>\n","protected":false},"author":3,"featured_media":30075,"comment_status":"open","ping_status":"open","sticky":false,"template":"","format":"standard","meta":{"footnotes":"","jetpack_publicize_message":"","jetpack_publicize_feature_enabled":true,"jetpack_social_post_already_shared":true,"jetpack_social_options":{"image_generator_settings":{"template":"highway","default_image_id":0,"font":"","enabled":false},"version":2}},"categories":[12],"tags":[3226],"class_list":["post-30073","post","type-post","status-publish","format-standard","has-post-thumbnail","hentry","category-espectaculos","tag-luque-cuenca-modelo"],"jetpack_publicize_connections":[],"jetpack_featured_media_url":"https:\/\/revistaepocadigital.com.ar\/wp-content\/uploads\/2025\/07\/lue-naza.jpg","jetpack_likes_enabled":true,"_links":{"self":[{"href":"https:\/\/revistaepocadigital.com.ar\/index.php?rest_route=\/wp\/v2\/posts\/30073","targetHints":{"allow":["GET"]}}],"collection":[{"href":"https:\/\/revistaepocadigital.com.ar\/index.php?rest_route=\/wp\/v2\/posts"}],"about":[{"href":"https:\/\/revistaepocadigital.com.ar\/index.php?rest_route=\/wp\/v2\/types\/post"}],"author":[{"embeddable":true,"href":"https:\/\/revistaepocadigital.com.ar\/index.php?rest_route=\/wp\/v2\/users\/3"}],"replies":[{"embeddable":true,"href":"https:\/\/revistaepocadigital.com.ar\/index.php?rest_route=%2Fwp%2Fv2%2Fcomments&post=30073"}],"version-history":[{"count":0,"href":"https:\/\/revistaepocadigital.com.ar\/index.php?rest_route=\/wp\/v2\/posts\/30073\/revisions"}],"wp:featuredmedia":[{"embeddable":true,"href":"https:\/\/revistaepocadigital.com.ar\/index.php?rest_route=\/wp\/v2\/media\/30075"}],"wp:attachment":[{"href":"https:\/\/revistaepocadigital.com.ar\/index.php?rest_route=%2Fwp%2Fv2%2Fmedia&parent=30073"}],"wp:term":[{"taxonomy":"category","embeddable":true,"href":"https:\/\/revistaepocadigital.com.ar\/index.php?rest_route=%2Fwp%2Fv2%2Fcategories&post=30073"},{"taxonomy":"post_tag","embeddable":true,"href":"https:\/\/revistaepocadigital.com.ar\/index.php?rest_route=%2Fwp%2Fv2%2Ftags&post=30073"}],"curies":[{"name":"wp","href":"https:\/\/api.w.org\/{rel}","templated":true}]}}