{"id":30096,"date":"2025-07-23T02:39:08","date_gmt":"2025-07-23T05:39:08","guid":{"rendered":"https:\/\/revistaepocadigital.com.ar\/?p=30096"},"modified":"2025-07-23T02:39:08","modified_gmt":"2025-07-23T05:39:08","slug":"quieren-ser-banca-elecciones-2025-candidatos-en-exaltacion-de-la-cruz","status":"publish","type":"post","link":"https:\/\/revistaepocadigital.com.ar\/?p=30096","title":{"rendered":"QUIEREN SER BANCA.  ELECCIONES 2025, CANDIDATOS EN EXALTACI\u00d3N DE LA CRUZ"},"content":{"rendered":"<header class=\"entry-header-outer\">\n<div class=\"entry-header\">\n<h5 class=\"post-title entry-title\"><strong>EL 7 DE SEPTIEMBRE PR\u00d3XIMO, EL D\u00cdA.<\/strong><\/h5>\n<\/div>\n<\/header>\n<p><!--more--><\/p>\n<div id=\"share-buttons-top\" class=\"share-buttons share-buttons-top\">\n<div class=\"share-links share-centered\">\n<div><\/div>\n<div>Superado el muy \u00e1lgito cierre de listas de candidatos para las elecciones de medio t\u00e9rmino, as\u00ed quedaron conformadas las listas partidarias que van a participar en el acto electoral, para cuyas concreciones hubo numerosas reuniones, intercambio de puntos de vista y alta tensi\u00f3n el el distrito, en l\u00ednea con lo sucedido en la provincia de Buenos Aires.<\/div>\n<div><\/div>\n<\/div>\n<\/div>\n<div class=\"entry-content entry clearfix\">\n<div id=\"contenido_articulo\">\n<p>El 7<strong> de septiembre venidero, en<\/strong>\u00a0<strong>Exaltaci\u00f3n de la Cruz<\/strong> van a elegirse nuevos <strong>concejales y consejeros escolares, a modo de renovarse ambos cuerpos.<\/strong><\/p>\n<p>Las eleccioness vienen con un dato pol\u00edtico de gran peso<strong>. Diego Nanni,<\/strong> el actual intendente, finalmente, integra la lista orientada por el gobernador Axel Kicillof, como candidato a diputado provincial con toda la importancia pol\u00edtica que encierra, y adem\u00e1s en primer t\u00e9rmino. A su vez tambi\u00e9n dos figuras pol\u00edticas locales, tambi\u00e9n integran la lista del justicialismo para diputados, Emmanuel Mart\u00ednez y Mar\u00eda Luz Bozzani , en su caso como suplente.<\/p>\n<p>Otro dato pol\u00edtico est\u00e1 dado como tambi\u00e9n inform\u00f3 el medio digital la Gaceta de Exaltaci\u00f3n,\u00a0por la presencia electoral en nuestro distrito del tan controvertido y criticado, Juan Grabois seg\u00fan lo publicado por La Gaceta de Exaltaci\u00f3n. Grabois al frente de sector pol\u00edtico, Patria Grande. apoya la postulaci\u00f3n de\u00a0<strong>Luc\u00eda Klung. La mujer<\/strong>, ocupa el tercer lugar en la lista para concejales por el oficialismo encabezada por <strong>Mariela Nanni, <\/strong>hermana del actual jefe comunal.<\/p>\n<p>Ac\u00e1 fijate las listas de candidatos y el sector pol\u00edticos que representan.<\/p>\n<p><strong>ALIANZA POTENCIA<\/strong><\/p>\n<p><strong>Concejales Titulares:<\/strong><br \/>\nDiez Mart\u00edn Ariel, V\u00e9liz Romina Beatriz, Salda\u00f1a Alberto Clodomiro, Kuncewich Karina Adriana, Denis Dami\u00e1n Alberto, Rivero Mar\u00eda Isabel<br \/>\n<strong>Concejales Suplentes:<\/strong><br \/>\nGim\u00e9nez Gustavo Adri\u00e1n, Sol\u00eds Alejandro Lorena, Sena Mat\u00edas Eloy, Soto India Anah\u00ed Luj\u00e1n<br \/>\n<strong>Consejeros Escolares Titulares:<\/strong><br \/>\nLuccane Jos\u00e9 Mar\u00eda, Pasinato Carolina Raquel, Rodr\u00edguez Ramiro Sebasti\u00e1n<br \/>\n<strong>Consejeros Escolares Suplentes:<\/strong><br \/>\nAlbornoz Aguirre Gabriela Bel\u00e9n, Flores Nelson Gast\u00f3n, Dom\u00ednguez Marta Delicia, Pascual Cristian Manuel<\/p>\n<p><strong>ALIANZA UNI\u00d3N LIBERAL<\/strong><\/p>\n<p><strong>Concejales Titulares:<\/strong><br \/>\nCiorraga Emiliano Enrique, Poluoy Ana Claudia, Diamandy Gustavo Alberto, Guzian Pi\u00f1eyro Mar\u00eda Soledad, Nu\u00f1ez Adri\u00e1n J., Altamirano Cirila, Castillo Guzian Juan Sebasti\u00e1n<br \/>\n<strong>Consejeros Escolares Titulares:<\/strong><br \/>\nEsquisiatti Mar\u00eda Fabiana, Maff\u00eda Dami\u00e1n Alberto<\/p>\n<p><strong>ESPACIO ABIERTO PARA EL DESARROLLO Y LA INTEGRACI\u00d3N SOCIAL<\/strong><\/p>\n<p><strong>Concejales Titulares:<\/strong><br \/>\nSarri Pedro Nicol\u00e1s, Denicolay Mar\u00eda Delis, Castro Sosa Marcos Sebasti\u00e1n, Torres Luc\u00eda Mar\u00eda Alejandra, Ferreira Braga Esteban, Brasesco Mar\u00eda Soledad, Loaiccono \u00c1ngel Hermenegildo<br \/>\n<strong>Concejales Suplentes:<\/strong><br \/>\nSosa Luciana Ver\u00f3nica, Desanto Rub\u00e9n Alberto, Mart\u00ednez Lidia Ester, Castro Juan Pablo<br \/>\n<strong>Consejeros Escolares Titulares:<\/strong><br \/>\nCabrera Marcos Daniel, Arias Bianca, Nichea Marzi Christian Alberto<br \/>\n<strong>Consejeros Escolares Suplentes:<\/strong><br \/>\nReales Sasia Candela, Rivas Rienzi Valentino, Babich Johanna Brenda<\/p>\n<p><strong>FUERZA PATRIA<\/strong><\/p>\n<figure id=\"attachment_30100\" aria-describedby=\"caption-attachment-30100\" style=\"width: 960px\" class=\"wp-caption aligncenter\"><img loading=\"lazy\" decoding=\"async\" class=\"size-full wp-image-30100\" src=\"https:\/\/revistaepocadigital.com.ar\/wp-content\/uploads\/2025\/07\/nanni-mariela.jpg\" alt=\"\" width=\"960\" height=\"540\" srcset=\"https:\/\/revistaepocadigital.com.ar\/wp-content\/uploads\/2025\/07\/nanni-mariela.jpg 960w, https:\/\/revistaepocadigital.com.ar\/wp-content\/uploads\/2025\/07\/nanni-mariela-300x169.jpg 300w, https:\/\/revistaepocadigital.com.ar\/wp-content\/uploads\/2025\/07\/nanni-mariela-768x432.jpg 768w, https:\/\/revistaepocadigital.com.ar\/wp-content\/uploads\/2025\/07\/nanni-mariela-696x392.jpg 696w, https:\/\/revistaepocadigital.com.ar\/wp-content\/uploads\/2025\/07\/nanni-mariela-747x420.jpg 747w\" sizes=\"auto, (max-width: 960px) 100vw, 960px\" \/><figcaption id=\"caption-attachment-30100\" class=\"wp-caption-text\">Mariela Nanni (izq) encabeza la lista de candidatos a concejales por el oficialismo.<\/figcaption><\/figure>\n<p><strong>Concejales Titulares:<\/strong><br \/>\nNanni Mariela Alejandra, Pererya Eduardo,\u00a0Klung Luc\u00eda, Gonz\u00e1lez Ricardo Salvador, Rodr\u00edguez Marisal, Pacce Saulo Benito, Morales Morel Mar\u00eda Milagros<br \/>\n<strong>Concejales Suplentes:<\/strong><br \/>\nGiordano Hugo Orlando, Karg Luisina, Bravo Rodolfo Marcelo, Di Catarina Viviana Noem\u00ed<br \/>\n<strong>Consejeros Escolares Titulares:<\/strong><br \/>\nLindner Teo, Llanos Gisela Elisabeth, Lodeiro Fernando Jos\u00e9<br \/>\n<strong>Consejeros Escolares Suplentes:<\/strong><br \/>\nMinier Lorena Andrea, Dugno Hern\u00e1n Alejandro, Otero Mar\u00eda Emilia<\/p>\n<p><strong>PARTIDO LIBERTARIO<\/strong><\/p>\n<p><strong>Concejales Titulares:<\/strong><br \/>\nQuerencio Pedro Jos\u00e9, Herrera Marcela, Romero Luis Alberto, Velasco Marcela Alejandra, Lavezzi Franco Mat\u00edas, Poluoy Ana Claudia, Leclerc Jos\u00e9 Rom\u00e1n<br \/>\n<strong>Concejales Suplentes:<\/strong><br \/>\nAltamirano Cirila, Gim\u00e9nez Jorge Ismael<br \/>\n<strong>Consejeros Escolares Titulares:<\/strong><br \/>\nGuglielmelli Andrea Noem\u00ed, Acosta C\u00e9sar Alberto<br \/>\n<strong>Consejeros Escolares Suplentes:<\/strong><br \/>\nAcosta Federico Adri\u00e1n<\/p>\n<p><strong>ALIANZA FRENTE DE IZQUIERDA Y DE TRABAJADORES\u2013UNIDAD<\/strong><\/p>\n<p><strong>Concejales Titulares:<\/strong><br \/>\nMoreira Pereyra Jos\u00e9 Enrique, Acu\u00f1a Ang\u00e9lica Andrea, Bordalotta Oscar, Gonz\u00e1lez Margarita, Avellaneda Marcelo Ricardo, Portillo Esmilce Ramona, Monz\u00f3n Leonardo Dar\u00edo<br \/>\n<strong>Concejales Suplentes:<\/strong><br \/>\nUrruch\u00faa M\u00e9ndez Rossana Daniela, Alegre Rub\u00e9n Dar\u00edo, L\u00f3pez Soliz Lucy<br \/>\n<strong>Consejeros Escolares Titulares:<\/strong><br \/>\nDal Oro Patricia Alejandra, Idarola Arnaldo Luis, Pita Jesica Andrea<br \/>\n<strong>Consejeros Escolares Suplentes:<\/strong><br \/>\nPadovani Ariel Alejandro, Pi\u00f1eyro Emilia Noem\u00ed, \u00c1lvarez Enrique Gerardo<\/p>\n<p><strong>ALIANZA LA LIBERTAD AVANZA<\/strong><\/p>\n<figure id=\"attachment_30102\" aria-describedby=\"caption-attachment-30102\" style=\"width: 526px\" class=\"wp-caption aligncenter\"><img loading=\"lazy\" decoding=\"async\" class=\"size-full wp-image-30102\" src=\"https:\/\/revistaepocadigital.com.ar\/wp-content\/uploads\/2025\/07\/sanchez-concejal.jpg\" alt=\"\" width=\"526\" height=\"282\" srcset=\"https:\/\/revistaepocadigital.com.ar\/wp-content\/uploads\/2025\/07\/sanchez-concejal.jpg 526w, https:\/\/revistaepocadigital.com.ar\/wp-content\/uploads\/2025\/07\/sanchez-concejal-300x161.jpg 300w\" sizes=\"auto, (max-width: 526px) 100vw, 526px\" \/><figcaption id=\"caption-attachment-30102\" class=\"wp-caption-text\">La concejal de La Libertad Avanza, Silvia S\u00e1nchez, va por la renovaci\u00f3n.<\/figcaption><\/figure>\n<\/div>\n<\/div>\n<div class=\"entry-content entry clearfix\">\n<div id=\"contenido_articulo\">\n<p><strong>Concejales Titulares:<\/strong><br \/>\nBucarey Fuentealba El\u00edas Fabi\u00e1n, S\u00e1nchez Silvia Amalia, Sarav\u00ed Exequiel Alberto, Rojo Cintia Mariela, Ram\u00edrez Sebasti\u00e1n V\u00edctor, Luchisano Camila Antonella, Aytia Porco Samuel<br \/>\n<strong>Concejales Suplentes:<\/strong><br \/>\nFr\u00edas Ester Del Valle, Flores Juan Alberto, Carro Mohor Cerino Alicia, Sarasti Mariano Jerem\u00edas<br \/>\n<strong>Consejeros Escolares Titulares:<\/strong><br \/>\nOliva Karina Silvia, Agogino Adalberto Carlos, Kesseler Solange<br \/>\n<strong>Consejeros Escolares Suplentes:<\/strong><br \/>\nVallejos Alfredo Rom\u00e1n, Cabrera Gisele Ariana, Colombo Gaggero Jer\u00f3nimo<\/p>\n<\/div>\n<\/div>\n","protected":false},"excerpt":{"rendered":"<p>EL 7 DE SEPTIEMBRE PR\u00d3XIMO, EL D\u00cdA.<\/p>\n","protected":false},"author":3,"featured_media":30104,"comment_status":"open","ping_status":"open","sticky":false,"template":"","format":"standard","meta":{"footnotes":"","jetpack_publicize_message":"","jetpack_publicize_feature_enabled":true,"jetpack_social_post_already_shared":true,"jetpack_social_options":{"image_generator_settings":{"template":"highway","default_image_id":0,"font":"","enabled":false},"version":2}},"categories":[17],"tags":[129,2978],"class_list":["post-30096","post","type-post","status-publish","format-standard","has-post-thumbnail","hentry","category-politica","tag-candidatos","tag-elecciones-2025"],"jetpack_publicize_connections":[],"jetpack_featured_media_url":"https:\/\/revistaepocadigital.com.ar\/wp-content\/uploads\/2025\/07\/hcdh.jpg","jetpack_likes_enabled":true,"_links":{"self":[{"href":"https:\/\/revistaepocadigital.com.ar\/index.php?rest_route=\/wp\/v2\/posts\/30096","targetHints":{"allow":["GET"]}}],"collection":[{"href":"https:\/\/revistaepocadigital.com.ar\/index.php?rest_route=\/wp\/v2\/posts"}],"about":[{"href":"https:\/\/revistaepocadigital.com.ar\/index.php?rest_route=\/wp\/v2\/types\/post"}],"author":[{"embeddable":true,"href":"https:\/\/revistaepocadigital.com.ar\/index.php?rest_route=\/wp\/v2\/users\/3"}],"replies":[{"embeddable":true,"href":"https:\/\/revistaepocadigital.com.ar\/index.php?rest_route=%2Fwp%2Fv2%2Fcomments&post=30096"}],"version-history":[{"count":0,"href":"https:\/\/revistaepocadigital.com.ar\/index.php?rest_route=\/wp\/v2\/posts\/30096\/revisions"}],"wp:featuredmedia":[{"embeddable":true,"href":"https:\/\/revistaepocadigital.com.ar\/index.php?rest_route=\/wp\/v2\/media\/30104"}],"wp:attachment":[{"href":"https:\/\/revistaepocadigital.com.ar\/index.php?rest_route=%2Fwp%2Fv2%2Fmedia&parent=30096"}],"wp:term":[{"taxonomy":"category","embeddable":true,"href":"https:\/\/revistaepocadigital.com.ar\/index.php?rest_route=%2Fwp%2Fv2%2Fcategories&post=30096"},{"taxonomy":"post_tag","embeddable":true,"href":"https:\/\/revistaepocadigital.com.ar\/index.php?rest_route=%2Fwp%2Fv2%2Ftags&post=30096"}],"curies":[{"name":"wp","href":"https:\/\/api.w.org\/{rel}","templated":true}]}}