{"id":30116,"date":"2025-07-23T09:53:11","date_gmt":"2025-07-23T12:53:11","guid":{"rendered":"https:\/\/revistaepocadigital.com.ar\/?p=30116"},"modified":"2025-07-27T01:57:46","modified_gmt":"2025-07-27T04:57:46","slug":"plan-de-pagos-regularizacion-de-deudas-de-escuelas-especiales-privadas","status":"publish","type":"post","link":"https:\/\/revistaepocadigital.com.ar\/?p=30116","title":{"rendered":"PLAN DE PAGOS. REGULARIZACI\u00d3N DE DEUDAS DE ESCUELAS ESPECIALES PRIVADAS"},"content":{"rendered":"<div>\n<p dir=\"ltr\"><strong>LA PROVINCIA LANZA UN PLAN DE PAGOS PARA REGULARIZAR DEUDAS PREVISIONALES DE ESCUELAS ESPECIALES DE GESTI\u00d3N PRIVADA.<!--more--><\/strong><\/p>\n<p dir=\"ltr\">\u00a0En una reuni\u00f3n encabezada por el director general de Cultura y Educaci\u00f3n de la provincia de Buenos Aires Alberto Sileoni, y la presidenta del Instituto de Previsi\u00f3n Social (IPS) Marina Moretti, se anunci\u00f3 la aprobaci\u00f3n de un plan de pagos excepcional destinado a establecimientos educativos de gesti\u00f3n privada del \u00e1mbito de la educaci\u00f3n especial que registren deudas previsionales.<\/p>\n<p dir=\"ltr\">\u00a0Mediante una resoluci\u00f3n conjunta, la DGCyE y el IPS aprobaron el Plan de Pagos de Deudas Previsionales para Establecimientos Educativos de Gesti\u00f3n Privada de Educaci\u00f3n Especial, que establece condiciones especiales de regularizaci\u00f3n de aportes personales, contribuciones patronales, intereses y multas.<\/p>\n<p dir=\"ltr\">\u00a0Adem\u00e1s, la DGCyE entreg\u00f3 las colecciones \u201cTiempo de Leer\u201d para bibliotecas de escuelas especiales y las resoluciones de ampliaci\u00f3n de subvenciones para varias instituciones de la modalidad.<\/p>\n<p dir=\"ltr\">\u00a0Del encuentro participaron tambi\u00e9n el subsecretario de Educaci\u00f3n Pablo Urquiza, el subsecretario de Administraci\u00f3n y Recursos Humanos Diego Turkenich, el director de Educaci\u00f3n Especial Sebasti\u00e1n Urquiza, el presidente y el prosecretario de Aiepesa (Asociaci\u00f3n de Institutos Educativos Privados de la provincia de Buenos Aires) Carlos Mu\u00f1oz y Pablo Miranda respectivamente. Durante la actividad se definieron los lineamientos generales de la medida, que apunta a ofrecer herramientas concretas de regularizaci\u00f3n para instituciones que desempe\u00f1an un rol clave en la inclusi\u00f3n educativa.<\/p>\n<p dir=\"ltr\">\u00a0Con esta decisi\u00f3n, el gobierno provincial reafirma su compromiso con el sostenimiento del sistema previsional y con el acompa\u00f1amiento a las instituciones educativas que garantizan el derecho a la educaci\u00f3n para ni\u00f1as, ni\u00f1os y j\u00f3venes con discapacidades.<\/p>\n<\/div>\n<div><\/div>\n","protected":false},"excerpt":{"rendered":"<p>LA PROVINCIA LANZA UN PLAN DE PAGOS PARA REGULARIZAR DEUDAS PREVISIONALES DE ESCUELAS ESPECIALES DE GESTI\u00d3N PRIVADA.<\/p>\n","protected":false},"author":3,"featured_media":30118,"comment_status":"open","ping_status":"open","sticky":false,"template":"","format":"standard","meta":{"footnotes":"","jetpack_publicize_message":"","jetpack_publicize_feature_enabled":true,"jetpack_social_post_already_shared":true,"jetpack_social_options":{"image_generator_settings":{"template":"highway","default_image_id":0,"font":"","enabled":false},"version":2}},"categories":[13],"tags":[3231],"class_list":["post-30116","post","type-post","status-publish","format-standard","has-post-thumbnail","hentry","category-interes-general","tag-plan-pagos-deudas"],"jetpack_publicize_connections":[],"jetpack_featured_media_url":"https:\/\/revistaepocadigital.com.ar\/wp-content\/uploads\/2025\/07\/PLAN-PAGOS.jpg","jetpack_likes_enabled":true,"_links":{"self":[{"href":"https:\/\/revistaepocadigital.com.ar\/index.php?rest_route=\/wp\/v2\/posts\/30116","targetHints":{"allow":["GET"]}}],"collection":[{"href":"https:\/\/revistaepocadigital.com.ar\/index.php?rest_route=\/wp\/v2\/posts"}],"about":[{"href":"https:\/\/revistaepocadigital.com.ar\/index.php?rest_route=\/wp\/v2\/types\/post"}],"author":[{"embeddable":true,"href":"https:\/\/revistaepocadigital.com.ar\/index.php?rest_route=\/wp\/v2\/users\/3"}],"replies":[{"embeddable":true,"href":"https:\/\/revistaepocadigital.com.ar\/index.php?rest_route=%2Fwp%2Fv2%2Fcomments&post=30116"}],"version-history":[{"count":0,"href":"https:\/\/revistaepocadigital.com.ar\/index.php?rest_route=\/wp\/v2\/posts\/30116\/revisions"}],"wp:featuredmedia":[{"embeddable":true,"href":"https:\/\/revistaepocadigital.com.ar\/index.php?rest_route=\/wp\/v2\/media\/30118"}],"wp:attachment":[{"href":"https:\/\/revistaepocadigital.com.ar\/index.php?rest_route=%2Fwp%2Fv2%2Fmedia&parent=30116"}],"wp:term":[{"taxonomy":"category","embeddable":true,"href":"https:\/\/revistaepocadigital.com.ar\/index.php?rest_route=%2Fwp%2Fv2%2Fcategories&post=30116"},{"taxonomy":"post_tag","embeddable":true,"href":"https:\/\/revistaepocadigital.com.ar\/index.php?rest_route=%2Fwp%2Fv2%2Ftags&post=30116"}],"curies":[{"name":"wp","href":"https:\/\/api.w.org\/{rel}","templated":true}]}}