{"id":3012,"date":"2019-08-05T20:40:46","date_gmt":"2019-08-05T23:40:46","guid":{"rendered":"https:\/\/revistaepocadigital.com.ar\/?p=3012"},"modified":"2019-08-06T00:49:12","modified_gmt":"2019-08-06T03:49:12","slug":"luciano-ferreyra-paso-2019-nuestros-vecinos-no-se-bancan-mas-la-ausencia-del-estado-municipal-el-municipio-se-olvido-de-cuidar-a-su-gente","status":"publish","type":"post","link":"https:\/\/revistaepocadigital.com.ar\/?p=3012","title":{"rendered":"Luciano Ferreyra. PASO 2019. &#8220;Nuestros vecinos no se bancan m\u00e1s la ausencia del estado municipal, el municipio se olvid\u00f3 de cuidar a su gente&#8221;"},"content":{"rendered":"<p><strong>PRIMER EX\u00c1MEN.<\/strong><!--more--><\/p>\n<p>Pre-candidato a intendente en la \u00fanica interna que se da en Exaltaci\u00f3n de la Cruz; <strong>Luciano Ferreyra<\/strong> se mide en las urnas con Diego Nanni y Horacio Errazu. Dialog\u00f3 con EPOCA ante la primera cita electoral del a\u00f1o.<\/p>\n<p>-\u00bfPor que piensa que va a ganar las PASO?<br \/>\n<em>-Porque hace 10 a\u00f1os que nos venimos preparando. Porque tenemos grandes cuadros pol\u00edticos, nuestra labor en el concejo deliberante as\u00ed lo indica. Son muchos los militantes que me acompa\u00f1an y dejan todo d\u00eda a d\u00eda, adem\u00e1s tienen la misma sensibilidad ante su pueblo. Estamos haciendo una gran campa\u00f1a, de sol a sol, de punta a punta. Escuchando a todos los sectores sociales, y lo m\u00e1s importante es que el pueblo quiere un cambio a nivel local, nacional y provincial. Son muchos a\u00f1os del mismo gobierno municipal, el que representa Nanni, y nuestros vecinos no se bancan m\u00e1s la ausencia del estado municipal. El municipio se olvid\u00f3 de cuidar a su gente, y hoy estamos pagando un precio muy alto. Comercios cerrando, calles rotas, veredas en mal estado. Nosotros vamos cuidar y a sostener la tranquilidad del distrito, y como dato importante, apunto que crearemos un banco de tierra para solucionar los problemas habitacionales en el distrito.<\/em><\/p>\n<figure id=\"attachment_3017\" aria-describedby=\"caption-attachment-3017\" style=\"width: 960px\" class=\"wp-caption aligncenter\"><img loading=\"lazy\" decoding=\"async\" class=\"size-full wp-image-3017\" src=\"https:\/\/revistaepocadigital.com.ar\/wp-content\/uploads\/2019\/08\/ferreyra-8-19.jpg\" alt=\"\" width=\"960\" height=\"640\" srcset=\"https:\/\/revistaepocadigital.com.ar\/wp-content\/uploads\/2019\/08\/ferreyra-8-19.jpg 960w, https:\/\/revistaepocadigital.com.ar\/wp-content\/uploads\/2019\/08\/ferreyra-8-19-300x200.jpg 300w, https:\/\/revistaepocadigital.com.ar\/wp-content\/uploads\/2019\/08\/ferreyra-8-19-768x512.jpg 768w, https:\/\/revistaepocadigital.com.ar\/wp-content\/uploads\/2019\/08\/ferreyra-8-19-696x464.jpg 696w, https:\/\/revistaepocadigital.com.ar\/wp-content\/uploads\/2019\/08\/ferreyra-8-19-630x420.jpg 630w\" sizes=\"auto, (max-width: 960px) 100vw, 960px\" \/><figcaption id=\"caption-attachment-3017\" class=\"wp-caption-text\">Ferreyra le disputaba en las urnas, la candidatura a intendente por el Frente de Todos a Nanni y Errazu.<\/figcaption><\/figure>\n<p>-\u00bfPor que raz\u00f3n la gente de Exaltaci\u00f3n de la Cruz debe votarlo?<br \/>\n<em>-Porque el Frente de Todos es el m\u00e1s representativo para lo que necesita nuestro pueblo, porque estamos preparados para devolverle el trabajo a los que no lo tienen, porque vamos a cuidar a nuestros comerciantes. Tenemos que recuperar la matriz econ\u00f3mica que ha sido afectada por el aumento indiscriminado de las tarifas, y la inflaci\u00f3n descontrolada del actual gobierno de Mauricio Macri y Mar\u00eda Eugenia Vidal. El turismo y el trabajo genuino en funci\u00f3n de las industrias sustentables que vamos a radicar en el distrito, nos va a permitir recuperar nuestra econom\u00eda, proyectar el crecimiento y sostener la tranquilidad. <\/em>A su vez, cuidaremos a nuestros barrios; estamos prepar\u00e1ndonos para gestionar con transparencia y contamos con iniciativa pol\u00edtica, creatividad y la personalidad para encarar los problemas cotidianos. Como lo hicimos con el proyecto que hoy le permite disponer de transporte a Diego Gaynor, wi-fi gratuito en muchos de nuestros barrios y otros m\u00e1s que fueron elaborados por la concejal Andrea Melo.<\/p>\n<p>-En caso de imponerse en la interna o bien ser superado por alguna de las otras dos l\u00edneas en pugna, \u00bfest\u00e1 dispuesto a confeccionar o participar en la lista que afrontar\u00e1 las elecciones de octubre?<br \/>\n<em>-Si obvio. Somos peronistas y creemos que las internas son sanas y necesarias. Hablaremos con todos los sectores y los incluiremos en nuestro proyecto de municipio. Un proyecto distinto, de cara a la gente y afrontando los problemas y solucion\u00e1ndolos. Donde las decisiones se tomen escuchando al pueblo y no encerrados entre cuatro paredes. Hoy necesitamos un municipio frontal, por eso si los compa\u00f1eros est\u00e1n dispuestos a trabajar en un proyecto distinto van a ser muy bienvenidos.<\/em><\/p>\n<p>-\u00bfCual es el problema m\u00e1s serio que afronta el partido de Exaltaci\u00f3n de la Cruz?<br \/>\n<em>-El trabajo<\/em> (enfatiza) <em>es nuestra principal preocupaci\u00f3n; si hay trabajo bien remunerado hay crecimiento planificado. Por otro lado, tambi\u00e9n el turismo y conexi\u00f3n con los parques industriales como primera instancia, la obra p\u00fablica constante y sonante. Si no hay trabajo, no hay vida comercial. No hay recaudaci\u00f3n y s\u00f3lo se depende de lo que pueda enviar la provincia.<\/em><br \/>\n<em>Creo que la ausencia del Estado en todo sentido, es algo que no podemos permitir. Una municipalidad inactiva, poco transparente; que oculta los problemas reales, es lo primero que debemos cambiar. Necesitamos un municipio transparente y eficiente, que defina sus pol\u00edticas de cara su gente y geenere oportunidades para los m\u00e1s j\u00f3venes, tanto laborales como en cuanto a educaci\u00f3n y universitaria en particular. Si tenemos una comuna activa, participativa, vamos a lograr recursos. En otro aspecto, un nuevo empresariado local es fundamental, por eso apuntamos a fomentar y a fondear proyectos productivos y a Pymes locales.<\/em><\/p>\n<p>-\u00bfQue factor considera que juega un papel clave a la hora de que los vecinos emitan su voto?<br \/>\n<em>-Creo que la situaci\u00f3n econ\u00f3mica del pa\u00eds va a influir mucho. Alberto Fern\u00e1ndez es el m\u00e1s calificado para encarar lo que viene. Y los 28 a\u00f1os de la actual gesti\u00f3n municipal tambi\u00e9n van a influir, el municipio actual hace mucho que dej\u00f3 de gestionar para el pueblo. Se los ve activos solo dos meses antes de las elecciones. No van a los barrios, muchos comercios han cerrado y no hemos generado las herramientas necesarias para encarar esos temas, no han impulsado un Estado moderno y Exaltaci\u00f3n de la Cruz ha crecido.<\/em><br \/>\n<em>Por eso precisamoss planificar ese crecimiento para sostener la tranquilidad y poder hablar de un futuro para nuestros j\u00f3venes. Somos los \u00fanicos capaces de devolver la esperanza a nuestra gente, nos ven trabajando durante todo el a\u00f1o en el distrito y eso tambi\u00e9n se va a valorar.<\/em><\/p>\n","protected":false},"excerpt":{"rendered":"<p>PRIMER EX\u00c1MEN.<\/p>\n","protected":false},"author":4,"featured_media":3016,"comment_status":"open","ping_status":"open","sticky":false,"template":"","format":"standard","meta":{"footnotes":"","jetpack_publicize_message":"","jetpack_publicize_feature_enabled":true,"jetpack_social_post_already_shared":false,"jetpack_social_options":{"image_generator_settings":{"template":"highway","default_image_id":0,"font":"","enabled":false},"version":2}},"categories":[13],"tags":[433],"class_list":["post-3012","post","type-post","status-publish","format-standard","has-post-thumbnail","hentry","category-interes-general","tag-paso-2019-ferreyra"],"jetpack_publicize_connections":[],"jetpack_featured_media_url":"https:\/\/revistaepocadigital.com.ar\/wp-content\/uploads\/2019\/08\/ferreyra-fernandez-8-19.jpg","jetpack_likes_enabled":true,"_links":{"self":[{"href":"https:\/\/revistaepocadigital.com.ar\/index.php?rest_route=\/wp\/v2\/posts\/3012","targetHints":{"allow":["GET"]}}],"collection":[{"href":"https:\/\/revistaepocadigital.com.ar\/index.php?rest_route=\/wp\/v2\/posts"}],"about":[{"href":"https:\/\/revistaepocadigital.com.ar\/index.php?rest_route=\/wp\/v2\/types\/post"}],"author":[{"embeddable":true,"href":"https:\/\/revistaepocadigital.com.ar\/index.php?rest_route=\/wp\/v2\/users\/4"}],"replies":[{"embeddable":true,"href":"https:\/\/revistaepocadigital.com.ar\/index.php?rest_route=%2Fwp%2Fv2%2Fcomments&post=3012"}],"version-history":[{"count":0,"href":"https:\/\/revistaepocadigital.com.ar\/index.php?rest_route=\/wp\/v2\/posts\/3012\/revisions"}],"wp:featuredmedia":[{"embeddable":true,"href":"https:\/\/revistaepocadigital.com.ar\/index.php?rest_route=\/wp\/v2\/media\/3016"}],"wp:attachment":[{"href":"https:\/\/revistaepocadigital.com.ar\/index.php?rest_route=%2Fwp%2Fv2%2Fmedia&parent=3012"}],"wp:term":[{"taxonomy":"category","embeddable":true,"href":"https:\/\/revistaepocadigital.com.ar\/index.php?rest_route=%2Fwp%2Fv2%2Fcategories&post=3012"},{"taxonomy":"post_tag","embeddable":true,"href":"https:\/\/revistaepocadigital.com.ar\/index.php?rest_route=%2Fwp%2Fv2%2Ftags&post=3012"}],"curies":[{"name":"wp","href":"https:\/\/api.w.org\/{rel}","templated":true}]}}