{"id":30125,"date":"2025-07-24T11:52:32","date_gmt":"2025-07-24T14:52:32","guid":{"rendered":"https:\/\/revistaepocadigital.com.ar\/?p=30125"},"modified":"2025-07-24T11:52:32","modified_gmt":"2025-07-24T14:52:32","slug":"osqui-carelle-levantar-el-pie-del-acelerador-ni-ahi","status":"publish","type":"post","link":"https:\/\/revistaepocadigital.com.ar\/?p=30125","title":{"rendered":"OSQUI CARELLE, \u00bfLEVANTAR EL PIE DEL ACELERADOR?, \u00a1NI AH\u00cd!"},"content":{"rendered":"<div class=\"ab_C k_w D_F H_7bcz en_0 P_2bJhi p_R m_Z14vXdP I_ZkbNhI gl_FM\" role=\"toolbar\" data-test-id=\"message-toolbar\" aria-label=\"Grupo de navegaci\u00f3n del teclado. Usa las flechas para navegar o el tabulador para pasar al siguiente grupo.\">\n<div class=\"D_F em_N gl_C\">\n<div class=\"M_1MYwXA cdPFi_Z1oI2WW C_Z1oI2WW C4_Z29WjXl cdPFi4_Z29WjXl\">\n<div>\n<header class=\"r_BN D_F W_6D6F p_R P_Zjgzuf ir_0\" aria-label=\"Mensaje\">\n<div class=\"D_F ac_FT ab_CI en_0\"><strong>Es <span class=\"u_b en_0 c1AVi73_6FsP c1AVi7H_6LEV C4_Z29WjXl\" data-test-id=\"message-from\"><span class=\"D_F rtlI_dz_sSg\" data-test-id=\"email-pill\">Oscar Humberto Carelle.<!--more--><\/span><\/span><\/strong><\/div>\n<div><\/div>\n<div class=\"D_F en_0 M_3gJOe A_6Eb4 c1AVi73_6EWk C_Z1VRqsb\" data-test-id=\"message-date\">Apasionado por el automovilismo, como otros representantes exaltacrucenses. Vive en Diego Gaynor, corre y le pone toda la pila en la categor\u00eda TC 850 con un impecable Fiat 600. Y junto a Osqui &#8220;corre&#8221; su familia, sus hinchas n\u00famero 1, los hermanos, Elisabet y Pablo, sus padres Oscar y Bety Sacfini, los sobrinos Lila, Benjamin y Almendra y hasta su perro salchicha, Dony! Oscar conjuga el automovilismo con su trabajo en &#8220;OHC transporte y Log\u00edstica&#8221;, empresa dedicada al transporte, movimiento de suelos, venta y provisi\u00f3n de \u00e1ridos para caminos rurales y materiales para la construcci\u00f3n al por mayor y menor.<\/div>\n<\/header>\n<\/div>\n<div data-test-id=\"message-body-container\">\n<div class=\"I_ZkbNhI D_FY W_6D6F\" data-test-id=\"message-view-body\">\n<div class=\"msg-body P_wpofO mq_AS\" data-test-id=\"message-view-body-content\">\n<div class=\"jb_0 X_6MGW N_6Fd5\">\n<div id=\"yiv1546216110\">\n<div><\/div>\n<div>El de Diego Gaynor habl\u00f3 con EPOCA, <em>&#8220;Esta linda locura de hacer automovilismo empez\u00f3 en marzo de 2020. Fue cuando tuve mi primera experiencia con un auto de carreras, se lo alquil\u00e9 al &#8220;Pichito&#8221; Juan Manuel Iglesias de San Pedro, era el due\u00f1o de un TC Zonal con motor seis cilindros&#8221;.<\/em><\/div>\n<\/div>\n<div>\n<figure id=\"attachment_30138\" aria-describedby=\"caption-attachment-30138\" style=\"width: 696px\" class=\"wp-caption aligncenter\"><img loading=\"lazy\" decoding=\"async\" class=\"size-large wp-image-30138\" src=\"https:\/\/revistaepocadigital.com.ar\/wp-content\/uploads\/2025\/07\/carele1-1-900x1200.jpeg\" alt=\"\" width=\"696\" height=\"928\" srcset=\"https:\/\/revistaepocadigital.com.ar\/wp-content\/uploads\/2025\/07\/carele1-1-900x1200.jpeg 900w, https:\/\/revistaepocadigital.com.ar\/wp-content\/uploads\/2025\/07\/carele1-1-225x300.jpeg 225w, https:\/\/revistaepocadigital.com.ar\/wp-content\/uploads\/2025\/07\/carele1-1-768x1024.jpeg 768w, https:\/\/revistaepocadigital.com.ar\/wp-content\/uploads\/2025\/07\/carele1-1-1152x1536.jpeg 1152w, https:\/\/revistaepocadigital.com.ar\/wp-content\/uploads\/2025\/07\/carele1-1-696x928.jpeg 696w, https:\/\/revistaepocadigital.com.ar\/wp-content\/uploads\/2025\/07\/carele1-1-1392x1856.jpeg 1392w, https:\/\/revistaepocadigital.com.ar\/wp-content\/uploads\/2025\/07\/carele1-1-1068x1424.jpeg 1068w, https:\/\/revistaepocadigital.com.ar\/wp-content\/uploads\/2025\/07\/carele1-1-315x420.jpeg 315w, https:\/\/revistaepocadigital.com.ar\/wp-content\/uploads\/2025\/07\/carele1-1-630x840.jpeg 630w, https:\/\/revistaepocadigital.com.ar\/wp-content\/uploads\/2025\/07\/carele1-1.jpeg 1440w\" sizes=\"auto, (max-width: 696px) 100vw, 696px\" \/><figcaption id=\"caption-attachment-30138\" class=\"wp-caption-text\">\u00c8n marcha, el auto de Carelle de TC850\u00a0 en el trailer, detr\u00e1s de la casa rodante del equipo del de Diego Gaynor.<\/figcaption><\/figure>\n<\/div>\n<\/div>\n<\/div>\n<div><\/div>\n<div class=\"msg-body P_wpofO mq_AS\" data-test-id=\"message-view-body-content\">\n<div class=\"jb_0 X_6MGW N_6Fd5\">\n<div id=\"yiv1546216110\">\n<div>Ese arranque se vio detenido por la pandemia,<em> &#8220;s\u00ed, como todos padecimos y sabemos, se cerr\u00f3 absolutamente todo y me qued\u00e9 con gusto a poco ya que hab\u00eda sido una muy linda experiencia, pero al ser totalmente nueva para mi,\u00a0 quer\u00eda seguir sintiendo esa adrenalina inexplicable que te genera correr en un auto. Anduve mejor de lo esperado en esa carrera inicial y el Pichito me convenci\u00f3 para que siguiera, el tiene gran conocimiento de la categor\u00eda TC 850. Me sugiri\u00f3 que construyera un Fiat 600 para esta gran categor\u00eda<\/em> (lo remarca)&#8221;.<\/div>\n<\/div>\n<div><\/div>\n<div id=\"yiv1546216110\">\n<div><\/div>\n<div><em>&#8220;Nos tom\u00f3 pr\u00e1cticamente dos a\u00f1os la construcci\u00f3<\/em>n -apunta-, <em>y el tiempo del desarrollo para empezar\u00a0a figurar de a poco con los de adelante, a eso sum\u00e1 que yo fui adquiriendo experiencia y perfeccionando todo el conjunto&#8221;<\/em>.<\/div>\n<div><\/div>\n<div>El esperado y ansiado debut lleg\u00f3 en 2023,<em> &#8220;el chasis lo atendi\u00f3 Juan Manuel y Leo Cosma, de San Nicol\u00e1s, se encarg\u00f3 de los motores&#8221;,<\/em> ampl\u00eda Carelle y contin\u00faa, <em>&#8220;con mi viejo en el 2024, tomamos la dif\u00edcil decisi\u00f3n de hacer el armado y el chasis en nuestro galp\u00f3n en Diego Gaynor.\u00a0Empez\u00f3 un lindo desaf\u00edo, modificando cosas del chasis. Luego conoc\u00ed a Luis Gerstner de &#8220;Tigres Racing&#8221;, a quien agradezco mucho el asesoramiento que me brind\u00f3 y la mano grande con la suspensi\u00f3n. Como te digo, ah\u00ed comenzamos a trabajar para explorar y explotar el reglamento al m\u00e1ximo, y a su vez intentando siempre ganar en performance. Y lo logramos, y la verdad estamos muy orgullosos. Despu\u00e9s de tanto trabajo, estoy en condiciones de decir que &#8211;<\/em>enfatiza-,<em> el conjunto, todo el equipo, el auto, motor y yo como piloto estamos alineados para pelear al campeonato 2025 que se est\u00e1 desarrollando&#8221;.<\/em><\/div>\n<\/div>\n<\/div>\n<div><img loading=\"lazy\" decoding=\"async\" class=\"aligncenter size-large wp-image-30137\" src=\"https:\/\/revistaepocadigital.com.ar\/wp-content\/uploads\/2025\/07\/carele-1200x900.jpeg\" alt=\"\" width=\"696\" height=\"522\" srcset=\"https:\/\/revistaepocadigital.com.ar\/wp-content\/uploads\/2025\/07\/carele-1200x900.jpeg 1200w, https:\/\/revistaepocadigital.com.ar\/wp-content\/uploads\/2025\/07\/carele-300x225.jpeg 300w, https:\/\/revistaepocadigital.com.ar\/wp-content\/uploads\/2025\/07\/carele-768x576.jpeg 768w, https:\/\/revistaepocadigital.com.ar\/wp-content\/uploads\/2025\/07\/carele-1536x1152.jpeg 1536w, https:\/\/revistaepocadigital.com.ar\/wp-content\/uploads\/2025\/07\/carele-80x60.jpeg 80w, https:\/\/revistaepocadigital.com.ar\/wp-content\/uploads\/2025\/07\/carele-160x120.jpeg 160w, https:\/\/revistaepocadigital.com.ar\/wp-content\/uploads\/2025\/07\/carele-265x198.jpeg 265w, https:\/\/revistaepocadigital.com.ar\/wp-content\/uploads\/2025\/07\/carele-696x522.jpeg 696w, https:\/\/revistaepocadigital.com.ar\/wp-content\/uploads\/2025\/07\/carele-1392x1044.jpeg 1392w, https:\/\/revistaepocadigital.com.ar\/wp-content\/uploads\/2025\/07\/carele-1068x801.jpeg 1068w, https:\/\/revistaepocadigital.com.ar\/wp-content\/uploads\/2025\/07\/carele-560x420.jpeg 560w, https:\/\/revistaepocadigital.com.ar\/wp-content\/uploads\/2025\/07\/carele-1120x840.jpeg 1120w, https:\/\/revistaepocadigital.com.ar\/wp-content\/uploads\/2025\/07\/carele-rotated.jpeg 1920w\" sizes=\"auto, (max-width: 696px) 100vw, 696px\" \/><\/div>\n<div class=\"jb_0 X_6MGW N_6Fd5\">\n<div>Carelle junto a su padre y un amigo, en la casa rodante rumbo a una carrera.<\/div>\n<div id=\"yiv1546216110\">\n<div><\/div>\n<div>Osqui, cuando EPOCA le pregunta detalla como se vino dando su campa\u00f1a en el automovilismo, <em>&#8220;en 2023 termin\u00e9 octavo en el campeonato, cosechamos terceros, cuarto y quinto puestos, con una rotura del motor que nos complico el cierre del a\u00f1o. En el \u00b424, qued\u00e9 cuarto en el campeonato, despu\u00e9s de lograr dos hermosas y muy importantes triunfos, en el Aut\u00f3dromo Eusebio Marcilla de Jun\u00edn y en la fecha siguiente, s\u00e9ptima, en el tan conocido Circuito Barrancas de Baradero, tambi\u00e9n llegu\u00e9 varias veces, segundo y tercero. Tambi\u00e9n tuvimos la mala suerte de romper el motor, fue en la carrera en Col\u00f3n, Buenos Aires, y de nuevo nos vimos complicados para terminar el a\u00f1o&#8221;.<\/em><\/div>\n<\/div>\n<div>\n<figure id=\"attachment_30144\" aria-describedby=\"caption-attachment-30144\" style=\"width: 528px\" class=\"wp-caption aligncenter\"><img loading=\"lazy\" decoding=\"async\" class=\"size-full wp-image-30144\" src=\"https:\/\/revistaepocadigital.com.ar\/wp-content\/uploads\/2025\/07\/carell4-1.jpg\" alt=\"\" width=\"528\" height=\"336\" \/><figcaption id=\"caption-attachment-30144\" class=\"wp-caption-text\">El festejo en uno de los podios.<\/figcaption><\/figure>\n<\/div>\n<div id=\"yiv1546216110\">\n<div><\/div>\n<div>Con el campeonato 2025 en pleno tr\u00e1nsito, Carelle comenta: &#8220;<em>van cuatro fechas<\/em> (al momento de esta entrevista) y estamos cuarto en las posicion<em>es en el campeonato. En la primera fecha en el circuito Costanero de Arrecifes, tuve que abandonar porque se me rompi\u00f3 la caja, en la siguiente en Baradero llegu\u00e9 segundo; en Col\u00f3n fu\u00ed quinto y de nuevo consegu\u00ed otro un muy buen resultado cuando llegu\u00e9 segundo en el Aut\u00f3dromo de San Nicol\u00e1s, y bueno seguimos meti\u00e9ndole duro, el TC 850 es una categor\u00eda muy dura y competitiva.<\/em><\/div>\n<\/div>\n<div><\/div>\n<div id=\"yiv1546216110\">\n<div>En 2024 y 2025 sigue utilizando los motores alistados por el arrecife\u00f1o Walter Ferrari, &#8220;a quien agradezco por tanto trabajo&#8221;, y el<em> &#8220;armado del auto y chasis lo hacemos \u00edntegramente mi viejo y yo en Diego Gaynor. De paso les digo, invitamos a quien le guste, a tomar unos mates en el taller!&#8221;.<\/em><\/div>\n<div><\/div>\n<div>El motor del Fiat de Oscar tiene una potencia de alrededor de 100 CV, y el auto va calzado con gomas Pirelli. Al\u00a0 TC 850, lo fiscaliza FEDENOR que forma parte de la ACTC), y el campeonato comprende 10 fechas en el a\u00f1o. Los espect\u00e1culos de TC 850 son compartidos con nada menos que siete categor\u00edas m\u00e1s, TC 4000, F\u00f3rmula Renault, Promocional 1100, TC del Norte (Chasis), TC zonal (Chasis con motores m\u00e1s potentes), Turismo Pista 1600 y Monomarca 128. \u00a1Hay para pasarla bien!<\/div>\n<\/div>\n<\/div>\n<div>\n<figure id=\"attachment_30146\" aria-describedby=\"caption-attachment-30146\" style=\"width: 540px\" class=\"wp-caption aligncenter\"><img loading=\"lazy\" decoding=\"async\" class=\"size-full wp-image-30146\" src=\"https:\/\/revistaepocadigital.com.ar\/wp-content\/uploads\/2025\/07\/carelle-2.jpg\" alt=\"\" width=\"540\" height=\"436\" srcset=\"https:\/\/revistaepocadigital.com.ar\/wp-content\/uploads\/2025\/07\/carelle-2.jpg 540w, https:\/\/revistaepocadigital.com.ar\/wp-content\/uploads\/2025\/07\/carelle-2-300x242.jpg 300w, https:\/\/revistaepocadigital.com.ar\/wp-content\/uploads\/2025\/07\/carelle-2-520x420.jpg 520w\" sizes=\"auto, (max-width: 540px) 100vw, 540px\" \/><figcaption id=\"caption-attachment-30146\" class=\"wp-caption-text\">El de Diego Gaynor luego de un tercer puesto.<\/figcaption><\/figure>\n<\/div>\n<div class=\"jb_0 X_6MGW N_6Fd5\">\n<div id=\"yiv1546216110\">\n<div>No olvida Oscar a quienes como el, viven a fondo el automovilismo, &#8220;<em>desde ya, agradezco a todos los que me dan una mano, y nos ayudan a empujar el proyecto, son los mejores e incansables, sin ellos no podr\u00eda hacer nada; los que siempre vamos a las carreras, un amigo como Lalo Diaz que vive en Fatima, el Tero Sacfini, mi t\u00edo y padrino de Capilla del Se\u00f1or y desde ya mi padre, Oscar Humberto Carelle. Por supuesto te repito mi agradecimiento a todos los que empujan al &#8220;123&#8221; desde donde pueden y como pueden, amigos, familia, vecinos, sponsors, gente que conoc\u00ed en el ambiente&#8221;.<\/em><\/div>\n<div>los que se van sumando, son los mejores!\u00a0 y sin ellos nada podr\u00eda ser posible. Gracias!!<\/div>\n<div><\/div>\n<div><\/div>\n<div><\/div>\n<div>Instagram personal:\u00a0Osquicarelle\u00a0 (donde informa en forma permanente de sus actuaciones en las carreras).<\/div>\n<div>Instagram trabajo:\u00a0OHC_transporte\u00a0 (se ven algunos trabajos realizados y materiales a la venta)<\/div>\n<\/div>\n<\/div>\n<\/div>\n<\/div>\n<\/div>\n<\/div>\n<\/div>\n<\/div>\n<p>&nbsp;<\/p>\n<p>&nbsp;<\/p>\n","protected":false},"excerpt":{"rendered":"<p>Es Oscar Humberto Carelle.<\/p>\n","protected":false},"author":4,"featured_media":30140,"comment_status":"open","ping_status":"open","sticky":false,"template":"","format":"standard","meta":{"footnotes":"","jetpack_publicize_message":"","jetpack_publicize_feature_enabled":true,"jetpack_social_post_already_shared":true,"jetpack_social_options":{"image_generator_settings":{"template":"highway","default_image_id":0,"font":"","enabled":false},"version":2}},"categories":[9],"tags":[3233,952],"class_list":["post-30125","post","type-post","status-publish","format-standard","has-post-thumbnail","hentry","category-deportes","tag-carelle","tag-diego-gaynor"],"jetpack_publicize_connections":[],"jetpack_featured_media_url":"https:\/\/revistaepocadigital.com.ar\/wp-content\/uploads\/2025\/07\/carelle1.jpg","jetpack_likes_enabled":true,"_links":{"self":[{"href":"https:\/\/revistaepocadigital.com.ar\/index.php?rest_route=\/wp\/v2\/posts\/30125","targetHints":{"allow":["GET"]}}],"collection":[{"href":"https:\/\/revistaepocadigital.com.ar\/index.php?rest_route=\/wp\/v2\/posts"}],"about":[{"href":"https:\/\/revistaepocadigital.com.ar\/index.php?rest_route=\/wp\/v2\/types\/post"}],"author":[{"embeddable":true,"href":"https:\/\/revistaepocadigital.com.ar\/index.php?rest_route=\/wp\/v2\/users\/4"}],"replies":[{"embeddable":true,"href":"https:\/\/revistaepocadigital.com.ar\/index.php?rest_route=%2Fwp%2Fv2%2Fcomments&post=30125"}],"version-history":[{"count":0,"href":"https:\/\/revistaepocadigital.com.ar\/index.php?rest_route=\/wp\/v2\/posts\/30125\/revisions"}],"wp:featuredmedia":[{"embeddable":true,"href":"https:\/\/revistaepocadigital.com.ar\/index.php?rest_route=\/wp\/v2\/media\/30140"}],"wp:attachment":[{"href":"https:\/\/revistaepocadigital.com.ar\/index.php?rest_route=%2Fwp%2Fv2%2Fmedia&parent=30125"}],"wp:term":[{"taxonomy":"category","embeddable":true,"href":"https:\/\/revistaepocadigital.com.ar\/index.php?rest_route=%2Fwp%2Fv2%2Fcategories&post=30125"},{"taxonomy":"post_tag","embeddable":true,"href":"https:\/\/revistaepocadigital.com.ar\/index.php?rest_route=%2Fwp%2Fv2%2Ftags&post=30125"}],"curies":[{"name":"wp","href":"https:\/\/api.w.org\/{rel}","templated":true}]}}