{"id":30198,"date":"2025-07-28T22:30:53","date_gmt":"2025-07-29T01:30:53","guid":{"rendered":"https:\/\/revistaepocadigital.com.ar\/?p=30198"},"modified":"2025-07-28T22:31:10","modified_gmt":"2025-07-29T01:31:10","slug":"como-se-le-faltara-algo-al-grave-momento-de-boca-demanda-de-villa-por-una-fortuna-y-versiones-cruzadas","status":"publish","type":"post","link":"https:\/\/revistaepocadigital.com.ar\/?p=30198","title":{"rendered":"Como se le faltara algo al grave momento de  Boca. Demanda de Villa por una fortuna y versiones cruzadas"},"content":{"rendered":"<div class=\"xdj266r x14z9mp xat24cr x1lziwak x1vvkbs x126k92a\">\n<div dir=\"auto\"><strong>EL BOCA PRESIDIDO POR EL \u00cdDOLO ROM\u00c1N RIQUELME, CONTROVERTIDO Y CUESTIONADO, SUMA CONFLICTOS.<\/strong><\/div>\n<div dir=\"auto\"><\/div>\n<\/div>\n<p><!--more--><\/p>\n<div class=\"x14z9mp xat24cr x1lziwak x1vvkbs xtlvy1s x126k92a\">\n<div dir=\"auto\">El delantero colombiano, hoy en Independiente Rivadavia, pretende cobrar una indemnizaci\u00f3n por \u201cdespido en forma indirecta\u201d. En cambio, el Xeneize le exige 20 millones de d\u00f3lares.<\/div>\n<\/div>\n<div class=\"x14z9mp xat24cr x1lziwak x1vvkbs xtlvy1s x126k92a\">\n<div dir=\"auto\"><\/div>\n<div dir=\"auto\">Sebasti\u00e1n Villa demand\u00f3 a Boca en la Justicia hace unos d\u00edas y pretende m\u00e1s de 236 millones de pesos y 2 millones de d\u00f3lares, ya que asegura que sufri\u00f3 un \u201cdespido en forma indirecta\u201d cuando se march\u00f3 a mediados de 2023, adem\u00e1s de argumentar diferencias salariales y da\u00f1os.<\/div>\n<\/div>\n<div class=\"x14z9mp xat24cr x1lziwak x1vvkbs xtlvy1s x126k92a\">\n<div dir=\"auto\"><\/div>\n<div dir=\"auto\">En el medio, Boca recurri\u00f3 a la FIFA para reclamar la liberaci\u00f3n de su cupo de extranjero, el resarcimiento de 5 millones de d\u00f3lares y sanciones deportivas. Sin embargo, el ente regulador del deporte m\u00e1s popular del mundo se declar\u00f3 incompetente y liber\u00f3 al jugador de todo cargo.<\/div>\n<div dir=\"auto\"><\/div>\n<\/div>\n<div class=\"x14z9mp xat24cr x1lziwak x1vvkbs xtlvy1s x126k92a\">\n<div dir=\"auto\">En julio del a\u00f1o pasado Villa regres\u00f3 a la Argentina para ponerse la camiseta de Independiente Rivadavia de Mendoza, pero al mismo tiempo el conflicto legal entre el delantero y el club se sigue incrementando en la Justicia ordinaria a la espera de una resoluci\u00f3n.<\/div>\n<div dir=\"auto\"><\/div>\n<\/div>\n","protected":false},"excerpt":{"rendered":"<p>EL BOCA PRESIDIDO POR EL \u00cdDOLO ROM\u00c1N RIQUELME, CONTROVERTIDO Y CUESTIONADO, SUMA CONFLICTOS.<\/p>\n","protected":false},"author":3,"featured_media":30204,"comment_status":"open","ping_status":"open","sticky":false,"template":"","format":"standard","meta":{"footnotes":"","jetpack_publicize_message":"","jetpack_publicize_feature_enabled":true,"jetpack_social_post_already_shared":true,"jetpack_social_options":{"image_generator_settings":{"template":"highway","default_image_id":0,"font":"","enabled":false},"version":2}},"categories":[15],"tags":[744,37,3243,3242],"class_list":["post-30198","post","type-post","status-publish","format-standard","has-post-thumbnail","hentry","category-lo-que-tenes-que-saber","tag-boca","tag-destacada","tag-juicio","tag-villa"],"jetpack_publicize_connections":[],"jetpack_featured_media_url":"https:\/\/revistaepocadigital.com.ar\/wp-content\/uploads\/2025\/07\/VILLLA.jpg","jetpack_likes_enabled":true,"_links":{"self":[{"href":"https:\/\/revistaepocadigital.com.ar\/index.php?rest_route=\/wp\/v2\/posts\/30198","targetHints":{"allow":["GET"]}}],"collection":[{"href":"https:\/\/revistaepocadigital.com.ar\/index.php?rest_route=\/wp\/v2\/posts"}],"about":[{"href":"https:\/\/revistaepocadigital.com.ar\/index.php?rest_route=\/wp\/v2\/types\/post"}],"author":[{"embeddable":true,"href":"https:\/\/revistaepocadigital.com.ar\/index.php?rest_route=\/wp\/v2\/users\/3"}],"replies":[{"embeddable":true,"href":"https:\/\/revistaepocadigital.com.ar\/index.php?rest_route=%2Fwp%2Fv2%2Fcomments&post=30198"}],"version-history":[{"count":0,"href":"https:\/\/revistaepocadigital.com.ar\/index.php?rest_route=\/wp\/v2\/posts\/30198\/revisions"}],"wp:featuredmedia":[{"embeddable":true,"href":"https:\/\/revistaepocadigital.com.ar\/index.php?rest_route=\/wp\/v2\/media\/30204"}],"wp:attachment":[{"href":"https:\/\/revistaepocadigital.com.ar\/index.php?rest_route=%2Fwp%2Fv2%2Fmedia&parent=30198"}],"wp:term":[{"taxonomy":"category","embeddable":true,"href":"https:\/\/revistaepocadigital.com.ar\/index.php?rest_route=%2Fwp%2Fv2%2Fcategories&post=30198"},{"taxonomy":"post_tag","embeddable":true,"href":"https:\/\/revistaepocadigital.com.ar\/index.php?rest_route=%2Fwp%2Fv2%2Ftags&post=30198"}],"curies":[{"name":"wp","href":"https:\/\/api.w.org\/{rel}","templated":true}]}}