{"id":30222,"date":"2025-07-29T20:21:58","date_gmt":"2025-07-29T23:21:58","guid":{"rendered":"https:\/\/revistaepocadigital.com.ar\/?p=30222"},"modified":"2025-07-29T20:30:27","modified_gmt":"2025-07-29T23:30:27","slug":"juan-jose-de-trapaga-fue-una-gran-referencia-para-todos","status":"publish","type":"post","link":"https:\/\/revistaepocadigital.com.ar\/?p=30222","title":{"rendered":"JUAN JOS\u00c9 DE TR\u00c1PAGA, FUE UNA GRAN REFERENCIA PARA TODOS"},"content":{"rendered":"<p><span class=\"xt0psk2\"><strong>EL FALLECIMIENTO DEL VECINO CAUS\u00d3 MUCHA TRISTEZA.<\/strong><\/span><!--more--><\/p>\n<p>Juan Jos\u00e9 de Tr\u00e1paga, un hombre afincado en Cardalesjunto a su familia desde hac\u00eda d\u00e9cadas. Un hombre quien, desde siempre se mostr\u00f3 comprometido con el quehacer cardalense, demostrandolo en innumerables ocasiones.<\/p>\n<p>Un vecino muy valioso como ser humano, supo ganarse el aprecio sincero de todos los cardalenses, en forma constante dispuesto para colaborar.<\/p>\n<p>Juan Jos\u00e9 de Tr\u00e1paga, &#8220;Juanjo&#8221; para la gran mayor\u00eda ser\u00e1 siempre recordado con el Referente que fue en Cardales.<\/p>\n<p>El mensaje publicado por el ex-intendente Adri\u00e1n S\u00e1nchez que EPOCA reproduce, sea porque no reflejo de quien fue Juan Jos\u00e9 de Tr\u00e0paga<\/p>\n<div class=\"x1lliihq xjkvuk6 x1iorvi4\">\n<div class=\"xdj266r x14z9mp xat24cr x1lziwak x1vvkbs\">\n<div dir=\"auto\"><\/div>\n<div dir=\"auto\">Acompa\u00f1os el sentimiento a su esposa, fiel compa\u00f1era,\u00a0 Laura; sus hijos Fernando, Gustavo, Javier, Juampa, nietos, familiares, amigos, afectos, en este triste momento de profundo dolor ante la partida a la Casa del Padre de nuestro querido Juan Jos\u00e9 de Trapaga,\u00a0 &#8220;Juanjo&#8221; como asi lo llamabamos.<\/div>\n<div dir=\"auto\">Ser\u00eda muy extenso describir su vida, y poder resumir en muy pocas palabras su &#8220;personalidad solidaria. Adem\u00e1s de haber sido muy buen padre, esposo, amigo, vecino y mejor ser humano, siempre dispuesto ayudar.<\/div>\n<div dir=\"auto\"><\/div>\n<div dir=\"auto\">Lleg\u00f3 a Los Cardales en la d\u00e9cada del 70, y se convirti\u00f3 en una figura social mente muy activa a partir de la d\u00e9ecada del 80, (cuando abr\u00edo las puertas de su casa a la sociedad, en la organizaci\u00f3n de multitudinarias reuniones y fiestas) , desde la Asociacion de Fomento de Parque Natura, Alto Los Cardales, (Campana), y asi logr\u00f3 un exitoso nivel de conocimiento e intercambio de relaciones y conocimiento personal entre residentes del Country Club Los Cardales, la zona residencial Alto Los Cardales, con el pueblo de Los Cardales (Exaltaci\u00f3n de la Cruz), que lo hizo liderar la construcci\u00f3n de la actual Delegaci\u00f3n Municipal y Destacamento Policial de Alto Los Cardales (partido de Campana) ubicado sobre Ruta 4.<\/div>\n<div dir=\"auto\"><\/div>\n<div dir=\"auto\">CRUZO los l\u00edmites hacia Los Cardales, Exaltaci\u00f3n de la Cruz, donde ya hab\u00eda integrado la Comision de la Cooperadora de la Sala De Primeros Auxilios de Los Cardales, Rotary Club, el Hogar de Tr\u00e1nsito, &#8221; Peque\u00f1o Hogar Exaltacion&#8221;, La Comisi\u00f3n de la Fogata de Ssan Juan.\u00a0 Llev\u00f3 adelante la construccion del Jard\u00edn Maternal, &#8220;El Cardalito&#8221;, la Escuela N* 19, y Secundaria N* 2 y un sinn\u00famero de acciones. Siempre estaba dispuesto ayudar.<\/div>\n<div dir=\"auto\"><\/div>\n<div dir=\"auto\">Se nos fue un Prohombre. UN GRANDE, un Cardalero de Ley. Pidamos una oraci\u00f3n para su eterno descanso en Paz<\/div>\n<div dir=\"auto\"><\/div>\n<\/div>\n<\/div>\n<div dir=\"auto\"><em>Adri\u00e1n S\u00e1nchez<\/em><\/div>\n","protected":false},"excerpt":{"rendered":"<p>EL FALLECIMIENTO DEL VECINO CAUS\u00d3 MUCHA TRISTEZA.<\/p>\n","protected":false},"author":3,"featured_media":30225,"comment_status":"open","ping_status":"open","sticky":false,"template":"","format":"standard","meta":{"footnotes":"","jetpack_publicize_message":"","jetpack_publicize_feature_enabled":true,"jetpack_social_post_already_shared":true,"jetpack_social_options":{"image_generator_settings":{"template":"highway","default_image_id":0,"font":"","enabled":false},"version":2}},"categories":[4],"tags":[3246,405],"class_list":["post-30222","post","type-post","status-publish","format-standard","has-post-thumbnail","hentry","category-aqui-los-cardales","tag-de-trapaga","tag-fallecimiento"],"jetpack_publicize_connections":[],"jetpack_featured_media_url":"https:\/\/revistaepocadigital.com.ar\/wp-content\/uploads\/2025\/07\/Reconocimiento-Juano-Trapaga-1.jpg","jetpack_likes_enabled":true,"_links":{"self":[{"href":"https:\/\/revistaepocadigital.com.ar\/index.php?rest_route=\/wp\/v2\/posts\/30222","targetHints":{"allow":["GET"]}}],"collection":[{"href":"https:\/\/revistaepocadigital.com.ar\/index.php?rest_route=\/wp\/v2\/posts"}],"about":[{"href":"https:\/\/revistaepocadigital.com.ar\/index.php?rest_route=\/wp\/v2\/types\/post"}],"author":[{"embeddable":true,"href":"https:\/\/revistaepocadigital.com.ar\/index.php?rest_route=\/wp\/v2\/users\/3"}],"replies":[{"embeddable":true,"href":"https:\/\/revistaepocadigital.com.ar\/index.php?rest_route=%2Fwp%2Fv2%2Fcomments&post=30222"}],"version-history":[{"count":0,"href":"https:\/\/revistaepocadigital.com.ar\/index.php?rest_route=\/wp\/v2\/posts\/30222\/revisions"}],"wp:featuredmedia":[{"embeddable":true,"href":"https:\/\/revistaepocadigital.com.ar\/index.php?rest_route=\/wp\/v2\/media\/30225"}],"wp:attachment":[{"href":"https:\/\/revistaepocadigital.com.ar\/index.php?rest_route=%2Fwp%2Fv2%2Fmedia&parent=30222"}],"wp:term":[{"taxonomy":"category","embeddable":true,"href":"https:\/\/revistaepocadigital.com.ar\/index.php?rest_route=%2Fwp%2Fv2%2Fcategories&post=30222"},{"taxonomy":"post_tag","embeddable":true,"href":"https:\/\/revistaepocadigital.com.ar\/index.php?rest_route=%2Fwp%2Fv2%2Ftags&post=30222"}],"curies":[{"name":"wp","href":"https:\/\/api.w.org\/{rel}","templated":true}]}}