{"id":30226,"date":"2025-07-31T10:08:04","date_gmt":"2025-07-31T13:08:04","guid":{"rendered":"https:\/\/revistaepocadigital.com.ar\/?p=30226"},"modified":"2025-07-31T10:19:02","modified_gmt":"2025-07-31T13:19:02","slug":"ips-quienes-perciben-haberes-hoy-jueves-31","status":"publish","type":"post","link":"https:\/\/revistaepocadigital.com.ar\/?p=30226","title":{"rendered":"IPS. \u00bfQUI\u00c9NES PERCIBEN HABERES HOY JUEVES 31?"},"content":{"rendered":"<p><strong>informaci\u00f3n \u00fatil.<!--more--><\/strong><br \/>\nEl Instituto de Previsi\u00f3n Social (IPS) informa que, hoy jueves 31, contin\u00faa el calendario de<br \/>\npagos de los haberes de julio, para las personas jubiladas y pensionadas de la provincia de<br \/>\nBuenos Aires, seg\u00fan cronograma que se detalla a continuaci\u00f3n:<br \/>\nJueves 31 de julio:<br \/>\n\u25cf para jubilaciones y pensiones con DNI terminados en: 4, 5, 6, 7, 8 y 9<br \/>\nEl organismo previsional record\u00f3 adem\u00e1s que el vencimiento del pago por ventanilla ser\u00e1<br \/>\nhasta el 25 de agosto<!--more--><\/p>\n","protected":false},"excerpt":{"rendered":"<p>informaci\u00f3n \u00fatil.<\/p>\n","protected":false},"author":3,"featured_media":0,"comment_status":"open","ping_status":"open","sticky":false,"template":"","format":"standard","meta":{"footnotes":"","jetpack_publicize_message":"","jetpack_publicize_feature_enabled":true,"jetpack_social_post_already_shared":true,"jetpack_social_options":{"image_generator_settings":{"template":"highway","default_image_id":0,"font":"","enabled":false},"version":2}},"categories":[81],"tags":[2654],"class_list":["post-30226","post","type-post","status-publish","format-standard","hentry","category-anses","tag-ips-pagos"],"jetpack_publicize_connections":[],"jetpack_featured_media_url":"","jetpack_likes_enabled":true,"_links":{"self":[{"href":"https:\/\/revistaepocadigital.com.ar\/index.php?rest_route=\/wp\/v2\/posts\/30226","targetHints":{"allow":["GET"]}}],"collection":[{"href":"https:\/\/revistaepocadigital.com.ar\/index.php?rest_route=\/wp\/v2\/posts"}],"about":[{"href":"https:\/\/revistaepocadigital.com.ar\/index.php?rest_route=\/wp\/v2\/types\/post"}],"author":[{"embeddable":true,"href":"https:\/\/revistaepocadigital.com.ar\/index.php?rest_route=\/wp\/v2\/users\/3"}],"replies":[{"embeddable":true,"href":"https:\/\/revistaepocadigital.com.ar\/index.php?rest_route=%2Fwp%2Fv2%2Fcomments&post=30226"}],"version-history":[{"count":0,"href":"https:\/\/revistaepocadigital.com.ar\/index.php?rest_route=\/wp\/v2\/posts\/30226\/revisions"}],"wp:attachment":[{"href":"https:\/\/revistaepocadigital.com.ar\/index.php?rest_route=%2Fwp%2Fv2%2Fmedia&parent=30226"}],"wp:term":[{"taxonomy":"category","embeddable":true,"href":"https:\/\/revistaepocadigital.com.ar\/index.php?rest_route=%2Fwp%2Fv2%2Fcategories&post=30226"},{"taxonomy":"post_tag","embeddable":true,"href":"https:\/\/revistaepocadigital.com.ar\/index.php?rest_route=%2Fwp%2Fv2%2Ftags&post=30226"}],"curies":[{"name":"wp","href":"https:\/\/api.w.org\/{rel}","templated":true}]}}