{"id":30234,"date":"2025-08-01T01:47:21","date_gmt":"2025-08-01T04:47:21","guid":{"rendered":"https:\/\/revistaepocadigital.com.ar\/?p=30234"},"modified":"2025-08-01T01:47:21","modified_gmt":"2025-08-01T04:47:21","slug":"se-hace-camino-al-andar-en-el-club-de-robles-saben-que-el-esfuerzo-y-trabajo-son-las-consignas","status":"publish","type":"post","link":"https:\/\/revistaepocadigital.com.ar\/?p=30234","title":{"rendered":"SE HACE CAMINO AL ANDAR. EN EL CLUB DE ROBLES, SABEN QUE EL ESFUERZO Y TRABAJO SON LAS CONSIGNAS"},"content":{"rendered":"<p><strong>Y ESAS CONDICIONES PUEDEN PLASMARSE ANTE AVANCES Y PROGRESO QUE SE PUEDEN VER EN EL CLUB SOCIAL Y DEPORTIVO ROBLES<\/strong>.<!--more-->Las severas contingencias que han venido rodeando a la Argentina, se convirtieron en obst\u00e1culos para millones de argentinos. Sin embargo, al mismo tiempo surgieron ejemplos para demostrar que con convicciones y trabajo, es posible alcanzar metas, logros.<\/p>\n<p>Y aqu\u00ed, se nos referimos al quehacer exaltracrucense, bien vale mencionar como una muestra de esos atributos mencionados al Club Social y Deportivo Robles, una instuci\u00f3n clavada en el coraz\u00f3n todos los vecinos, en especifal, quienes residen en la zona de Parada Robles.<\/p>\n<p>El Club -seg\u00fan lo publicado por el peri\u00f3dico El Lugare\u00f1o, ha concretado uno de sus principales objetivos: la instalaci\u00f3n del nuevo techo de 900 metros cuadrados. La iniciativa fue posible merced tambi\u00e9n a la presencia de la Municipalidad de Exaltaci\u00f3n de la Cruz, la colaboraci\u00f3n de CEPRAL, y la participaci\u00f3n activa de excombatientes por las Islas Malvinas.<\/p>\n<p>Tras varios a\u00f1os de espera, el Club Social y Deportivo Robles celebra la finalizaci\u00f3n de la colocaci\u00f3n de un nuevo techo de 900 metros cuadrados, una obra clave para su crecimiento. Esta mejora de infraestructura permitir\u00e1 que el espacio cuente con mejores condiciones para desarrollar actividades deportivas y sociales por un largo per\u00edodo<\/p>\n<p><img loading=\"lazy\" decoding=\"async\" class=\"aligncenter size-medium wp-image-30238\" src=\"https:\/\/revistaepocadigital.com.ar\/wp-content\/uploads\/2025\/08\/Techo-club-robles-2-21-300x200.jpg\" alt=\"\" width=\"300\" height=\"200\" srcset=\"https:\/\/revistaepocadigital.com.ar\/wp-content\/uploads\/2025\/08\/Techo-club-robles-2-21-300x200.jpg 300w, https:\/\/revistaepocadigital.com.ar\/wp-content\/uploads\/2025\/08\/Techo-club-robles-2-21-696x464.jpg 696w, https:\/\/revistaepocadigital.com.ar\/wp-content\/uploads\/2025\/08\/Techo-club-robles-2-21-630x420.jpg 630w, https:\/\/revistaepocadigital.com.ar\/wp-content\/uploads\/2025\/08\/Techo-club-robles-2-21.jpg 720w\" sizes=\"auto, (max-width: 300px) 100vw, 300px\" \/><\/p>\n<p>.El proyecto fue impulsado por la comisi\u00f3n directiva acompa\u00f1ada la instituci\u00f3n por entidades del distrito: \u201cPor suerte hemos cumplido el sue\u00f1o de poder tener el techo nuevo porque no pod\u00edamos hacer nada que se llov\u00eda todo y ahora, ya est\u00e1 terminado y quer\u00edamos agradecerle a la Municipalidad, al intendente Diego Nanni, que nos ayud\u00f3 con todo lo que es el material para el techo, tambi\u00e9n agradecer a Cepral que nos don\u00f3 la mitad de la mano de obra y no dejar de agradecer a los excombatientes de Malvinas que ellos han respondido donando todo lo que es para hacer la zinguer\u00eda del club\u201d, coincidieron en afirmar directivos del Club, en tanto otro miembro, emocionado expres\u00f3, &#8220;Hace 50 a\u00f1os que estoy en el club, y ver c\u00f3mo ha crecido en estos a\u00f1os, la verdad que para nosotros es maravilloso porque ustedes piensen que ac\u00e1 era un patio de tierra y hoy tenemos todo esto que es impresionante\u201d.<\/p>\n<p>La colocaci\u00f3n del nuevo techo, ampli\u00f3 el medio citado, representa un paso fundamental para garantizar la continuidad de actividades deportivas en condiciones adecuadas, promoviendo el desarrollo de nuevas propuestas y fortaleciendo el sentido de pertenencia de la comunidad. \u201cDe esta manera, continuamos apoyando a nuestros clubes y deportistas, e incentivando la pr\u00e1ctica deportiva en todo Exaltaci\u00f3n de la Cruz\u201d, destacaron desde el Municipio.<\/p>\n<p>Foto gentileza peri\u00f3dico El Lugare\u00f1o<\/p>\n","protected":false},"excerpt":{"rendered":"<p>Y ESAS CONDICIONES PUEDEN PLASMARSE ANTE AVANCES Y PROGRESO QUE SE PUEDEN VER EN EL CLUB SOCIAL Y DEPORTIVO ROBLES.<\/p>\n","protected":false},"author":3,"featured_media":30236,"comment_status":"open","ping_status":"open","sticky":false,"template":"","format":"standard","meta":{"footnotes":"","jetpack_publicize_message":"","jetpack_publicize_feature_enabled":true,"jetpack_social_post_already_shared":true,"jetpack_social_options":{"image_generator_settings":{"template":"highway","default_image_id":0,"font":"","enabled":false},"version":2}},"categories":[5],"tags":[466,3248],"class_list":["post-30234","post","type-post","status-publish","format-standard","has-post-thumbnail","hentry","category-aqui-parada-robles","tag-club-robles","tag-techo"],"jetpack_publicize_connections":[],"jetpack_featured_media_url":"https:\/\/revistaepocadigital.com.ar\/wp-content\/uploads\/2025\/08\/Techo-club-robles-2-1.jpg","jetpack_likes_enabled":true,"_links":{"self":[{"href":"https:\/\/revistaepocadigital.com.ar\/index.php?rest_route=\/wp\/v2\/posts\/30234","targetHints":{"allow":["GET"]}}],"collection":[{"href":"https:\/\/revistaepocadigital.com.ar\/index.php?rest_route=\/wp\/v2\/posts"}],"about":[{"href":"https:\/\/revistaepocadigital.com.ar\/index.php?rest_route=\/wp\/v2\/types\/post"}],"author":[{"embeddable":true,"href":"https:\/\/revistaepocadigital.com.ar\/index.php?rest_route=\/wp\/v2\/users\/3"}],"replies":[{"embeddable":true,"href":"https:\/\/revistaepocadigital.com.ar\/index.php?rest_route=%2Fwp%2Fv2%2Fcomments&post=30234"}],"version-history":[{"count":0,"href":"https:\/\/revistaepocadigital.com.ar\/index.php?rest_route=\/wp\/v2\/posts\/30234\/revisions"}],"wp:featuredmedia":[{"embeddable":true,"href":"https:\/\/revistaepocadigital.com.ar\/index.php?rest_route=\/wp\/v2\/media\/30236"}],"wp:attachment":[{"href":"https:\/\/revistaepocadigital.com.ar\/index.php?rest_route=%2Fwp%2Fv2%2Fmedia&parent=30234"}],"wp:term":[{"taxonomy":"category","embeddable":true,"href":"https:\/\/revistaepocadigital.com.ar\/index.php?rest_route=%2Fwp%2Fv2%2Fcategories&post=30234"},{"taxonomy":"post_tag","embeddable":true,"href":"https:\/\/revistaepocadigital.com.ar\/index.php?rest_route=%2Fwp%2Fv2%2Ftags&post=30234"}],"curies":[{"name":"wp","href":"https:\/\/api.w.org\/{rel}","templated":true}]}}