{"id":30245,"date":"2025-08-01T02:32:15","date_gmt":"2025-08-01T05:32:15","guid":{"rendered":"https:\/\/revistaepocadigital.com.ar\/?p=30245"},"modified":"2025-08-01T03:25:22","modified_gmt":"2025-08-01T06:25:22","slug":"festival-solidario-una-red-de-amor-en-accion-este-sabado-en-el-barrio-sakura","status":"publish","type":"post","link":"https:\/\/revistaepocadigital.com.ar\/?p=30245","title":{"rendered":"Festival Solidario. Una red de amor en acci\u00f3n. Este s\u00e1bado en el Barrio Sakura"},"content":{"rendered":"<p><strong><img loading=\"lazy\" decoding=\"async\" class=\"aligncenter size-full wp-image-30251\" src=\"https:\/\/revistaepocadigital.com.ar\/wp-content\/uploads\/2025\/08\/FED.jpg\" alt=\"\" width=\"530\" height=\"691\" srcset=\"https:\/\/revistaepocadigital.com.ar\/wp-content\/uploads\/2025\/08\/FED.jpg 530w, https:\/\/revistaepocadigital.com.ar\/wp-content\/uploads\/2025\/08\/FED-230x300.jpg 230w, https:\/\/revistaepocadigital.com.ar\/wp-content\/uploads\/2025\/08\/FED-322x420.jpg 322w\" sizes=\"auto, (max-width: 530px) 100vw, 530px\" \/>S\u00c1BADO 2 DE AGOSTO DEL 2025 en el<\/strong><br \/>\n<strong>Polideportivo Parque Sakura, Exaltaci\u00f3n de la Cruz.<\/strong><!--more--><\/p>\n<p>Les invitamos a disfrutar del show de Margarina para las infancias y un divertido taller de barro y arte para los m\u00e1s peques com Clou de Barro Arte; un riqu\u00edsimo guiso de lentejas con carne y otro vegetariano; una feria de emprendedores; rondas de danza y yoga; una hermosa ofrenda colectiva a la Pachamama y los shows musicales de Sofi Tot, Monte Lejos con In\u00e9s Eckel e Iv\u00e1n Andrioni y los Cantantes Solidarios de Parada Robles, con un<br \/>\ncierre a pura alegr\u00eda de Tamboreras Exaltadas, la agrupaci\u00f3n de m\u00e1s de 30 mujeres percusionistas que desde hace 2 a\u00f1os le pone ritmo, coraz\u00f3n y danza a nuestros queridos<br \/>\nbarrios, plazas, escuelas, ferias y carnavales de Exaltaci\u00f3n de la Cruz<\/p>\n<p>Las Tamboreras nacimos en el 2023, al calor de la red de mujeres de distintos barrios, donde madres, abuelas, hermanas, amigas, conocidas, maestras y simples vecinas decidimos juntarnos, escuchar nuestros sue\u00f1os, aprender m\u00fasica y sacar los tambores a la calle para alegrar corazones y cuerpos.<\/p>\n<p>Ensayamos en nuestras casas y plazas, con los mas peque\u00f1os jugando alrededor y aprendemos juntas, en ronda, al ritmo de la vida. Creemos que todas las mujeres podemos hacerlo, encontrar nuestro ritmo, nuestras voces, nuestra alegr\u00eda para salir a compartirla y multiplicarla. Y el 2 de agosto, tocaremos en el Festival Solidario, invit\u00e1ndoles a cambiar esta historia de p\u00e9rdida y destrucci\u00f3n en un hermoso renacer, un nuevo hogar que<br \/>\npodemos hacer realidad entre todos.<\/p>\n<p>Agradecemos de coraz\u00f3n a las siguientes personas y entidades<br \/>\npor donar su tiempo, espacio, productos y servicios para el d\u00eda del<br \/>\nFestival: Polideportivo de Parque Sakura, Sociedad de Fomento de<br \/>\nParque Sakura, El Poli Restobar, Carnicer\u00eda Los Miguelitos de Parque<br \/>\nSakura, Ezequiel Etchart de Camino Org\u00e1nico, Sof\u00eda Zanni de CocinaCreativa, DJ Andy, Espacio Takiri de Parque Sakura, Ana Esmok \u201cMargarina\u201d, Claudia Mosqueira de Barro Artee, Wanda Migelson Danza Afro, Cecilia Ruiz de Bien_Estar_Conmigo, Alejandra Percivale, Juliana Asc\u00faa, Vera Nu\u00f1ez y a todas las Tamboreras y sus familias por su inmensa ayuda para la realizaci\u00f3n del festival. \u00a1Les esperamos !<\/p>\n<p>&nbsp;<\/p>\n","protected":false},"excerpt":{"rendered":"<p>S\u00c1BADO 2 DE AGOSTO DEL 2025 en el Polideportivo Parque Sakura, Exaltaci\u00f3n de la Cruz.<\/p>\n","protected":false},"author":3,"featured_media":30251,"comment_status":"open","ping_status":"open","sticky":false,"template":"","format":"standard","meta":{"footnotes":"","jetpack_publicize_message":"","jetpack_publicize_feature_enabled":true,"jetpack_social_post_already_shared":true,"jetpack_social_options":{"image_generator_settings":{"template":"highway","default_image_id":0,"font":"","enabled":false},"version":2}},"categories":[6],"tags":[3251],"class_list":["post-30245","post","type-post","status-publish","format-standard","has-post-thumbnail","hentry","category-barrios","tag-festival-solidario-sakura"],"jetpack_publicize_connections":[],"jetpack_featured_media_url":"https:\/\/revistaepocadigital.com.ar\/wp-content\/uploads\/2025\/08\/FED.jpg","jetpack_likes_enabled":true,"_links":{"self":[{"href":"https:\/\/revistaepocadigital.com.ar\/index.php?rest_route=\/wp\/v2\/posts\/30245","targetHints":{"allow":["GET"]}}],"collection":[{"href":"https:\/\/revistaepocadigital.com.ar\/index.php?rest_route=\/wp\/v2\/posts"}],"about":[{"href":"https:\/\/revistaepocadigital.com.ar\/index.php?rest_route=\/wp\/v2\/types\/post"}],"author":[{"embeddable":true,"href":"https:\/\/revistaepocadigital.com.ar\/index.php?rest_route=\/wp\/v2\/users\/3"}],"replies":[{"embeddable":true,"href":"https:\/\/revistaepocadigital.com.ar\/index.php?rest_route=%2Fwp%2Fv2%2Fcomments&post=30245"}],"version-history":[{"count":0,"href":"https:\/\/revistaepocadigital.com.ar\/index.php?rest_route=\/wp\/v2\/posts\/30245\/revisions"}],"wp:featuredmedia":[{"embeddable":true,"href":"https:\/\/revistaepocadigital.com.ar\/index.php?rest_route=\/wp\/v2\/media\/30251"}],"wp:attachment":[{"href":"https:\/\/revistaepocadigital.com.ar\/index.php?rest_route=%2Fwp%2Fv2%2Fmedia&parent=30245"}],"wp:term":[{"taxonomy":"category","embeddable":true,"href":"https:\/\/revistaepocadigital.com.ar\/index.php?rest_route=%2Fwp%2Fv2%2Fcategories&post=30245"},{"taxonomy":"post_tag","embeddable":true,"href":"https:\/\/revistaepocadigital.com.ar\/index.php?rest_route=%2Fwp%2Fv2%2Ftags&post=30245"}],"curies":[{"name":"wp","href":"https:\/\/api.w.org\/{rel}","templated":true}]}}