{"id":30255,"date":"2026-02-26T02:21:00","date_gmt":"2026-02-26T05:21:00","guid":{"rendered":"https:\/\/revistaepocadigital.com.ar\/?p=30255"},"modified":"2026-02-27T12:16:05","modified_gmt":"2026-02-27T15:16:05","slug":"cuando-paga-anses-en-agosto","status":"publish","type":"post","link":"https:\/\/revistaepocadigital.com.ar\/?p=30255","title":{"rendered":"IPS. QUIENES COBRAN ESTE VIERNES 27 DE FEBRERO"},"content":{"rendered":"<p><strong>nota servicio.<\/strong><!--more--><\/p>\n<div class=\"I_ZkbNhI D_FY W_6D6F\" data-test-id=\"message-view-body\">\n<div class=\"msg-body P_wpofO mq_AS\" data-test-id=\"message-view-body-content\">\n<div class=\"jb_0 X_6MGW N_6Fd5\">\n<div id=\"yiv5452502253\">\n<div dir=\"ltr\">\n<div dir=\"ltr\">\n<div>\n<p dir=\"ltr\">\u00a0El Instituto de Previsi\u00f3n Social (IPS) inform\u00f3 que el viernes 27, continuba el calendario de pagos de los haberes de febrero, para las personas jubiladas y pensionadas de la provincia de Buenos Aires, seg\u00fan cronograma que se detalla a continuaci\u00f3n:<\/p>\n<p dir=\"ltr\">Viernes 27 de febrero:<\/p>\n<ul>\n<li dir=\"ltr\">\n<p dir=\"ltr\">para jubilaciones y pensiones con DNI terminados en: 4, 5, 6, 7, 8 y 9<\/p>\n<\/li>\n<\/ul>\n<p dir=\"ltr\">El organismo previsional record\u00f3 adem\u00e1s que el vencimiento del pago por ventanilla ser\u00e1 hasta el\u00a0 25 de marzo de\u00a0 2026<\/p>\n<p dir=\"ltr\">\n<\/div>\n<div>\n<div class=\"img-preview-wrapper\"><\/div>\n<\/div>\n<\/div>\n<\/div>\n<\/div>\n<\/div>\n<\/div>\n<div class=\"jb_0 X_6MGW N_6Fd5\">\n<div class=\"P_0 je_fq7\">\n<ul class=\"hd_n D_F eo_HB M_gQyVX P_0\">\n<li class=\"E_6Fd5 Y_6LEV\" data-test-id=\"attachment-tray-list-item\">\n<div class=\"W_3n93F p_R\" data-test-id=\"attachment-item\">\n<div class=\"I_Z1gjdlg k_w H_7yHc p_R o_h\" data-test-id=\"attachment-container\">\n<div class=\"D_F ab_C gl_C H_6D6F\"><img decoding=\"async\" class=\"W_6D6F\" src=\"https:\/\/apis.mail.yahoo.com\/ws\/v3\/mailboxes\/@.id==VjN-xF3I97EHoROgkj6VNCdRQqeA2JymVf7t_dNnS0aDi3s78AREAsRDD7nmdHgvOMaxQGPOCLL4yv1gdpoOBPLlCw\/messages\/@.id==AAG2kJy1UhI9u8qCVFa14NKDQSP\/content\/parts\/@.id==2\/thumbnail?appid=YMailNorrinLaunch&amp;size=400w&amp;w=400&amp;h=400\" data-test-id=\"attachment-thumbnail\" \/><\/div>\n<\/div>\n<div class=\"A_6Eb4 i_6FIA J_x D_F r_P\">\n<div class=\"en_0\">\n<div class=\"D_F u_e69\"><span class=\"G_e o_h\">Calendario de pagos 2026-14<\/span>.png<\/div>\n<div class=\"u_dzD A_6DUj\">219.1 kB<\/div>\n<\/div>\n<\/div>\n<\/div>\n<\/li>\n<\/ul>\n<\/div>\n<\/div>\n<\/div>\n<div class=\"H_7jIs D_F ab_C Q_69H5 E_36RhU\" data-test-id=\"toolbar-hover-area\">\n<div class=\"D_F W_6D6F r_BN gl_C\" data-test-id=\"card-toolbar\"><\/div>\n<\/div>\n<p>&nbsp;<\/p>\n<div id=\"yiv8519639525\">\n<div class=\"yiv8519639525WordSection1\">\n<div class=\"I_ZkbNhI D_FY W_6D6F\" data-test-id=\"message-view-body\">\n<div class=\"msg-body P_wpofO mq_AS\" data-test-id=\"message-view-body-content\">\n<div class=\"jb_0 X_6MGW N_6Fd5\">\n<div id=\"yiv5452502253\">\n<div dir=\"ltr\">\n<div dir=\"ltr\">\n<div>\n<p dir=\"ltr\" style=\"text-align: center;\"><strong>&#8212;&#8212;&#8212;&#8212;&#8212;&#8212;&#8212;&#8212;&#8212;&#8212;&#8212;&#8212;&#8212;&#8212;<\/strong><\/p>\n<p dir=\"ltr\">\u00a0\u00a0\u00a0\u00a0\u00a0\u00a0\u00a0\u00a0\u00a0\u00a0\u00a0\u00a0\u00a0\u00a0\u00a0\u00a0\u00a0\u00a0\u00a0\u00a0\u00a0\u00a0\u00a0\u00a0\u00a0\u00a0\u00a0\u00bfQUI\u00c9NES PERCIBEN HABERES HOY VIERNES 27?<\/p>\n<p dir=\"ltr\">\u00a0El Instituto de Previsi\u00f3n Social (IPS) informa que, hoy viernes 27, contin\u00faa el calendario de pagos de los haberes de febrero, para las personas jubiladas y pensionadas de la provincia de Buenos Aires, seg\u00fan cronograma que se detalla a continuaci\u00f3n:<\/p>\n<p dir=\"ltr\">Viernes 27 de febrero:<\/p>\n<ul>\n<li dir=\"ltr\">\n<p dir=\"ltr\">para jubilaciones y pensiones con DNI terminados en: 4, 5, 6, 7, 8 y 9<\/p>\n<\/li>\n<\/ul>\n<p dir=\"ltr\">El organismo previsional record\u00f3 adem\u00e1s que el vencimiento del pago por ventanilla ser\u00e1 hasta el\u00a0 25 de marzo de 2026<\/p>\n<p dir=\"ltr\">La Plata, 27 de febrero de 2026<\/p>\n<\/div>\n<div><\/div>\n<div><\/div>\n<div><\/div>\n<div>\n<div class=\"img-preview-wrapper\"><img loading=\"lazy\" decoding=\"async\" class=\"preview\" src=\"https:\/\/apis.mail.yahoo.com\/ws\/v3\/mailboxes\/@.id==VjN-xF3I97EHoROgkj6VNCdRQqeA2JymVf7t_dNnS0aDi3s78AREAsRDD7nmdHgvOMaxQGPOCLL4yv1gdpoOBPLlCw\/messages\/@.id==AAG2kJy1UhI9u8qCVFa14NKDQSP\/content\/parts\/@.id==1.3\/thumbnail?appid=YMailNorrin&amp;downloadWhenThumbnailFails=true&amp;pid=1.3\" alt=\"2 Plantilla2025-2.jpeg\" width=\"453\" height=\"60\" data-uniq-id=\"AAG2kJy1UhI9u8qCVFa14NKDQSP_2\" \/><button class=\"c27KHO0_n b_0 M_0 i_0 I_T y_1c6GJq A_6EqO c1AVi73_6FsP r_P C_q cvhIH6_T P_eo6\" tabindex=\"-1\" title=\"Descargar\" type=\"button\" data-test-id=\"icon-btn-download\"><\/button><\/div>\n<\/div>\n<\/div>\n<\/div>\n<\/div>\n<\/div>\n<\/div>\n<div class=\"jb_0 X_6MGW N_6Fd5\">\n<div class=\"P_0 je_fq7\">\n<ul class=\"hd_n D_F eo_HB M_gQyVX P_0\">\n<li class=\"E_6Fd5 Y_6LEV\" data-test-id=\"attachment-tray-list-item\">\n<div class=\"W_3n93F p_R\" data-test-id=\"attachment-item\">\n<div class=\"I_Z1gjdlg k_w H_7yHc p_R o_h\" data-test-id=\"attachment-container\">\n<div class=\"D_F ab_C gl_C H_6D6F\"><img decoding=\"async\" class=\"W_6D6F\" src=\"https:\/\/apis.mail.yahoo.com\/ws\/v3\/mailboxes\/@.id==VjN-xF3I97EHoROgkj6VNCdRQqeA2JymVf7t_dNnS0aDi3s78AREAsRDD7nmdHgvOMaxQGPOCLL4yv1gdpoOBPLlCw\/messages\/@.id==AAG2kJy1UhI9u8qCVFa14NKDQSP\/content\/parts\/@.id==2\/thumbnail?appid=YMailNorrinLaunch&amp;size=400w&amp;w=400&amp;h=400\" data-test-id=\"attachment-thumbnail\" \/><\/div>\n<\/div>\n<div class=\"A_6Eb4 i_6FIA J_x D_F r_P\">\n<div class=\"en_0\">\n<div class=\"D_F u_e69\"><span class=\"G_e o_h\">Calendario de pagos 2026-14<\/span>.png<\/div>\n<div class=\"u_dzD A_6DUj\">219.1 kB<\/div>\n<\/div>\n<\/div>\n<\/div>\n<\/li>\n<\/ul>\n<\/div>\n<\/div>\n<\/div>\n<div class=\"H_7jIs D_F ab_C Q_69H5 E_36RhU\" data-test-id=\"toolbar-hover-area\">\n<div class=\"D_F W_6D6F r_BN gl_C\" data-test-id=\"card-toolbar\"><\/div>\n<\/div>\n<p>&nbsp;<\/p>\n<p>&nbsp;<\/p>\n<p>&nbsp;<\/p>\n<p>&nbsp;<\/p>\n<p>&nbsp;<\/p>\n<p>&nbsp;<\/p>\n<p>&nbsp;<\/p>\n<p>&nbsp;<\/p>\n<p>&nbsp;<\/p>\n<p>&nbsp;<\/p>\n<p>&nbsp;<\/p>\n<p class=\"yiv8519639525MsoNormal\"><b>C\u00d3MO OBTENER LA CERTIFICACI\u00d3N NEGATIVA<\/b><\/p>\n<p class=\"yiv8519639525MsoNormal\">ANSES, organismo dependiente del Ministerio de Capital Humano, permite obtener la\u00a0Certificaci\u00f3n Negativa en\u00a0<a href=\"http:\/\/www.anses.gob.ar\/\" target=\"_blank\" rel=\"nofollow noopener noreferrer\">www.anses.gob.ar<\/a>. Este comprobante sirve para acreditar que la persona no cuenta con cobertura de una obra social, no posee aportes ni transferencias como aut\u00f3nomo o monotributista y no cobra prestaciones de ANSES ni programas sociales.<\/p>\n<p class=\"yiv8519639525MsoNormal\">Para descargarla desde la web, se debe ingresar el CUIL y el per\u00edodo a consultar, que debe estar comprendido dentro de los \u00faltimos seis meses. La tramitaci\u00f3n tambi\u00e9n se puede efectuar a trav\u00e9s de la\u00a0<a href=\"https:\/\/www.anses.gob.ar\/app-mi-anses\" target=\"_blank\" rel=\"nofollow noopener noreferrer\">app<\/a>\u00a0<i>mi ANSES<\/i>, en la secci\u00f3n\u00a0<i>Mis datos<\/i>, con CUIL y Clave de la Seguridad Social.<\/p>\n<p class=\"yiv8519639525MsoNormal\">Esta constancia no requiere sello o firma de personal del organismo y tiene una validez de 30 d\u00edas.<\/p>\n<p class=\"yiv8519639525MsoNormal\">Para m\u00e1s informaci\u00f3n, los interesados pueden ingresar\u00a0<a href=\"https:\/\/www.anses.gob.ar\/consultas\/certificacion-negativa\" target=\"_blank\" rel=\"nofollow noopener noreferrer\">aqu\u00ed<\/a>.<\/p>\n<\/div>\n<\/div>\n<p style=\"text-align: center;\"><strong>&#8212;&#8212;&#8212;&#8212;&#8212;&#8212;&#8212;&#8212;&#8212;&#8212;&#8212;&#8212;&#8212;&#8212;&#8212;<\/strong><\/p>\n<div class=\"title\">\n<h1>calendario de pagos<\/h1>\n<h1><span style=\"font-size: 27px;\">Jubilaciones y pensiones que no superen el haber m\u00ednimo<\/span><\/h1>\n<\/div>\n<section class=\"col-xs-12 col-sm-12 col-md-12 ocultoMobile bannerGris\">\n<div class=\"hijo\">\n<div class=\"tituloGris\">\n<div class=\"mesLeyenda\">\n<h3 class=\"cobroMes\">Mes a cobrar: Enero 2026<\/h3>\n<h5 class=\"leyendaCalendario\">Pod\u00e9s consultar tu recibo de haberes en\u00a0<strong>mi ANSES<\/strong>\u00a0a partir de la fecha de inicio de este calendario<\/h5>\n<\/div>\n<\/div>\n<div class=\"date\">\n<div class=\"documento\">\n<h4 class=\"h3\">Documentos terminados en 0<\/h4>\n<\/div>\n<div class=\"fecha\">\n<h3>9\/1<\/h3>\n<\/div>\n<\/div>\n<div class=\"date\">\n<div class=\"documento\">\n<h4 class=\"h3\">Documentos terminados en 1<\/h4>\n<\/div>\n<div class=\"fecha\">\n<h3>12\/1<\/h3>\n<\/div>\n<\/div>\n<div class=\"date\">\n<div class=\"documento\">\n<h4 class=\"h3\">Documentos terminados en 2<\/h4>\n<\/div>\n<div class=\"fecha\">\n<h3>13\/1<\/h3>\n<\/div>\n<\/div>\n<div class=\"date\">\n<div class=\"documento\">\n<h4 class=\"h3\">Documentos terminados en 3<\/h4>\n<\/div>\n<div class=\"fecha\">\n<h3>14\/1<\/h3>\n<\/div>\n<\/div>\n<div class=\"date\">\n<div class=\"documento\">\n<h4 class=\"h3\">Documentos terminados en 4<\/h4>\n<\/div>\n<div class=\"fecha\">\n<h3>15\/1<\/h3>\n<\/div>\n<\/div>\n<div class=\"date\">\n<div class=\"documento\">\n<h4 class=\"h3\">Documentos terminados en 5<\/h4>\n<\/div>\n<div class=\"fecha\">\n<h3>16\/1<\/h3>\n<\/div>\n<\/div>\n<div class=\"date\">\n<div class=\"documento\">\n<h4 class=\"h3\">Documentos terminados en 6<\/h4>\n<\/div>\n<div class=\"fecha\">\n<h3>19\/1<\/h3>\n<\/div>\n<\/div>\n<div class=\"date\">\n<div class=\"documento\">\n<h4 class=\"h3\">Documentos terminados en 7<\/h4>\n<\/div>\n<div class=\"fecha\">\n<h3>20\/1<\/h3>\n<\/div>\n<\/div>\n<div class=\"date\">\n<div class=\"documento\">\n<h4 class=\"h3\">Documentos terminados en 8<\/h4>\n<\/div>\n<div class=\"fecha\">\n<h3>21\/1<\/h3>\n<\/div>\n<\/div>\n<div class=\"date\">\n<div class=\"documento\">\n<h4 class=\"h3\">Documentos terminados en 9<\/h4>\n<\/div>\n<div class=\"fecha\">\n<h3>22\/1<\/h3>\n<\/div>\n<\/div>\n<\/div>\n<\/section>\n<section class=\"col-xs-12 col-sm-12 col-md-12 ocultoMobile\">\n<div class=\"embarazo\">\n<div class=\"titulo\">\n<h2>Jubilaciones y pensiones que superen el haber m\u00ednimo<\/h2>\n<h3 class=\"cobroMes\">Mes a cobrar: Enero<\/h3>\n<\/div>\n<div class=\"date\">\n<div class=\"documento\">\n<h4 class=\"h3\">Documentos terminados en 0 y 1<\/h4>\n<\/div>\n<div class=\"fecha\">\n<h3>23\/1<\/h3>\n<\/div>\n<\/div>\n<div class=\"date\">\n<div class=\"documento\">\n<h4 class=\"h3\">Documentos terminados en 2 y 3<\/h4>\n<\/div>\n<div class=\"fecha\">\n<h3>26\/1<\/h3>\n<\/div>\n<\/div>\n<div class=\"date\">\n<div class=\"documento\">\n<h4 class=\"h3\">Documentos terminados en 4 y 5<\/h4>\n<\/div>\n<div class=\"fecha\">\n<h3>27\/1<\/h3>\n<\/div>\n<\/div>\n<div class=\"date\">\n<div class=\"documento\">\n<h4 class=\"h3\">Documentos terminados en 6 y 7<\/h4>\n<\/div>\n<div class=\"fecha\">\n<h3>28\/1<\/h3>\n<\/div>\n<\/div>\n<div class=\"date\">\n<div class=\"documento\">\n<h4 class=\"h3\">Documentos terminados en 8 y 9<\/h4>\n<\/div>\n<div class=\"fecha\">\n<h3>29\/1<\/h3>\n<\/div>\n<\/div>\n<\/div>\n<\/section>\n<section class=\"col-xs-12 col-sm-12 col-md-12 ocultoMobile bannerGris\">\n<div class=\"prenatal\">\n<div class=\"tituloGris\">\n<h2>Asignaci\u00f3n Familiar por Hijo y Asignaci\u00f3n Universal por Hijo<\/h2>\n<h3 class=\"cobroMes\">Mes a cobrar: Enero<\/h3>\n<\/div>\n<div class=\"date\">\n<div class=\"documento\">\n<h4 class=\"h3\">Documentos terminados en 0<\/h4>\n<\/div>\n<div class=\"fecha\">\n<h3>9\/1<\/h3>\n<\/div>\n<\/div>\n<div class=\"date\">\n<div class=\"documento\">\n<h4 class=\"h3\">Documentos terminados en 1<\/h4>\n<\/div>\n<div class=\"fecha\">\n<h3>12\/1<\/h3>\n<\/div>\n<\/div>\n<div class=\"date\">\n<div class=\"documento\">\n<h4 class=\"h3\">Documentos terminados en 2<\/h4>\n<\/div>\n<div class=\"fecha\">\n<h3>13\/1<\/h3>\n<\/div>\n<\/div>\n<div class=\"date\">\n<div class=\"documento\">\n<h4 class=\"h3\">Documentos terminados en 3<\/h4>\n<\/div>\n<div class=\"fecha\">\n<h3>14\/1<\/h3>\n<\/div>\n<\/div>\n<div class=\"date\">\n<div class=\"documento\">\n<h4 class=\"h3\">Documentos terminados en 4<\/h4>\n<\/div>\n<div class=\"fecha\">\n<h3>15\/1<\/h3>\n<\/div>\n<\/div>\n<div class=\"date\">\n<div class=\"documento\">\n<h4 class=\"h3\">Documentos terminados en 5<\/h4>\n<\/div>\n<div class=\"fecha\">\n<h3>16\/1<\/h3>\n<\/div>\n<\/div>\n<div class=\"date\">\n<div class=\"documento\">\n<h4 class=\"h3\">Documentos terminados en 6<\/h4>\n<\/div>\n<div class=\"fecha\">\n<h3>19\/1<\/h3>\n<\/div>\n<\/div>\n<div class=\"date\">\n<div class=\"documento\">\n<h4 class=\"h3\">Documentos terminados en 7<\/h4>\n<\/div>\n<div class=\"fecha\">\n<h3>20\/1<\/h3>\n<\/div>\n<\/div>\n<div class=\"date\">\n<div class=\"documento\">\n<h4 class=\"h3\">Documentos terminados en 8<\/h4>\n<\/div>\n<div class=\"fecha\">\n<h3>21\/1<\/h3>\n<\/div>\n<\/div>\n<div class=\"date\">\n<div class=\"documento\">\n<h4 class=\"h3\">Documentos terminados en 9<\/h4>\n<\/div>\n<div class=\"fecha\">\n<h3>22\/1<\/h3>\n<\/div>\n<\/div>\n<\/div>\n<\/section>\n<section class=\"col-xs-12 col-sm-12 col-md-12 ocultoMobile\">\n<div class=\"embarazo\">\n<div class=\"titulo\">\n<h2>Asignaci\u00f3n Por Embarazo<\/h2>\n<h3 class=\"cobroMes\">Mes a cobrar: Enero<\/h3>\n<\/div>\n<div class=\"date\">\n<div class=\"documento\">\n<h4 class=\"h3\">Documentos terminados en 0<\/h4>\n<\/div>\n<div class=\"fecha\">\n<h3>12\/1<\/h3>\n<\/div>\n<\/div>\n<div class=\"date\">\n<div class=\"documento\">\n<h4 class=\"h3\">Documentos terminados en 1<\/h4>\n<\/div>\n<div class=\"fecha\">\n<h3>13\/1<\/h3>\n<\/div>\n<\/div>\n<div class=\"date\">\n<div class=\"documento\">\n<h4 class=\"h3\">Documentos terminados en 2<\/h4>\n<\/div>\n<div class=\"fecha\">\n<h3>14\/1<\/h3>\n<\/div>\n<\/div>\n<div class=\"date\">\n<div class=\"documento\">\n<h4 class=\"h3\">Documentos terminados en 3<\/h4>\n<\/div>\n<div class=\"fecha\">\n<h3>15\/1<\/h3>\n<\/div>\n<\/div>\n<div class=\"date\">\n<div class=\"documento\">\n<h4 class=\"h3\">Documentos terminados en 4<\/h4>\n<\/div>\n<div class=\"fecha\">\n<h3>16\/1<\/h3>\n<\/div>\n<\/div>\n<div class=\"date\">\n<div class=\"documento\">\n<h4 class=\"h3\">Documentos terminados en 5<\/h4>\n<\/div>\n<div class=\"fecha\">\n<h3>19\/1<\/h3>\n<\/div>\n<\/div>\n<div class=\"date\">\n<div class=\"documento\">\n<h4 class=\"h3\">Documentos terminados en 6<\/h4>\n<\/div>\n<div class=\"fecha\">\n<h3>20\/1<\/h3>\n<\/div>\n<\/div>\n<div class=\"date\">\n<div class=\"documento\">\n<h4 class=\"h3\">Documentos terminados en 7<\/h4>\n<\/div>\n<div class=\"fecha\">\n<h3>21\/1<\/h3>\n<\/div>\n<\/div>\n<div class=\"date\">\n<div class=\"documento\">\n<h4 class=\"h3\">Documentos terminados en 8<\/h4>\n<\/div>\n<div class=\"fecha\">\n<h3>22\/1<\/h3>\n<\/div>\n<\/div>\n<div class=\"date\">\n<div class=\"documento\">\n<h4 class=\"h3\">Documentos terminados en 9<\/h4>\n<\/div>\n<div class=\"fecha\">\n<h3>23\/1<\/h3>\n<\/div>\n<\/div>\n<\/div>\n<\/section>\n<section class=\"col-xs-12 col-sm-12 col-md-12 ocultoMobile bannerGris\">\n<div class=\"prenatal\">\n<div class=\"tituloGris\">\n<h2>Asignaci\u00f3n por Prenatal y Asignaci\u00f3n por Maternidad<\/h2>\n<h3 class=\"cobroMes\">Mes a cobrar: Enero<\/h3>\n<\/div>\n<div class=\"date\">\n<div class=\"documento\">\n<h4 class=\"h3\">Documentos terminados en 0 y 1<\/h4>\n<\/div>\n<div class=\"fecha\">\n<h3>14\/1<\/h3>\n<\/div>\n<\/div>\n<div class=\"date\">\n<div class=\"documento\">\n<h4 class=\"h3\">Documentos terminados en 2 y 3<\/h4>\n<\/div>\n<div class=\"fecha\">\n<h3>15\/1<\/h3>\n<\/div>\n<\/div>\n<div class=\"date\">\n<div class=\"documento\">\n<h4 class=\"h3\">Documentos terminados en 4 y 5<\/h4>\n<\/div>\n<div class=\"fecha\">\n<h3>16\/1<\/h3>\n<\/div>\n<\/div>\n<div class=\"date\">\n<div class=\"documento\">\n<h4 class=\"h3\">Documentos terminados en 6 y 7<\/h4>\n<\/div>\n<div class=\"fecha\">\n<h3>19\/1<\/h3>\n<\/div>\n<\/div>\n<div class=\"date\">\n<div class=\"documento\">\n<h4 class=\"h3\">Documentos terminados en 8 y 9<\/h4>\n<\/div>\n<div class=\"fecha\">\n<h3>20\/1<\/h3>\n<\/div>\n<\/div>\n<h5 class=\"mensaje-maternidad\">La Asignaci\u00f3n por Maternidad se cobra el primer d\u00eda del calendario de pago para todas las terminaciones de DNI<\/h5>\n<\/div>\n<\/section>\n<section class=\"col-xs-12 col-sm-12 col-md-12 ocultoMobile\">\n<div class=\"asignacionesNoContributivas\">\n<div class=\"titulo\">\n<h2>Asignaciones de pago \u00fanico: Matrimonio, Adopci\u00f3n y Nacimiento<\/h2>\n<h3 class=\"cobroMes\">Mes a cobrar: Enero<\/h3>\n<\/div>\n<div class=\"date\">\n<div class=\"documento\">\n<h4 class=\"h3\">Todos los documentos Primera Quincena<\/h4>\n<\/div>\n<div class=\"fecha\">\n<h3>12\/1 al 12\/2<\/h3>\n<\/div>\n<\/div>\n<div class=\"date\">\n<div class=\"documento\">\n<h4 class=\"h3\">Todos los documentos Segunda Quincena<\/h4>\n<\/div>\n<div class=\"fecha\">\n<h3>22\/1 al 12\/2<\/h3>\n<\/div>\n<\/div>\n<\/div>\n<\/section>\n<section class=\"col-xs-12 col-sm-12 col-md-12 ocultoMobile bannerGris\">\n<div class=\"pensionesNoContributivas\">\n<div class=\"tituloGris\">\n<h2>Pensiones No Contributivas<\/h2>\n<h3 class=\"cobroMes\">Mes a cobrar: Enero<\/h3>\n<\/div>\n<div class=\"date\">\n<div class=\"documento\">\n<h4 class=\"h3\">Documentos terminados en 0 y 1<\/h4>\n<\/div>\n<div class=\"fecha\">\n<h3>9\/1<\/h3>\n<\/div>\n<\/div>\n<div class=\"date\">\n<div class=\"documento\">\n<h4 class=\"h3\">Documentos terminados en 2 y 3<\/h4>\n<\/div>\n<div class=\"fecha\">\n<h3>12\/1<\/h3>\n<\/div>\n<\/div>\n<div class=\"date\">\n<div class=\"documento\">\n<h4 class=\"h3\">Documentos terminados en 4 y 5<\/h4>\n<\/div>\n<div class=\"fecha\">\n<h3>13\/1<\/h3>\n<\/div>\n<\/div>\n<div class=\"date\">\n<div class=\"documento\">\n<h4 class=\"h3\">Documentos terminados en 6 y 7<\/h4>\n<\/div>\n<div class=\"fecha\">\n<h3>14\/1<\/h3>\n<\/div>\n<\/div>\n<div class=\"date\">\n<div class=\"documento\">\n<h4 class=\"h3\">Documentos terminados en 8 y 9<\/h4>\n<\/div>\n<div class=\"fecha\">\n<h3>15\/1<\/h3>\n<\/div>\n<\/div>\n<\/div>\n<\/section>\n<section class=\"col-xs-12 col-sm-12 col-md-12 ocultoMobile\">\n<div class=\"asignacionesNoContributivas\">\n<div class=\"titulo\">\n<h2>Asignaciones Familiares de Pensiones No Contributivas<\/h2>\n<h3 class=\"cobroMes\">Mes a cobrar: Enero<\/h3>\n<\/div>\n<div class=\"date\">\n<div class=\"documento\">\n<h4 class=\"h3\">Todas las terminaciones de DNI<\/h4>\n<\/div>\n<div class=\"fecha\">\n<h3>9\/1 al 12\/2<\/h3>\n<\/div>\n<\/div>\n<\/div>\n<\/section>\n<section class=\"col-xs-12 col-sm-12 col-md-12 ocultoMobile bannerGris\">\n<div class=\"desempleoUno\">\n<div class=\"tituloGris\">\n<h2>Desempleo Plan 1<\/h2>\n<h3 class=\"cobroMes\">Mes a cobrar: Enero<\/h3>\n<\/div>\n<div class=\"date\">\n<div class=\"documento\">\n<h4 class=\"h3\">Documentos terminados en 0 y 1<\/h4>\n<\/div>\n<div class=\"fecha\">\n<h3>22\/1<\/h3>\n<\/div>\n<\/div>\n<div class=\"date\">\n<div class=\"documento\">\n<h4 class=\"h3\">Documentos terminados en 2 y 3<\/h4>\n<\/div>\n<div class=\"fecha\">\n<h3>23\/1<\/h3>\n<\/div>\n<\/div>\n<div class=\"date\">\n<div class=\"documento\">\n<h4 class=\"h3\">Documentos terminados en 4 y 5<\/h4>\n<\/div>\n<div class=\"fecha\">\n<h3>26\/1<\/h3>\n<\/div>\n<\/div>\n<div class=\"date\">\n<div class=\"documento\">\n<h4 class=\"h3\">Documentos terminados en 6 y 7<\/h4>\n<\/div>\n<div class=\"fecha\">\n<h3>27\/1<\/h3>\n<\/div>\n<\/div>\n<div class=\"date\">\n<div class=\"documento\">\n<h4 class=\"h3\">Documentos terminados en 8 y 9<\/h4>\n<\/div>\n<div class=\"fecha\">\n<h3>28\/1<\/h3>\n<\/div>\n<\/div>\n<\/div>\n<\/section>\n<section class=\"col-xs-12 col-sm-12 col-md-12 ocultoMobile\">\n<div class=\"nuevaCard\">\n<div class=\"titulo\">\n<h2>Desempleo Plan 2<\/h2>\n<h3 class=\"cobroMes\">Mes a cobrar: Diciembre<\/h3>\n<\/div>\n<div class=\"date\">\n<div class=\"documento\">\n<h4 class=\"h3\">Todas las terminaciones de DNI<\/h4>\n<\/div>\n<div class=\"fecha\">\n<h3>6\/1 al 12\/1<\/h3>\n<\/div>\n<\/div>\n<\/div>\n<\/section>\n<div id=\"footer-top\" class=\"footer-top\">\n<div class=\"footer-top-inner container\">\n<div class=\"region region-footer-top\">\n<section id=\"block-feedback\" class=\"block block-anses-feedback block-feedback-block clearfix\">\n<div class=\"wrap_form_feedback\">\n<div class=\"\">\n<div class=\"feedback-box\">\n<div class=\"feedback-inner\">\n<h2 class=\"h3\"><strong>\u00a0<\/strong><br \/>\n<strong>&#8212;&#8212;&#8212;&#8212;&#8212;&#8212;&#8212;&#8212;&#8212;&#8212;&#8212;&#8212;&#8212;&#8212;&#8212;&#8212;&#8212;&#8212;&#8212;&#8212;&#8212;-<\/strong><\/h2>\n<\/div>\n<\/div>\n<\/div>\n<\/div>\n<\/section>\n<\/div>\n<\/div>\n<\/div>\n<p class=\"yiv5017422959MsoNormal\">notas anteriores<\/p>\n<p class=\"yiv5017422959MsoNormal\"><b>CALENDARIOS DE PAGOS.<\/b><!--more--><\/p>\n<p class=\"yiv5693160414MsoNormal\"><b>.<\/b>ANSES,\u00a0organismo dependiente del Ministerio de Capital Humano, informa que\u00a0<b>ma\u00f1ana\u00a0<\/b>contin\u00faan los pagos de las Pensiones No Contributivas, jubilaciones y pensiones m\u00ednimas, Asignaci\u00f3n por Embarazo, Asignaci\u00f3n por Prenatal, Asignaci\u00f3n Universal por Hijo y Asignaci\u00f3n Familiar por Hijo. Todos incluyen el aumento por movilidad del 1,62 por ciento.<\/p>\n<p class=\"yiv0573006297MsoNormal\"><b>Pensiones No Contributivas<\/b><\/p>\n<p class=\"yiv0573006297MsoNormal\">Titulares con documentos finalizados en\u00a0<b>4\u00a0<\/b>y<b>\u00a05\u00a0<\/b>cobran su haber m\u00e1s el bono de 70 mil pesos.<\/p>\n<p class=\"yiv0573006297MsoNormal\"><b>Jubilaciones y pensiones que no superen un haber m\u00ednimo<\/b><\/p>\n<p class=\"yiv0573006297MsoNormal\">Titulares de jubilaciones y pensiones m\u00ednimas con documentos concluidos en\u00a0<b>2<\/b>\u00a0cobran su haber m\u00e1s el bono de 70 mil pesos.<\/p>\n<p class=\"yiv0573006297MsoNormal\"><b>Asignaci\u00f3n Universal por Hijo y Asignaci\u00f3n Familiar por Hijo<\/b><\/p>\n<p class=\"yiv0573006297MsoNormal\">Titulares con documentos terminados en\u00a0<b>2<\/b>.<\/p>\n<p class=\"yiv0573006297MsoNormal\"><b>\u00a0<\/b><\/p>\n<p class=\"yiv0573006297MsoNormal\"><b>Asignaci\u00f3n por Embarazo<\/b><\/p>\n<p class=\"yiv0573006297MsoNormal\">Titulares con documentos finalizados en\u00a0<b>1<\/b>.<\/p>\n<p class=\"yiv0573006297MsoNormal\"><b>Asignaci\u00f3n por Prenatal<\/b><\/p>\n<p class=\"yiv0573006297MsoNormal\">Titulares con documentos concluidos en\u00a0<b>2\u00a0<\/b>y<b>\u00a03<\/b>.<\/p>\n<p class=\"yiv0573006297MsoNormal\"><b>\u00a0<\/b><b>\u00a0<\/b><\/p>\n<div>\n<p class=\"yiv0573006297MsoNormal\"><b>\u00bfC\u00f3mo consultar fecha y medio de cobro?<\/b><\/p>\n<p class=\"yiv0573006297MsoNormal\">1. Desde el sitio web de ANSES, opci\u00f3n\u00a0<a href=\"https:\/\/www.anses.gob.ar\/consultas\/calendario-de-pagos\" target=\"_blank\" rel=\"nofollow noopener noreferrer\"><i>Calendario de pagos<\/i><\/a>.<\/p>\n<p class=\"yiv0573006297MsoNormal\">2. Desde\u00a0<a href=\"https:\/\/servicioscorp.anses.gob.ar\/clavelogon\/logon.aspx?system=miansesv2\" target=\"_blank\" rel=\"nofollow noopener noreferrer\">mi ANSES<\/a><span class=\"yiv0573006297MsoHyperlink\">,\u00a0<\/span>ingresando CUIL y Clave de la Seguridad Social. Ir a\u00a0<i>Cobros<\/i>, opci\u00f3n\u00a0<i>Consultar fecha<\/i>\u00a0<i>y medio de cobro<\/i>.<\/p>\n<p class=\"yiv0573006297MsoNormal\">3. Desde la\u00a0<a href=\"https:\/\/www.anses.gob.ar\/app-mi-anses\" target=\"_blank\" rel=\"nofollow noopener noreferrer\">app mi ANSES<\/a>, ingresando CUIL y Clave de la Seguridad Social. Ir a\u00a0<i>Mis datos<\/i>, opci\u00f3n\u00a0<i>Mis fechas de cobro<\/i>.<\/p>\n<p class=\"yiv0573006297MsoNormal\">4. A trav\u00e9s de la modalidad\u00a0<a href=\"https:\/\/www.anses.gob.ar\/atencion-virtual\" target=\"_blank\" rel=\"nofollow noopener noreferrer\">Atenci\u00f3n Virtual<\/a>, con CUIL y Clave de la Seguridad Social. Ir a\u00a0<i>Iniciar atenci\u00f3n<\/i>,\u00a0<i>Consultas r\u00e1pidas<\/i>,\u00a0<i>Cu\u00e1ndo y d\u00f3nde cobro<\/i>.<\/p>\n<\/div>\n<p>&nbsp;<\/p>\n<hr \/>\n<p>NOTA ANTERIOR<\/p>\n<p class=\"yiv5693160414MsoNormal\">ANSES, organismo dependiente del Ministerio de Capital Humano, informa que HOY<b>\u00a0<\/b>inician los pagos de Pensiones No Contributivas (PNC), jubilaciones y pensiones m\u00ednimas, Asignaci\u00f3n Universal por Hijo, Asignaci\u00f3n Familiar por Hijo y Asignaciones Familiares de PNC. Todos incluyen el aumento por movilidad del 1,62 por ciento.<\/p>\n<p class=\"yiv5693160414MsoNormal\"><b>Pensiones No Contributivas<\/b><\/p>\n<p class=\"yiv5693160414MsoNormal\">Titulares con documentos terminados en\u00a0<b>0\u00a0<\/b>y\u00a0<b>1\u00a0<\/b>cobran su haber m\u00e1s el bono de 70 mil pesos.<\/p>\n<p class=\"yiv5693160414MsoNormal\"><b>Jubilaciones y pensiones que no superen un haber m\u00ednimo<\/b><\/p>\n<p class=\"yiv5693160414MsoNormal\">Titulares de jubilaciones y pensiones m\u00ednimas con documentos concluidos en\u00a0<b>0<\/b>\u00a0cobran su haber m\u00e1s el bono de 70 mil pesos.<\/p>\n<p class=\"yiv5693160414MsoNormal\"><b>Asignaci\u00f3n Universal por Hijo y Asignaci\u00f3n Familiar por Hijo<\/b><\/p>\n<p class=\"yiv5693160414MsoNormal\">Titulares con documentos finalizados en\u00a0<b>0<\/b>.<\/p>\n<p class=\"yiv5693160414MsoNormal\"><b>Asignaciones Familiares de Pensiones No Contributivas<\/b><\/p>\n<p class=\"yiv5693160414MsoNormal\">Todas las terminaciones de documento hasta el 10 de septiembre.<\/p>\n<p class=\"yiv5693160414MsoNormal\"><b>\u00bfC\u00f3mo consultar fecha y medio de cobro?<\/b><\/p>\n<div>\n<p class=\"yiv5693160414MsoNormal\">1. Desde el sitio web de ANSES, opci\u00f3n\u00a0<a href=\"https:\/\/www.anses.gob.ar\/consultas\/calendario-de-pagos\" target=\"_blank\" rel=\"nofollow noopener noreferrer\"><i>Calendario de pagos<\/i><\/a>.<\/p>\n<p class=\"yiv5693160414MsoNormal\">2. Desde\u00a0<a href=\"https:\/\/servicioscorp.anses.gob.ar\/clavelogon\/logon.aspx?system=miansesv2\" target=\"_blank\" rel=\"nofollow noopener noreferrer\">mi ANSES<\/a><span class=\"yiv5693160414MsoHyperlink\">,\u00a0<\/span>ingresando CUIL y Clave de la Seguridad Social. Ir a\u00a0<i>Cobros<\/i>, opci\u00f3n\u00a0<i>Consultar fecha<\/i>\u00a0<i>y medio de cobro<\/i>.<\/p>\n<p class=\"yiv5693160414MsoNormal\">3. Desde la\u00a0<a href=\"https:\/\/www.anses.gob.ar\/app-mi-anses\" target=\"_blank\" rel=\"nofollow noopener noreferrer\">app mi ANSES<\/a>, ingresando CUIL y Clave de la Seguridad Social. Ir a\u00a0<i>Mis datos<\/i>, opci\u00f3n\u00a0<i>Mis fechas de cobro<\/i>.<\/p>\n<p class=\"yiv5693160414MsoNormal\">4. A trav\u00e9s de la modalidad\u00a0<a href=\"https:\/\/www.anses.gob.ar\/atencion-virtual\" target=\"_blank\" rel=\"nofollow noopener noreferrer\">Atenci\u00f3n Virtual<\/a>, con CUIL y Clave de la Seguridad Social. Ir a\u00a0<i>Iniciar atenci\u00f3n<\/i>,\u00a0<i>Consultas r\u00e1pidas<\/i>,\u00a0<i>Cu\u00e1ndo y d\u00f3nde cobro<\/i>.<\/p>\n<\/div>\n<p class=\"yiv5017422959MsoNormal\"><strong>&#8212;&#8212;&#8212;&#8212;&#8212;&#8212;&#8212;&#8212;&#8212;&#8212;&#8212;&#8212;&#8212;&#8212;&#8212;&#8211;<\/strong><\/p>\n<p class=\"yiv5017422959MsoNormal\">ANSES, organismo dependiente del Ministerio de Capital Humano, comunica los calendarios de pagos de <b>agosto<\/b>\u00a0para jubilados, pensionados y titulares de Pensiones No Contributivas, Asignaci\u00f3n Universal por Hijo, Asignaci\u00f3n por Embarazo, por Prenatal, por Maternidad, Asignaciones Familiares, de Pago \u00danico y Prestaci\u00f3n por Desempleo.<\/p>\n<p class=\"yiv5017422959MsoNormal\"><b>Jubilaciones y pensiones que no superen un haber m\u00ednimo<\/b><\/p>\n<p class=\"yiv5017422959MsoNormal\">\u2022 DNI terminados en 0: 8 de agosto<\/p>\n<p class=\"yiv5017422959MsoNormal\">\u2022 DNI terminados en 1: 11 de agosto<\/p>\n<p class=\"yiv5017422959MsoNormal\">\u2022 DNI terminados en 2: 12 de agosto<\/p>\n<p class=\"yiv5017422959MsoNormal\">\u2022 DNI terminados en 3: 13 de agosto<\/p>\n<p class=\"yiv5017422959MsoNormal\">\u2022 DNI terminados en 4 y 5: 14 de agosto<\/p>\n<p class=\"yiv5017422959MsoNormal\">\u2022 DNI terminados en 6: 18 de agosto<\/p>\n<p class=\"yiv5017422959MsoNormal\">\u2022 DNI terminados en 7: 19 de agosto<\/p>\n<p class=\"yiv5017422959MsoNormal\">\u2022 DNI terminados en 8: 20 de agosto<\/p>\n<p class=\"yiv5017422959MsoNormal\">\u2022 DNI terminados en 9: 21 de agosto<\/p>\n<p class=\"yiv5017422959MsoNormal\"><b>\u00a0<\/b><\/p>\n<p class=\"yiv5017422959MsoNormal\"><b>Jubilaciones y pensiones que superen un haber m\u00ednimo<\/b><\/p>\n<p class=\"yiv5017422959MsoNormal\">\u2022 DNI terminados en 0 y 1: 22 de agosto<\/p>\n<p class=\"yiv5017422959MsoNormal\">\u2022 DNI terminados en 2 y 3: 25 de agosto<\/p>\n<p class=\"yiv5017422959MsoNormal\">\u2022 DNI terminados en 4 y 5: 26 de agosto<\/p>\n<p class=\"yiv5017422959MsoNormal\">\u2022 DNI terminados en 6 y 7: 27 de agosto<\/p>\n<p class=\"yiv5017422959MsoNormal\">\u2022 DNI terminados en 8 y 9: 28 de agosto<\/p>\n<p class=\"yiv5017422959MsoNormal\"><b>Asignaci\u00f3n Universal por Hijo y Asignaci\u00f3n Familiar por Hijo<\/b><\/p>\n<p class=\"yiv5017422959MsoNormal\">\u2022 DNI terminados en 0: 8 de agosto<\/p>\n<p class=\"yiv5017422959MsoNormal\">\u2022 DNI terminados en 1: 11 de agosto<\/p>\n<p class=\"yiv5017422959MsoNormal\">\u2022 DNI terminados en 2: 12 de agosto<\/p>\n<p class=\"yiv5017422959MsoNormal\">\u2022 DNI terminados en 3: 13 de agosto<\/p>\n<p class=\"yiv5017422959MsoNormal\">\u2022 DNI terminados en 4: 14 de agosto<\/p>\n<p class=\"yiv5017422959MsoNormal\">\u2022 DNI terminados en 5: 18 de agosto<\/p>\n<p class=\"yiv5017422959MsoNormal\">\u2022 DNI terminados en 6: 19 de agosto<\/p>\n<p class=\"yiv5017422959MsoNormal\">\u2022 DNI terminados en 7: 20 de agosto<\/p>\n<p class=\"yiv5017422959MsoNormal\">\u2022 DNI terminados en 8: 21 de agosto<\/p>\n<p class=\"yiv5017422959MsoNormal\">\u2022 DNI terminados en 9: 22 de agosto<\/p>\n<p class=\"yiv5017422959MsoNormal\"><b>Asignaci\u00f3n por Embarazo<\/b><\/p>\n<p class=\"yiv5017422959MsoNormal\">\u2022 DNI terminados en 0: 11 de agosto<\/p>\n<p class=\"yiv5017422959MsoNormal\">\u2022 DNI terminados en 1:\u00a0 12 de agosto<\/p>\n<p class=\"yiv5017422959MsoNormal\">\u2022 DNI terminados en 2: 13 de agosto<\/p>\n<p class=\"yiv5017422959MsoNormal\">\u2022 DNI terminados en 3: 14 de agosto<\/p>\n<p class=\"yiv5017422959MsoNormal\">\u2022 DNI terminados en 4: 18 de agosto<\/p>\n<p class=\"yiv5017422959MsoNormal\">\u2022 DNI terminados en 5: 19 de agosto<\/p>\n<p class=\"yiv5017422959MsoNormal\">\u2022 DNI terminados en 6: 20 de agosto<\/p>\n<p class=\"yiv5017422959MsoNormal\">\u2022 DNI terminados en 7: 21 de agosto<\/p>\n<p class=\"yiv5017422959MsoNormal\">\u2022 DNI terminados en 8: 22 de agosto<\/p>\n<p class=\"yiv5017422959MsoNormal\">\u2022 DNI terminados en 9: 25 de agosto<\/p>\n<p class=\"yiv5017422959MsoNormal\"><b>\u00a0<\/b><\/p>\n<p class=\"yiv5017422959MsoNormal\"><b>Asignaci\u00f3n por Prenatal<\/b><\/p>\n<p class=\"yiv5017422959MsoNormal\">\u2022 DNI terminados en 0 y 1: 11 de agosto<\/p>\n<p class=\"yiv5017422959MsoNormal\">\u2022 DNI terminados en 2 y 3: 12 de agosto<\/p>\n<p class=\"yiv5017422959MsoNormal\">\u2022 DNI terminados en 4 y 5: 13 de agosto<\/p>\n<p class=\"yiv5017422959MsoNormal\">\u2022 DNI terminados en 6 y 7: 14 de agosto<\/p>\n<p class=\"yiv5017422959MsoNormal\">\u2022 DNI terminados en 8 y 9: 18 de agosto<\/p>\n<p class=\"yiv5017422959MsoNormal\"><b>\u00a0<\/b><\/p>\n<p class=\"yiv5017422959MsoNormal\"><b>Asignaci\u00f3n por Maternidad<\/b><\/p>\n<p class=\"yiv5017422959MsoNormal\"><b><\/b>\u2022 Todas las terminaciones de documento: 11 de agosto al 10 de septiembre<\/p>\n<p class=\"yiv5017422959MsoNormal\"><b>\u00a0<\/b><\/p>\n<p class=\"yiv5017422959MsoNormal\"><b>Asignaciones Pago \u00danico (Matrimonio, Nacimiento, Adopci\u00f3n)<\/b><\/p>\n<p class=\"yiv5017422959MsoNormal\">\u2022 Todas las terminaciones de documento: 11 de agosto al 10 de septiembre<\/p>\n<p class=\"yiv5017422959MsoNormal\"><b>Pensiones No Contributivas<\/b><\/p>\n<p class=\"yiv5017422959MsoNormal\">\u2022 DNI terminados en 0 y 1: 8 de agosto<\/p>\n<p class=\"yiv5017422959MsoNormal\">\u2022 DNI terminados en 2 y 3: 11 de agosto<\/p>\n<p class=\"yiv5017422959MsoNormal\">\u2022 DNI terminados en 4 y 5: 12 de agosto<\/p>\n<p class=\"yiv5017422959MsoNormal\">\u2022 DNI terminados en 6 y 7: 13 de agosto<\/p>\n<p class=\"yiv5017422959MsoNormal\">\u2022 DNI terminados en 8 y 9: 14 de agosto<\/p>\n<p class=\"yiv5017422959MsoNormal\"><b>Asignaciones Familiares de Pensiones No Contributivas<\/b><\/p>\n<p class=\"yiv5017422959MsoNormal\">\u2022 Todas las terminaciones de documento: 8 de agosto al 10 de septiembre<\/p>\n<p class=\"yiv5017422959MsoNormal\"><b>Prestaci\u00f3n por Desempleo<\/b><\/p>\n<p class=\"yiv5017422959MsoNormal\">\u2022 DNI terminados en 0 y 1: 22 de agosto<\/p>\n<p class=\"yiv5017422959MsoNormal\">\u2022 DNI terminados en 2 y 3: 25 de agosto<\/p>\n<p class=\"yiv5017422959MsoNormal\">\u2022 DNI terminados en 4 y 5: 26 de agosto<\/p>\n<p class=\"yiv5017422959MsoNormal\">\u2022 DNI terminados en 6 y 7: 27 de agosto<\/p>\n<p class=\"yiv5017422959MsoNormal\">\u2022 DNI terminados en 8 y 9: 28 de agosto<\/p>\n<p class=\"yiv5017422959MsoNormal\">\n","protected":false},"excerpt":{"rendered":"<p>nota servicio.<\/p>\n","protected":false},"author":3,"featured_media":30258,"comment_status":"open","ping_status":"open","sticky":false,"template":"","format":"standard","meta":{"footnotes":"","jetpack_publicize_message":"","jetpack_publicize_feature_enabled":true,"jetpack_social_post_already_shared":true,"jetpack_social_options":{"image_generator_settings":{"template":"highway","default_image_id":0,"font":"","enabled":false},"version":2}},"categories":[81],"tags":[21,3410],"class_list":["post-30255","post","type-post","status-publish","format-standard","has-post-thumbnail","hentry","category-anses","tag-anses","tag-enero-26"],"jetpack_publicize_connections":[],"jetpack_featured_media_url":"https:\/\/revistaepocadigital.com.ar\/wp-content\/uploads\/2025\/08\/anses-auh-asignaciones-jubilaciones-pensiones-seguridad-social.jpg","jetpack_likes_enabled":true,"_links":{"self":[{"href":"https:\/\/revistaepocadigital.com.ar\/index.php?rest_route=\/wp\/v2\/posts\/30255","targetHints":{"allow":["GET"]}}],"collection":[{"href":"https:\/\/revistaepocadigital.com.ar\/index.php?rest_route=\/wp\/v2\/posts"}],"about":[{"href":"https:\/\/revistaepocadigital.com.ar\/index.php?rest_route=\/wp\/v2\/types\/post"}],"author":[{"embeddable":true,"href":"https:\/\/revistaepocadigital.com.ar\/index.php?rest_route=\/wp\/v2\/users\/3"}],"replies":[{"embeddable":true,"href":"https:\/\/revistaepocadigital.com.ar\/index.php?rest_route=%2Fwp%2Fv2%2Fcomments&post=30255"}],"version-history":[{"count":6,"href":"https:\/\/revistaepocadigital.com.ar\/index.php?rest_route=\/wp\/v2\/posts\/30255\/revisions"}],"predecessor-version":[{"id":32658,"href":"https:\/\/revistaepocadigital.com.ar\/index.php?rest_route=\/wp\/v2\/posts\/30255\/revisions\/32658"}],"wp:featuredmedia":[{"embeddable":true,"href":"https:\/\/revistaepocadigital.com.ar\/index.php?rest_route=\/wp\/v2\/media\/30258"}],"wp:attachment":[{"href":"https:\/\/revistaepocadigital.com.ar\/index.php?rest_route=%2Fwp%2Fv2%2Fmedia&parent=30255"}],"wp:term":[{"taxonomy":"category","embeddable":true,"href":"https:\/\/revistaepocadigital.com.ar\/index.php?rest_route=%2Fwp%2Fv2%2Fcategories&post=30255"},{"taxonomy":"post_tag","embeddable":true,"href":"https:\/\/revistaepocadigital.com.ar\/index.php?rest_route=%2Fwp%2Fv2%2Ftags&post=30255"}],"curies":[{"name":"wp","href":"https:\/\/api.w.org\/{rel}","templated":true}]}}