{"id":3048,"date":"2019-08-09T00:25:06","date_gmt":"2019-08-09T03:25:06","guid":{"rendered":"https:\/\/revistaepocadigital.com.ar\/?p=3048"},"modified":"2019-08-09T01:04:40","modified_gmt":"2019-08-09T04:04:40","slug":"viste-esto-lo-que-paso-en-el-cementerio-de-capilla","status":"publish","type":"post","link":"https:\/\/revistaepocadigital.com.ar\/?p=3048","title":{"rendered":"\u00bfVISTE ESTO?. LO QUE PAS\u00d3 EN EL CEMENTERIO DE CAPILLA"},"content":{"rendered":"<div class=\"header-nav-container\">\n<header class=\"site-header nav-down\">\n<div class=\"top-part brand-bg clearfix\">\n<div class=\"container\">\n<div class=\"content-center center-me-x-y\">\n<div class=\"site-content\">\n<article id=\"article-1\" class=\"entry-full whatsapp \u00a0 viewed no-border gallery clearfix\" data-path=\"https:\/\/www.cronica.com.ar\/whatsapp\/Graban-escalofriante-suceso-paranormal-en-cementerio-de-Capilla-del-Senor-20190808-0038.html\" data-title=\"Graban escalofriante suceso paranormal en cementerio de Capilla del Se\u00f1or\" data-localpath=\"\/contenidos\/2019\/08\/08\/noticia_0038.html\" data-comscore=\"sumario.whatsapp.Graban-escalofriante-suceso-paranormal-en-cementerio-de-Capilla-del-Se\u00f1or\">\n<div class=\"content\">\n<div class=\"title-top\">\n<div class=\"inner-container\">\n<h4><strong>LO REVEL\u00d3 CR\u00d3NICA TV.<\/strong><\/h4>\n<h4>Ac\u00e1, te reproducimos la nota:<\/h4>\n<h3 class=\"title-font font-700\">Graban escalofriante suceso paranormal en cementerio de Capilla del Se\u00f1or<\/h3>\n<\/div>\n<\/div>\n<div class=\"inner-container clearfix\">\n<div class=\"nota-body-container nota-970\">\n<div class=\"title\">\n<p><em><strong>EXCLUSIVO de cronica.com.ar<\/strong><\/em>\u00a0A 350 kil\u00f3metros de donde se registr\u00f3 el llanto del beb\u00e9 fantasma\u00a0en Luj\u00e1n, trabajadores de la necr\u00f3polis fueron testigos de un tremendo hecho sin explicaci\u00f3n que registraron con sus celulares. <em><strong>Im\u00e1genes impactantes<\/strong><\/em>.<\/p>\n<\/div>\n<div class=\"nota-media-container\">\n<figure class=\"swiper-container swiper-principal swiper-container-horizontal\" data-notafotogaleria=\"1\" data-notafotogaleriathumbnails=\"si\" data-notafotogaleriafullscreen=\"si\">\n<div class=\"swiper-wrapper\">\n<div class=\"swiper-wrapper\">\n<div class=\"swiper-slide swiper-slide-active\"><img loading=\"lazy\" decoding=\"async\" src=\"https:\/\/www.cronica.com.ar\/__export\/1565298004786\/sites\/cronica\/img\/2019\/08\/08\/cementerio_crop1565297325658.jpg_1734428432.jpg\" alt=\"Ocurri\u00f3 en el Cementerio Municipal de Capilla del Se\u00f1or. (Archivo)\" width=\"970\" height=\"546\" data-width=\"970\" data-height=\"546\" data-thumbnail=\"\/__export\/1565298004786\/sites\/cronica\/img\/2019\/08\/08\/cementerio_crop1565297325658.jpg_1674195933.jpg\" data-thumbnailwdith=\"160\" data-thumbnailheight=\"100\" \/><\/div>\n<\/div>\n<\/div><figcaption class=\"title-font\">Ocurri\u00f3 en el Cementerio Municipal de Capilla del Se\u00f1or. (Archivo)<\/figcaption><div class=\"swiper-wrapper\">\n<div class=\"swiper-slide swiper-slide-active\"><\/div>\n<\/div>\n<div class=\"swiper-button-prev opacity0 swiper-button-disabled\"><\/div>\n<div class=\"swiper-button-next opacity0 swiper-button-disabled\"><\/div><figcaption class=\"title-font\"><\/figcaption><\/figure>\n<\/div>\n<div class=\"main-content clearfix\">\n<section>\n<div class=\"entry-body text-font\">\n<p>Luego del caso del beb\u00e9 fantasma que conmocion\u00f3 a los vecinos de la localidad bonaerense de Luj\u00e1n, se registr\u00f3 un nuevo suceso paranormal a 350 kil\u00f3metros, en el cementerio situado en Capilla del Se\u00f1or. Trabajadores del establecimiento grabaron parte de la escalofriante secuencia y dieron tremendos detalles a <em><strong>cronica.com.ar<\/strong><\/em>.<\/p>\n<div id=\"lx_640020\" class=\"__lxG__multi __lxG__multi_lx_640020\">\n<div data-lxpresource=\"1\"><\/div>\n<div id=\"div-gpt-ad-21821028145-1\" data-google-query-id=\"CNGcm8rp9OMCFdtnwQodbp0Lag\">\n<div id=\"google_ads_iframe_\/45470634\/clickio_area_640020_728x90_0__container__\"><iframe loading=\"lazy\" id=\"google_ads_iframe_\/45470634\/clickio_area_640020_728x90_0\" title=\"3rd party ad content\" src=\"https:\/\/tpc.googlesyndication.com\/safeframe\/1-0-35\/html\/container.html\" name=\"\" width=\"728\" height=\"90\" frameborder=\"0\" marginwidth=\"0\" marginheight=\"0\" scrolling=\"no\" data-is-safeframe=\"true\" data-google-container-id=\"d\" data-load-complete=\"true\" data-mce-fragment=\"1\"><\/iframe><\/div>\n<\/div>\n<\/div>\n<p>Las im\u00e1genes grabadas dentro de la oficina del <a href=\"https:\/\/www.cronica.com.ar\/tags\/Cementerio\">Cementerio<\/a> Municipal,\u00a0situado en la calle\u00a0Leandro N. Alem al 205, muestran c\u00f3mo las puertas del establecimiento se abren y se cierran sin que ninguna persona ejerza fuerza sobre ellas. Adem\u00e1s, en el archivo, se escuchan sonidos extra\u00f1os. <em>&#8220;El picaporte se mov\u00eda, la ventana temblaba,\u00a0la cortina se corr\u00eda sola, las luces se prend\u00edan y se apagaban, pensamos que se meti\u00f3 un delincuente pero, cuando entramos, no hab\u00eda nadie&#8221;<\/em>, agreg\u00f3\u00a0un testigo del escalofriante suceso.<\/p>\n<div>\n<div class=\"ckeditor-em\"><iframe loading=\"lazy\" src=\"https:\/\/www.google.com\/maps\/embed?pb=!1m14!1m8!1m3!1d26369.52375302957!2d-59.1133395234326!3d-34.29468995742028!3m2!1i1024!2i768!4f13.1!3m3!1m2!1s0x0%3A0xc6b958ce7907bddf!2s &lt;a href='https:\/\/www.cronica.com.ar\/tags\/Cementerio'&gt;Cementerio&lt;\/a&gt;+Municipal!5e0!3m2!1ses!2sar!4v1565294579756!5m2!1ses!2sar\" width=\"600\" height=\"450\" frameborder=\"0\" allowfullscreen=\"allowfullscreen\" data-mce-fragment=\"1\"><\/iframe><\/div>\n<\/div>\n<p>Seg\u00fan relat\u00f3 el empleado, <em>&#8220;llegamos al cementerio a las 7 de la ma\u00f1ana, entramos a la oficina, preparamos unos mates y, diez minutos despu\u00e9s, escuchamos un portazo muy fuerte. De inmediato, salimos de la sala para averig\u00fcar qu\u00e9 estaba pasando, pensamos que alguien hab\u00eda entrado a robar&#8221;.\u00a0<\/em><\/p>\n<div id=\"lx_640020\" class=\"__lxG__multi __lxG__multi_lx_640020\" data-cnt=\"2\">\n<div id=\"dfp_spec_lx_640020_2\" data-google-query-id=\"CLntq8rp9OMCFclqwQodFdQEpg\">\n<div id=\"google_ads_iframe_\/45470634\/clickio_area_640020_728x90_1__container__\"><iframe loading=\"lazy\" id=\"google_ads_iframe_\/45470634\/clickio_area_640020_728x90_1\" title=\"3rd party ad content\" src=\"https:\/\/tpc.googlesyndication.com\/safeframe\/1-0-35\/html\/container.html\" name=\"\" width=\"728\" height=\"90\" frameborder=\"0\" marginwidth=\"0\" marginheight=\"0\" scrolling=\"no\" sandbox=\"allow-forms allow-pointer-lock allow-popups allow-popups-to-escape-sandbox allow-same-origin allow-scripts allow-top-navigation-by-user-activation\" data-is-safeframe=\"true\" data-google-container-id=\"c\" data-load-complete=\"true\" data-mce-fragment=\"1\"><\/iframe><\/div>\n<\/div>\n<\/div>\n<p>Continu\u00f3: <em>&#8220;Cuando salimos de la oficina, no encontramos a nadie. Caminamos dos metros y, de pronto, escuchamos otro portazo. Alguien hab\u00eda cerrado nuestra puerta pero, solo estabamos nosotros en el lugar. No entend\u00edamos qu\u00e9 estaba pasando, nos quedamos paralizados. Cuando logramos reaccionar, sacamos nuestros celulares para tener un registro de lo que suced\u00eda&#8221;.\u00a0<\/em><\/p>\n<p>Luego de que se cerr\u00f3 la puerta, vieron c\u00f3mo<em> &#8220;el picaporte se empez\u00f3 a mover, la ventana comenz\u00f3 a temblar, la cortina se corri\u00f3, la luz comenz\u00f3 a prenderse y apagarse, se escuchaban ruidos extra\u00f1os&#8221;. <\/em>Agreg\u00f3: <em>&#8220;La situaci\u00f3n se prolong\u00f3 durante varios minutos y fren\u00f3 cuando lleg\u00f3 un tercer empleado al lugar. La gente nos crey\u00f3 gracias al video&#8221;.\u00a0<\/em><\/p>\n<p>A\u00fan\u00a0no se pudo comprobar qu\u00e9 fue lo que gener\u00f3 el movimiento de las puertas y los sucesos extra\u00f1os que detallaron los empleados. Los testigos aseguran que se trat\u00f3 de otro hecho paranormal.<\/p>\n<div>\n<div class=\"ckeditor-em\"><iframe loading=\"lazy\" src=\"https:\/\/vmf.edge-apps.net\/embed\/vod?vid=46501&amp;hash=f8fc4456b3e4ab97f332db5c895cf24c-1565297583-bc6f45b2a09bd321f2ed4c02b7a5d15f\" width=\"340px\" height=\"500px\" frameborder=\"0\" allowfullscreen=\"allowfullscreen\" data-mce-fragment=\"1\"><\/iframe><\/div>\n<\/div>\n<\/div>\n<\/section>\n<\/div>\n<\/div>\n<\/div>\n<\/div>\n<\/article>\n<\/div>\n<\/div>\n<div id=\"header-info-clima\" class=\"content-right pull-right load\">\n<div class=\"weather-widget\"><span class=\"weather-icon\">\u00a0<\/span><\/div>\n<\/div>\n<\/div>\n<\/div>\n<\/header>\n<\/div>\n<p>&nbsp;<\/p>\n<div class=\"site-content\">\n<article id=\"article-1\" class=\"entry-full whatsapp \u00a0 viewed no-border gallery clearfix\" data-path=\"https:\/\/www.cronica.com.ar\/whatsapp\/Graban-escalofriante-suceso-paranormal-en-cementerio-de-Capilla-del-Senor-20190808-0038.html\" data-title=\"Graban escalofriante suceso paranormal en cementerio de Capilla del Se\u00f1or\" data-localpath=\"\/contenidos\/2019\/08\/08\/noticia_0038.html\" data-comscore=\"sumario.whatsapp.Graban-escalofriante-suceso-paranormal-en-cementerio-de-Capilla-del-Se\u00f1or\">\n<div class=\"content\">\n<div class=\"inner-container clearfix\">\n<div class=\"nota-body-container nota-970\">\n<div class=\"main-content clearfix\">\n<section>\n<div class=\"entry-body text-font\">\n<div>\n<div class=\"ckeditor-em\">Foto portada: movil.exaltaciondelacruz.gov.ar<\/div>\n<\/div>\n<\/div>\n<\/section>\n<\/div>\n<\/div>\n<\/div>\n<\/div>\n<\/article>\n<\/div>\n","protected":false},"excerpt":{"rendered":"<p>LO REVEL\u00d3 CR\u00d3NICA TV. Ac\u00e1, te reproducimos la nota: Graban escalofriante suceso paranormal en cementerio de Capilla del Se\u00f1or EXCLUSIVO de cronica.com.ar\u00a0A 350 kil\u00f3metros de donde se registr\u00f3 el llanto del beb\u00e9 fantasma\u00a0en Luj\u00e1n, trabajadores de la necr\u00f3polis fueron testigos de un tremendo hecho sin explicaci\u00f3n que registraron con sus celulares. Im\u00e1genes impactantes. Ocurri\u00f3 en [&hellip;]<\/p>\n","protected":false},"author":3,"featured_media":3055,"comment_status":"open","ping_status":"open","sticky":false,"template":"","format":"standard","meta":{"footnotes":"","jetpack_publicize_message":"","jetpack_publicize_feature_enabled":true,"jetpack_social_post_already_shared":false,"jetpack_social_options":{"image_generator_settings":{"template":"highway","default_image_id":0,"font":"","enabled":false},"version":2}},"categories":[13],"tags":[440,442],"class_list":["post-3048","post","type-post","status-publish","format-standard","has-post-thumbnail","hentry","category-interes-general","tag-cementerio","tag-episodio"],"jetpack_publicize_connections":[],"jetpack_featured_media_url":"https:\/\/revistaepocadigital.com.ar\/wp-content\/uploads\/2019\/08\/cemente.jpg","jetpack_likes_enabled":true,"_links":{"self":[{"href":"https:\/\/revistaepocadigital.com.ar\/index.php?rest_route=\/wp\/v2\/posts\/3048","targetHints":{"allow":["GET"]}}],"collection":[{"href":"https:\/\/revistaepocadigital.com.ar\/index.php?rest_route=\/wp\/v2\/posts"}],"about":[{"href":"https:\/\/revistaepocadigital.com.ar\/index.php?rest_route=\/wp\/v2\/types\/post"}],"author":[{"embeddable":true,"href":"https:\/\/revistaepocadigital.com.ar\/index.php?rest_route=\/wp\/v2\/users\/3"}],"replies":[{"embeddable":true,"href":"https:\/\/revistaepocadigital.com.ar\/index.php?rest_route=%2Fwp%2Fv2%2Fcomments&post=3048"}],"version-history":[{"count":0,"href":"https:\/\/revistaepocadigital.com.ar\/index.php?rest_route=\/wp\/v2\/posts\/3048\/revisions"}],"wp:featuredmedia":[{"embeddable":true,"href":"https:\/\/revistaepocadigital.com.ar\/index.php?rest_route=\/wp\/v2\/media\/3055"}],"wp:attachment":[{"href":"https:\/\/revistaepocadigital.com.ar\/index.php?rest_route=%2Fwp%2Fv2%2Fmedia&parent=3048"}],"wp:term":[{"taxonomy":"category","embeddable":true,"href":"https:\/\/revistaepocadigital.com.ar\/index.php?rest_route=%2Fwp%2Fv2%2Fcategories&post=3048"},{"taxonomy":"post_tag","embeddable":true,"href":"https:\/\/revistaepocadigital.com.ar\/index.php?rest_route=%2Fwp%2Fv2%2Ftags&post=3048"}],"curies":[{"name":"wp","href":"https:\/\/api.w.org\/{rel}","templated":true}]}}