{"id":3079,"date":"2019-08-12T09:35:02","date_gmt":"2019-08-12T12:35:02","guid":{"rendered":"https:\/\/revistaepocadigital.com.ar\/?p=3079"},"modified":"2019-08-12T13:35:24","modified_gmt":"2019-08-12T16:35:24","slug":"raul-sancho-despues-de-las-paso-no-aflojamos-antes-mucho-menos-ahora","status":"publish","type":"post","link":"https:\/\/revistaepocadigital.com.ar\/?p=3079","title":{"rendered":"Ra\u00fal Sancho despu\u00e9s de las PASO: &#8220;No aflojamos antes, mucho menos ahora&#8221;"},"content":{"rendered":"<p><strong>EN EXALTACI\u00d3N DE LA CRUZ.<\/strong><!--more--><\/p>\n<p>Conocida la victoria de Diego Nanni del Frente de Todos en las recientes PASO, el candidato de Juntos por Todos, <strong>Ra\u00fal Sancho<\/strong>, utiliz\u00f3 la red social Facebook para volcar sus primeras impresiones luego del resultado.<\/p>\n<p><em>&#8220;<span id=\"fbPhotoSnowliftCaption\" class=\"fbPhotosPhotoCaption\" tabindex=\"0\" aria-live=\"polite\" data-ft=\"{&quot;tn&quot;:&quot;K&quot;}\"><span class=\"hasCaption\">GRACIAS\u00a0 a los casi 7.000 vecinos que confiaron en nosotros, a los que estuvieron todo el d\u00eda fiscalizando y colaborando y a todos aquellos que apuestan por hacer las cosas de un modo diferente.<\/span><\/span><\/em><\/p>\n<p><em>A pesar del aparato, la estructura y la bochornosa cantidad de plata que se han gastado en campa\u00f1a<\/em> (ESA QUE FALTA EN TANTAS COSAS)<em> nos separan solo 7% del oficialismo y mucho por trabajar de cara a OCTUBRE, de escuchar, de caminar casa por casa y de presentar todos los proyectos que tenemos para mirar hacia el FUTURO de un pueblo que necesita crecer.<\/em><\/p>\n<p><em>No aflojamos antes, mucho menos ahora, EXALTACI\u00d3N DE LA CRUZ NECESITA UN CAMBIO&#8221;.<\/em><\/p>\n<figure id=\"attachment_3080\" aria-describedby=\"caption-attachment-3080\" style=\"width: 960px\" class=\"wp-caption aligncenter\"><img loading=\"lazy\" decoding=\"async\" class=\"size-full wp-image-3080\" src=\"https:\/\/revistaepocadigital.com.ar\/wp-content\/uploads\/2019\/08\/paso-resultados19.jpg\" alt=\"\" width=\"960\" height=\"530\" srcset=\"https:\/\/revistaepocadigital.com.ar\/wp-content\/uploads\/2019\/08\/paso-resultados19.jpg 960w, https:\/\/revistaepocadigital.com.ar\/wp-content\/uploads\/2019\/08\/paso-resultados19-300x166.jpg 300w, https:\/\/revistaepocadigital.com.ar\/wp-content\/uploads\/2019\/08\/paso-resultados19-768x424.jpg 768w, https:\/\/revistaepocadigital.com.ar\/wp-content\/uploads\/2019\/08\/paso-resultados19-696x385.jpg 696w, https:\/\/revistaepocadigital.com.ar\/wp-content\/uploads\/2019\/08\/paso-resultados19-761x420.jpg 761w\" sizes=\"auto, (max-width: 960px) 100vw, 960px\" \/><figcaption id=\"caption-attachment-3080\" class=\"wp-caption-text\">El cuadro con resultados de las PASO y sus porcentajes.<\/figcaption><\/figure>\n<p>Fuente: Facebook R. Sancho<\/p>\n<p>&nbsp;<\/p>\n","protected":false},"excerpt":{"rendered":"<p>EN EXALTACI\u00d3N DE LA CRUZ.<\/p>\n","protected":false},"author":3,"featured_media":3080,"comment_status":"open","ping_status":"open","sticky":false,"template":"","format":"standard","meta":{"footnotes":"","jetpack_publicize_message":"","jetpack_publicize_feature_enabled":true,"jetpack_social_post_already_shared":false,"jetpack_social_options":{"image_generator_settings":{"template":"highway","default_image_id":0,"font":"","enabled":false},"version":2}},"categories":[13],"tags":[445,446,256],"class_list":["post-3079","post","type-post","status-publish","format-standard","has-post-thumbnail","hentry","category-interes-general","tag-paso-2019","tag-resultados","tag-sancho"],"jetpack_publicize_connections":[],"jetpack_featured_media_url":"https:\/\/revistaepocadigital.com.ar\/wp-content\/uploads\/2019\/08\/paso-resultados19.jpg","jetpack_likes_enabled":true,"_links":{"self":[{"href":"https:\/\/revistaepocadigital.com.ar\/index.php?rest_route=\/wp\/v2\/posts\/3079","targetHints":{"allow":["GET"]}}],"collection":[{"href":"https:\/\/revistaepocadigital.com.ar\/index.php?rest_route=\/wp\/v2\/posts"}],"about":[{"href":"https:\/\/revistaepocadigital.com.ar\/index.php?rest_route=\/wp\/v2\/types\/post"}],"author":[{"embeddable":true,"href":"https:\/\/revistaepocadigital.com.ar\/index.php?rest_route=\/wp\/v2\/users\/3"}],"replies":[{"embeddable":true,"href":"https:\/\/revistaepocadigital.com.ar\/index.php?rest_route=%2Fwp%2Fv2%2Fcomments&post=3079"}],"version-history":[{"count":0,"href":"https:\/\/revistaepocadigital.com.ar\/index.php?rest_route=\/wp\/v2\/posts\/3079\/revisions"}],"wp:featuredmedia":[{"embeddable":true,"href":"https:\/\/revistaepocadigital.com.ar\/index.php?rest_route=\/wp\/v2\/media\/3080"}],"wp:attachment":[{"href":"https:\/\/revistaepocadigital.com.ar\/index.php?rest_route=%2Fwp%2Fv2%2Fmedia&parent=3079"}],"wp:term":[{"taxonomy":"category","embeddable":true,"href":"https:\/\/revistaepocadigital.com.ar\/index.php?rest_route=%2Fwp%2Fv2%2Fcategories&post=3079"},{"taxonomy":"post_tag","embeddable":true,"href":"https:\/\/revistaepocadigital.com.ar\/index.php?rest_route=%2Fwp%2Fv2%2Ftags&post=3079"}],"curies":[{"name":"wp","href":"https:\/\/api.w.org\/{rel}","templated":true}]}}