{"id":30844,"date":"2025-09-01T21:56:49","date_gmt":"2025-09-02T00:56:49","guid":{"rendered":"https:\/\/revistaepocadigital.com.ar\/?p=30844"},"modified":"2025-09-01T21:56:49","modified_gmt":"2025-09-02T00:56:49","slug":"en-el-hospital-de-capilla-del-senor-le-salvaron-la-vida-a-jairo","status":"publish","type":"post","link":"https:\/\/revistaepocadigital.com.ar\/?p=30844","title":{"rendered":"\u201cEn el Hospital de Capilla del Se\u00f1or le salvaron la vida a Jairo\u201d"},"content":{"rendered":"<div class=\"row row m-0 justify-content-center\">\n<div class=\"col-10 p-0\">\n<nav class=\"navbar navbar-expand-lg\">\n<div class=\"container-fluid\">\n<p>Un ni\u00f1o de 5 a\u00f1os sufri\u00f3 una herida punzante en su abdomen durante los festejos patronales de Gaynor. Fue operado de urgencia en el Hospital \u201cSan Jos\u00e9\u201d y ya est\u00e1 en su casa.<\/p>\n<\/div>\n<\/nav>\n<\/div>\n<\/div>\n<p><!--more--><\/p>\n<div class=\"row g-0 contenedorNota\">\n<div class=\"col-auto \">\n<div class=\"row justify-content-center mt-4\">\n<div class=\"col-12 col-md-6\"><img decoding=\"async\" src=\"https:\/\/noticiasd.com\/img\/2025\/09\/01\/6232866971.jpeg\" alt=\"Elogios al sistema de salud local: \u201cEn el Hospital de Capilla del Se\u00f1or le salvaron la vida a Jairo\u201d\" \/><\/p>\n<p class=\"epigrafeDeImagenPpal\">El Hospital Municipal de Capilla del Se\u00f1or, referencia sanitaria provincial.<\/p>\n<div class=\"contenidoNotaDanger\">\n<p>\u201cA mi sobrino, en el Hospital Municipal San Jos\u00e9 le salvaron la vida\u201d. Sin rodeos, ni medias tintas, el que habla es\u00a0<strong>Oscar Huber<\/strong>, t\u00edo de\u00a0<strong>Jairo, un ni\u00f1o de 5 a\u00f1os que result\u00f3 herido durante las Fiestas Patronales de Diego Gaynor y que salv\u00f3 su vida gracias a la r\u00e1pida respuesta del sistema de Salud\u00a0<\/strong>de\u00a0<span style=\"color: #000000;\"><strong><a style=\"color: #000000;\" href=\"https:\/\/noticiasd.com\/argentina\/Buenos-Aires\/Exaltaci%C3%B3n-de-la-Cruz\" target=\"_blank\" rel=\"noopener noreferrer\">Exaltaci\u00f3n de la Cruz<\/a><\/strong>.<\/span><\/p>\n<p>Es el mismo sistema sanitario que es un orgullo para todos los habitantes de nuestro pueblo y que desde la gesti\u00f3n del intendente<span style=\"color: #000000;\">\u00a0<strong><a style=\"color: #000000;\" href=\"https:\/\/www.facebook.com\/nannidiegoe\/?locale=ro_RO\" target=\"_blank\" rel=\"noopener noreferrer\">Diego Nanni<\/a><\/strong>\u00a0<\/span>es considerado como una \u201cpol\u00edtica de estado\u201d, potenciando el trabajo que se viene sostenido en la materia desde hace 34 a\u00f1os.<\/p>\n<p><strong>El nivel de capacitaci\u00f3n y empat\u00eda de todo el personal y las constantes mejoras en infraestructura y aparatolog\u00eda colocan al Hospital Municipal \u201cSan Jos\u00e9\u201d\u00a0<\/strong>como un centro referencial en esta zona de la provincia y en el caso de Jairo esas cualidades han quedado nuevamente retratadas.<\/p>\n<p><img decoding=\"async\" src=\"https:\/\/noticiasd.com\/img\/2025\/08\/31\/16_1756692252534_1_.jpeg\" \/><\/p>\n<p>La herida de Jairo se dio en el tramo final del desfile de las fiestas patronales de Gaynor<\/p>\n<p><strong>La historia comenz\u00f3 el 10 de agosto, en el marco de las Fiestas Patronales de Diego Gaynor. <\/strong>Mientras una gran cantidad de vecinos disfrutaba de la jornada, del desfile, los puestos gastron\u00f3micos y otras atracciones, el drama se apoder\u00f3 de la familia de Jairo.<\/p>\n<p>Es que el ni\u00f1o sufri\u00f3 una herida punzante en su abdomen que puso su vida en peligro. \u201cPodr\u00edamos decir que se apu\u00f1al\u00f3 solo. Se cay\u00f3 con el cuchillo en la mano y se pinch\u00f3 el abdomen\u201d, cont\u00f3 Oscar Huber, t\u00edo del menor. El mismo cont\u00f3 que \u201cla herida rompi\u00f3 los intestinos y una parte del bazo\u201d. Y mientras todo era p\u00e1nico y desconcierto, el primer eslab\u00f3n de la cadena del sistema sanitario dio la respuesta esperada y necesaria: \u201cla ambulancia lleg\u00f3 rapid\u00edsimo, en cinco minutos y lo trasladaron de urgencia al Hospital \u201cSan Jos\u00e9\u201d. <strong>\u201cNosotros nos quedamos un tiempito m\u00e1s en Gaynor porque mi sobrina, la mam\u00e1 de Jairo que est\u00e1 embarazada, se desmay\u00f3 y tuvimos que asistirla\u201d<\/strong>, agreg\u00f3.<\/p>\n<\/div>\n<\/div>\n<\/div>\n<\/div>\n<div class=\"col-auto \">\n<div class=\"row justify-content-center mt-4\">\n<div class=\"col-12 col-md-6\">\n<div class=\"contenidoNotaDanger\">\n<p><em>&#8220;Era cuesti\u00f3n de vida o muerte. En el San Jos\u00e9 le salvaron la vida&#8221;<\/em>, dijo el t\u00edo de Jairo.<\/p>\n<p><strong>Una vez en el hospital, los m\u00e9dicos constataron la gravedad de las lesiones y actuaron con velocidad, operando de urgencia al ni\u00f1o<\/strong>. Seg\u00fan trascendi\u00f3, se efectu\u00f3 una cirug\u00eda reconstructiva como para detener la hemorragia y la complicaci\u00f3n gastrointestinal, que tuvo saldo positivo. \u201cQuien o quienes lo operaron se jugaron la vida. Era una cuesti\u00f3n de vida o muerte\u201d, remarc\u00f3 Huber.<\/p>\n<p>En paralelo, desde el sistema de salud exaltacrucense se comenz\u00f3 una tarea de articulaci\u00f3n con la Regi\u00f3n Sanitaria V para el traslado del paciente. Se consigui\u00f3 una ambulancia con la complejidad necesaria y se lo llev\u00f3 a Jairo hacia el Hospital Interzonal General de Agudos \u201cEva Per\u00f3n\u201d (exCastex), ubicado en San Mart\u00edn.<\/p>\n<p>En ese nosocomio se complet\u00f3 la recuperaci\u00f3n de Jairo, que estuvo 10 d\u00edas internado antes de recibir el alta m\u00e9dica y volver a su casa en la zona de Los Cardales. \u201cFueron horas trist\u00edsimas, pero ya tiene el alta, come y camina normal\u201d, confi\u00f3 el t\u00edo Oscar, al tiempo que indic\u00f3 que por prevenci\u00f3n \u201ctodav\u00eda no volvi\u00f3 al Jard\u00edn de Infantes al que concurre\u201d.<\/p>\n<p><img decoding=\"async\" src=\"https:\/\/noticiasd.com\/img\/2025\/08\/31\/16_1756692252534_3_.jpeg\" \/><\/p>\n<p>Tras ser operado en Capilla, Jairo fue trasladado al exHospital Castex.<\/p>\n<p><strong>Los profesionales del Castex reconocieron el trabajo llevado adelante por sus colegas del hospital de Capilla del Se\u00f1or,<\/strong> quienes actuaron con precision, solvencia y rapidez ante una situaci\u00f3n de total emergencia.&#8221;En el Hospital San Jos\u00e9, se actu\u00f3 de una forma ejemplar y les agradecemos a todos los que all\u00ed trabajan porque lo hacen con experiencia, empat\u00eda y humanidad\u201d, cerr\u00f3 Huber, buscando dejar en el pasado la experiencia vivida por su sobrino y remarcando el nivel de atenci\u00f3n recibido en Exaltaci\u00f3n de la Cruz.<\/p>\n<p>nota publicada en Noticias (d)<\/p>\n<\/div>\n<\/div>\n<\/div>\n<\/div>\n<\/div>\n","protected":false},"excerpt":{"rendered":"<p>Un ni\u00f1o de 5 a\u00f1os sufri\u00f3 una herida punzante en su abdomen durante los festejos patronales de Gaynor. Fue operado de urgencia en el Hospital \u201cSan Jos\u00e9\u201d y ya est\u00e1 en su casa.<\/p>\n","protected":false},"author":3,"featured_media":30845,"comment_status":"open","ping_status":"open","sticky":false,"template":"","format":"standard","meta":{"footnotes":"","jetpack_publicize_message":"","jetpack_publicize_feature_enabled":true,"jetpack_social_post_already_shared":true,"jetpack_social_options":{"image_generator_settings":{"template":"highway","default_image_id":0,"font":"","enabled":false},"version":2}},"categories":[13],"tags":[],"class_list":["post-30844","post","type-post","status-publish","format-standard","has-post-thumbnail","hentry","category-interes-general"],"jetpack_publicize_connections":[],"jetpack_featured_media_url":"https:\/\/revistaepocadigital.com.ar\/wp-content\/uploads\/2025\/09\/hospit.png","jetpack_likes_enabled":true,"_links":{"self":[{"href":"https:\/\/revistaepocadigital.com.ar\/index.php?rest_route=\/wp\/v2\/posts\/30844","targetHints":{"allow":["GET"]}}],"collection":[{"href":"https:\/\/revistaepocadigital.com.ar\/index.php?rest_route=\/wp\/v2\/posts"}],"about":[{"href":"https:\/\/revistaepocadigital.com.ar\/index.php?rest_route=\/wp\/v2\/types\/post"}],"author":[{"embeddable":true,"href":"https:\/\/revistaepocadigital.com.ar\/index.php?rest_route=\/wp\/v2\/users\/3"}],"replies":[{"embeddable":true,"href":"https:\/\/revistaepocadigital.com.ar\/index.php?rest_route=%2Fwp%2Fv2%2Fcomments&post=30844"}],"version-history":[{"count":1,"href":"https:\/\/revistaepocadigital.com.ar\/index.php?rest_route=\/wp\/v2\/posts\/30844\/revisions"}],"predecessor-version":[{"id":30846,"href":"https:\/\/revistaepocadigital.com.ar\/index.php?rest_route=\/wp\/v2\/posts\/30844\/revisions\/30846"}],"wp:featuredmedia":[{"embeddable":true,"href":"https:\/\/revistaepocadigital.com.ar\/index.php?rest_route=\/wp\/v2\/media\/30845"}],"wp:attachment":[{"href":"https:\/\/revistaepocadigital.com.ar\/index.php?rest_route=%2Fwp%2Fv2%2Fmedia&parent=30844"}],"wp:term":[{"taxonomy":"category","embeddable":true,"href":"https:\/\/revistaepocadigital.com.ar\/index.php?rest_route=%2Fwp%2Fv2%2Fcategories&post=30844"},{"taxonomy":"post_tag","embeddable":true,"href":"https:\/\/revistaepocadigital.com.ar\/index.php?rest_route=%2Fwp%2Fv2%2Ftags&post=30844"}],"curies":[{"name":"wp","href":"https:\/\/api.w.org\/{rel}","templated":true}]}}