{"id":30847,"date":"2025-09-02T16:41:50","date_gmt":"2025-09-02T19:41:50","guid":{"rendered":"https:\/\/revistaepocadigital.com.ar\/?p=30847"},"modified":"2025-09-02T16:41:50","modified_gmt":"2025-09-02T19:41:50","slug":"el-vuelo-del-corazon-tercer-libro-de-ana-maria-reca","status":"publish","type":"post","link":"https:\/\/revistaepocadigital.com.ar\/?p=30847","title":{"rendered":"El Vuelo del Coraz\u00f3n, tercer libro de Ana Mar\u00eda Reca"},"content":{"rendered":"<p><strong>PRESENTADO EN LA CASA DE LA CULTURA EN CAPILLA DEL SE\u00d1OR<\/strong>.<\/p>\n<p>El <strong>Vuelo del Coraz\u00f3n<\/strong>, tercero de los libros escritos por <strong>Ana Mar\u00eda Reca<\/strong>.<\/p>\n<p><em>&#8220;Fue una presentaci\u00f3n colmada de poes\u00edas, lecturas, canciones y danzas. Present\u00e9 al p\u00fablico El Vuelo del Coraz\u00f3n, habl\u00e9 de su contenido, que si bien mis poes\u00edas de versos libre mantienen una l\u00ednea rom\u00e1ntica, en esta obra van m\u00e1s all\u00e1 de la relaci\u00f3n amorosa de una pareja. Intenta dejar un mensaje de esperanza para el d\u00eda a d\u00eda, un mensaje para forjar sue\u00f1os, sintiendo que se cumplir\u00e1n y que el gozar el momento presente es prioridad&#8221;, <\/em>se\u00f1al\u00f3 la escritora consultada por 2EPOCA.<\/p>\n<p><em>&#8220;Tambi\u00e9n coment\u00e9 en la Casa de la Cultura<\/em> -ap\u00f9nt\u00f3-<em> que en mis presentaciones siempre me acompa\u00f1an bailarines y cantantes, pues desde adolescente estudi\u00e9 m\u00fasica mientras llenaba p\u00e1ginas con versos y poes\u00edas que so\u00f1aba fueran publicadas&#8221;.<\/em><\/p>\n<figure id=\"attachment_30872\" aria-describedby=\"caption-attachment-30872\" style=\"width: 624px\" class=\"wp-caption aligncenter\"><img loading=\"lazy\" decoding=\"async\" class=\"size-full wp-image-30872\" src=\"https:\/\/revistaepocadigital.com.ar\/wp-content\/uploads\/2025\/09\/reca-grupal.jpg\" alt=\"\" width=\"624\" height=\"351\" srcset=\"https:\/\/revistaepocadigital.com.ar\/wp-content\/uploads\/2025\/09\/reca-grupal.jpg 624w, https:\/\/revistaepocadigital.com.ar\/wp-content\/uploads\/2025\/09\/reca-grupal-300x169.jpg 300w\" sizes=\"auto, (max-width: 624px) 100vw, 624px\" \/><figcaption id=\"caption-attachment-30872\" class=\"wp-caption-text\">El grupo que la acompa\u00f1a junto a Ana Reca.<\/figcaption><\/figure>\n<p>Y despu\u00e9s cont\u00f3:<em> &#8220;Mientras le\u00eda algunas de mis poes\u00edas de El Vuelo del Coraz\u00f3n, hice una peque\u00f1a revisi\u00f3n de mis anteriores libros: Entre Paisajes y Mi Coraz\u00f3n ..escenario de\u00a0 amor\u2026me acompa\u00f1aron bailarines de la Agrupaci\u00f3n Amigos del Folklore, a la que pertenezco, y los cantantes Liliana Balbi, Osvaldo Torres y la participaci\u00f3n especial del m\u00fasico Cristian Rat\u00f3la Gigena. A su vez, agradezco enormemente a Fabi\u00e1n Scovenna por el espacio\u00a0 brindado, y a Coco Trejo y Esteban Marchese, por la generosa colaboraci\u00f3n&#8221;.<\/em><\/p>\n<p>&nbsp;<\/p>\n<p><strong>ME SORPRENDI\u00d3 EL MENSAJE DEL SILENCIO <\/strong>(\u00ba)<\/p>\n<p><em>Me sorprendi\u00f3 el mensaje del silencio<\/em><\/p>\n<p><em>Que insistente entre todas las voces<\/em><\/p>\n<p><em>Avanzaba estimulando<\/em><\/p>\n<p><em>Con deseos de acrecentar a la felicidad.<\/em><\/p>\n<p><em>Las desordenadas miradas de tantos ojos<\/em><\/p>\n<p><em>Excitaron mis ansias<\/em><\/p>\n<p><em>De gozar un espacio luminoso<\/em><\/p>\n<p><em>Bajo cielo celeste,<\/em><\/p>\n<p><em>Rodeada de \u00e1rboles simples<\/em><\/p>\n<p><em>Al comp\u00e1s de mi m\u00fasica interior.<\/em><\/p>\n<p><em>Sencillamente confirm\u00e9<\/em><\/p>\n<p><em>Que necesitaba volar<\/em><\/p>\n<p><em>Como las mariposas,<\/em><\/p>\n<p><em>S\u00f3lo volar,<\/em><\/p>\n<p><em>S\u00f3lo volar,<\/em><\/p>\n<p><em>Y as\u00ed fui recreando mi momento<\/em><\/p>\n<p><em>Aroma, magia, colores,<\/em><\/p>\n<p><em>Simplemente acced\u00ed a la celebraci\u00f3n.<\/em><\/p>\n<p><em>El mensaje del silencio<\/em><\/p>\n<p><em>Quiz\u00e1s era solamente,<\/em><\/p>\n<p><em>Volver a la ilusi\u00f3n olvidada\u2026<\/em><\/p>\n<p>&nbsp;<\/p>\n<p>(\u00ba): una de las poes\u00edas inclu\u00eddas en el libro.<\/p>\n","protected":false},"excerpt":{"rendered":"<p>PRESENTADO EN LA CASA DE LA CULTURA EN CAPILLA DEL SE\u00d1OR. El Vuelo del Coraz\u00f3n, tercero de los libros escritos por Ana Mar\u00eda Reca. &#8220;Fue una presentaci\u00f3n colmada de poes\u00edas, lecturas, canciones y danzas. Present\u00e9 al p\u00fablico El Vuelo del Coraz\u00f3n, habl\u00e9 de su contenido, que si bien mis poes\u00edas de versos libre mantienen una [&hellip;]<\/p>\n","protected":false},"author":3,"featured_media":30871,"comment_status":"open","ping_status":"open","sticky":false,"template":"","format":"standard","meta":{"footnotes":"","jetpack_publicize_message":"","jetpack_publicize_feature_enabled":true,"jetpack_social_post_already_shared":true,"jetpack_social_options":{"image_generator_settings":{"template":"highway","default_image_id":0,"font":"","enabled":false},"version":2}},"categories":[14],"tags":[3278,2957],"class_list":["post-30847","post","type-post","status-publish","format-standard","has-post-thumbnail","hentry","category-la-gente","tag-ana-reca","tag-libro"],"jetpack_publicize_connections":[],"jetpack_featured_media_url":"https:\/\/revistaepocadigital.com.ar\/wp-content\/uploads\/2025\/09\/reca-a.jpg","jetpack_likes_enabled":true,"_links":{"self":[{"href":"https:\/\/revistaepocadigital.com.ar\/index.php?rest_route=\/wp\/v2\/posts\/30847","targetHints":{"allow":["GET"]}}],"collection":[{"href":"https:\/\/revistaepocadigital.com.ar\/index.php?rest_route=\/wp\/v2\/posts"}],"about":[{"href":"https:\/\/revistaepocadigital.com.ar\/index.php?rest_route=\/wp\/v2\/types\/post"}],"author":[{"embeddable":true,"href":"https:\/\/revistaepocadigital.com.ar\/index.php?rest_route=\/wp\/v2\/users\/3"}],"replies":[{"embeddable":true,"href":"https:\/\/revistaepocadigital.com.ar\/index.php?rest_route=%2Fwp%2Fv2%2Fcomments&post=30847"}],"version-history":[{"count":3,"href":"https:\/\/revistaepocadigital.com.ar\/index.php?rest_route=\/wp\/v2\/posts\/30847\/revisions"}],"predecessor-version":[{"id":30873,"href":"https:\/\/revistaepocadigital.com.ar\/index.php?rest_route=\/wp\/v2\/posts\/30847\/revisions\/30873"}],"wp:featuredmedia":[{"embeddable":true,"href":"https:\/\/revistaepocadigital.com.ar\/index.php?rest_route=\/wp\/v2\/media\/30871"}],"wp:attachment":[{"href":"https:\/\/revistaepocadigital.com.ar\/index.php?rest_route=%2Fwp%2Fv2%2Fmedia&parent=30847"}],"wp:term":[{"taxonomy":"category","embeddable":true,"href":"https:\/\/revistaepocadigital.com.ar\/index.php?rest_route=%2Fwp%2Fv2%2Fcategories&post=30847"},{"taxonomy":"post_tag","embeddable":true,"href":"https:\/\/revistaepocadigital.com.ar\/index.php?rest_route=%2Fwp%2Fv2%2Ftags&post=30847"}],"curies":[{"name":"wp","href":"https:\/\/api.w.org\/{rel}","templated":true}]}}