{"id":3085,"date":"2019-08-12T13:34:24","date_gmt":"2019-08-12T16:34:24","guid":{"rendered":"https:\/\/revistaepocadigital.com.ar\/?p=3085"},"modified":"2019-08-12T13:34:24","modified_gmt":"2019-08-12T16:34:24","slug":"despues-de-la-victoria","status":"publish","type":"post","link":"https:\/\/revistaepocadigital.com.ar\/?p=3085","title":{"rendered":"DESPU\u00c9S DE LA VICTORIA"},"content":{"rendered":"<p><strong>LAS PRIMERAS IMPRESIONES.<\/strong><!--more--><\/p>\n<p><strong>Diego Nanni<\/strong> a horas de alcanzar el triunfo en las PASO, encabezando una de las listas del Frente de Todos, dej\u00f3 sus primeras impresiones en la red social Facebook.<\/p>\n<p><em><strong>Es el momento de agradecer la confianza que han depositado en m\u00ed.<\/strong><\/em><br \/>\n<em><strong>Este Pueblo es mi lugar en el mundo y d\u00f3nde dejar\u00e9 todo mi esfuerzo por brindarle lo mejor que le puedo dar.<\/strong><\/em><br \/>\n<em><strong>Gracias a todos los que trabajaron a la par m\u00eda para que este proyecto sea el m\u00e1s considerado por Uds. Gracias a los que trabajaron por y para la Campa\u00f1a. Gracias a mis amigos y familia. Gracias a Dios por las oportunidades que me da.<\/strong><\/em><br \/>\n<em><strong>Gracias por los saludos, los mensajes, publicaciones&#8230; Gracias por tanto!<\/strong><\/em><\/p>\n","protected":false},"excerpt":{"rendered":"<p>LAS PRIMERAS IMPRESIONES.<\/p>\n","protected":false},"author":3,"featured_media":3088,"comment_status":"open","ping_status":"open","sticky":false,"template":"","format":"standard","meta":{"footnotes":"","jetpack_publicize_message":"","jetpack_publicize_feature_enabled":true,"jetpack_social_post_already_shared":false,"jetpack_social_options":{"image_generator_settings":{"template":"highway","default_image_id":0,"font":"","enabled":false},"version":2}},"categories":[17],"tags":[66,445,446],"class_list":["post-3085","post","type-post","status-publish","format-standard","has-post-thumbnail","hentry","category-politica","tag-nanni","tag-paso-2019","tag-resultados"],"jetpack_publicize_connections":[],"jetpack_featured_media_url":"https:\/\/revistaepocadigital.com.ar\/wp-content\/uploads\/2019\/08\/nanni19.jpg","jetpack_likes_enabled":true,"_links":{"self":[{"href":"https:\/\/revistaepocadigital.com.ar\/index.php?rest_route=\/wp\/v2\/posts\/3085","targetHints":{"allow":["GET"]}}],"collection":[{"href":"https:\/\/revistaepocadigital.com.ar\/index.php?rest_route=\/wp\/v2\/posts"}],"about":[{"href":"https:\/\/revistaepocadigital.com.ar\/index.php?rest_route=\/wp\/v2\/types\/post"}],"author":[{"embeddable":true,"href":"https:\/\/revistaepocadigital.com.ar\/index.php?rest_route=\/wp\/v2\/users\/3"}],"replies":[{"embeddable":true,"href":"https:\/\/revistaepocadigital.com.ar\/index.php?rest_route=%2Fwp%2Fv2%2Fcomments&post=3085"}],"version-history":[{"count":0,"href":"https:\/\/revistaepocadigital.com.ar\/index.php?rest_route=\/wp\/v2\/posts\/3085\/revisions"}],"wp:featuredmedia":[{"embeddable":true,"href":"https:\/\/revistaepocadigital.com.ar\/index.php?rest_route=\/wp\/v2\/media\/3088"}],"wp:attachment":[{"href":"https:\/\/revistaepocadigital.com.ar\/index.php?rest_route=%2Fwp%2Fv2%2Fmedia&parent=3085"}],"wp:term":[{"taxonomy":"category","embeddable":true,"href":"https:\/\/revistaepocadigital.com.ar\/index.php?rest_route=%2Fwp%2Fv2%2Fcategories&post=3085"},{"taxonomy":"post_tag","embeddable":true,"href":"https:\/\/revistaepocadigital.com.ar\/index.php?rest_route=%2Fwp%2Fv2%2Ftags&post=3085"}],"curies":[{"name":"wp","href":"https:\/\/api.w.org\/{rel}","templated":true}]}}