{"id":30882,"date":"2025-09-03T14:39:18","date_gmt":"2025-09-03T17:39:18","guid":{"rendered":"https:\/\/revistaepocadigital.com.ar\/?p=30882"},"modified":"2025-09-03T14:39:18","modified_gmt":"2025-09-03T17:39:18","slug":"la-crisis-en-el-gobierno-la-trama-de-coimas-genero-paralisis-y-desconfianza-mutua-a-dias-de-las-elecciones","status":"publish","type":"post","link":"https:\/\/revistaepocadigital.com.ar\/?p=30882","title":{"rendered":"La crisis en el Gobierno: la trama de coimas gener\u00f3 par\u00e1lisis y desconfianza mutua a d\u00edas de las elecciones"},"content":{"rendered":"<header id=\"mainHeader\" class=\"main-header\">\n<div class=\"widget-wrapper \">\n<div id=\"headerSticky\" class=\"main-header__sticky-wrapper\">\n<div class=\"main-header__middle\">\n<div class=\"main-header__middle-region\">\n<div class=\"main-header__hidden-nav\">\n<div class=\"drop-down-menu shadowed row\">\n<div class=\"col-12 col-md-9\"><\/div>\n<\/div>\n<\/div>\n<\/div>\n<\/div>\n<\/div>\n<\/div>\n<\/header>\n<p>&nbsp;<\/p>\n<div class=\"row row--eq-height\">\n<div class=\"col-12 col-md-9\">\n<div class=\"row row--eq-height flex-row\">\n<div class=\"col-12 col-md-8 detail-news__main-column\">\n<header class=\"news-headline\">\n<div class=\"news-headline__author-and-share-wrapper\">\n<p>En el Gobierno definieron cambiar el foco de la denuncia y evitar la escala de Javier Milei en Las Vegas durante su viaje a EEUU, en medio de un momento sensible para el oficialismo.<!--more--><\/p>\n<\/div>\n<\/header>\n<div class=\"detail-highlighted-multimedia content-protected-false\">\n<figure class=\"detail-highlighted-multimedia__figure\"><img loading=\"lazy\" decoding=\"async\" class=\"detail-highlighted-multimedia__figure-img img-fluid\" src=\"https:\/\/media.ambito.com\/p\/cba77c653b0d5208c3eaad28f6a3c22a\/adjuntos\/239\/imagenes\/042\/542\/0042542631\/655x368\/smart\/karina-milei-menem-y-caputojfif.jpg\" alt=\"a secretaria de Presidencia, Karina Milei, junto al titular de la C\u00e1mara Baja, Mart\u00edn Memen.&amp;nbsp;\" width=\"1280\" height=\"853\" crossorigin=\"anonymous\" \/><figcaption class=\"detail-highlighted-multimedia__figcaption\">\n<div class=\"detail-highlighted-multimedia__caption\">\n<p>La secretaria de Presidencia, Karina Milei, junto al titular de la C\u00e1mara Baja, Mart\u00edn Memen.<\/p>\n<\/div>\n<\/figcaption><\/figure>\n<\/div>\n<article class=\"article-body article-body--first-paragraph content-protected-false\" data-td-script-src=\"https:\/\/www.ambito.com\/td\/modulos\/encuestas\/js\/function-embeds-min-version-1756872528.js\">El operativo de control de da\u00f1os que despleg\u00f3 el Gobierno a ra\u00edz de los audios que involucran a sus principales miembros en un entramado de presuntas coimas, parece no haber llegado a su fin y<strong>\u00a0cumple dos semanas en las que rein\u00f3 la descoordinaci\u00f3n y la desconfianza mutua<\/strong>. La menci\u00f3n a grabaciones que involucran a la propia secretaria de Presidencia, Karina Milei,\u00a0<strong>oblig\u00f3 al oficialismo a repensar la estrategia judicial, que pas\u00f3 de apuntar contra el extitular de\u00a0<a href=\"https:\/\/www.ambito.com\/politica\/la-reaccion-del-arco-politico-al-fallo-que-prohibio-la-publicacion-presuntos-audios-karina-milei-n6185414\" target=\"_blank\" rel=\"follow noopener\">ANDIS<\/a>,\u00a0<a href=\"https:\/\/www.ambito.com\/politica\/coimas-andis-poder-ciudadano-pidio-ser-querellante-impulsar-el-caso-n6185600\" target=\"_blank\" rel=\"follow noopener\">Diego Spagnuolo<\/a>, a una denuncia a periodistas y la\u00a0<a href=\"https:\/\/www.ambito.com\/politica\/la-reaccion-del-arco-politico-al-fallo-que-prohibio-la-publicacion-presuntos-audios-karina-milei-n6185414\" target=\"_blank\" rel=\"follow noopener\">prohibici\u00f3n de reproducir las grabaciones.<\/a><\/strong><\/article>\n<article class=\"article-body article-body--second-paragraph content-protected-false\">En el medio, varios funcionarios intentaron explicar el tema, comenzando por el propio clan Menem, para<strong>\u00a0blindar al<\/strong>\u00a0<strong>t\u00e1ndem Milei en el\u00a0<a href=\"https:\/\/www.ambito.com\/politica\/donde-voto-provincia-buenos-aires-2025-consulta-el-padron-electoral-n6159736\" target=\"_blank\" rel=\"follow noopener\">sprint final de la campa\u00f1a bonaerense.<\/a><\/strong>\u00a0El plan, confirmaron en Casa Rosada a este medio, sigue en principio como estaba previsto:<strong><a href=\"https:\/\/www.ambito.com\/politica\/javier-milei-estos-espias-que-se-disfrazan-periodistas-quieren-desviar-la-atencion-del-tema-real-n6185612\" target=\"_blank\" rel=\"follow noopener\">\u00a0Javier Milei\u00a0<\/a><\/strong>encabezaba el cierre de las actividades proselitistas en el Club Villa \u00c1ngela, en Moreno. Por la noche partir\u00e1 con rumbo a Estados Unidos, pero<a href=\"https:\/\/www.ambito.com\/politica\/por-la-crisis-javier-milei-no-ira-las-vegas-n6185579\" target=\"_blank\" rel=\"follow noopener\">\u00a0suspendi\u00f3 su escala en Las Vegas<\/a>, en donde estaba agendado, adem\u00e1s de un encuentro con empresarios, asistir a un espect\u00e1culo de F\u00e1tima Florez.\u00a0<strong>Desde el Gobierno evitaron mencionar los detalles de la decisi\u00f3n, a la que argumentaron bajo &#8220;problemas t\u00e9cnicos&#8221; vinculados al descanso de los pilotos.<\/strong><\/article>\n<article class=\"article-body article-body--third-paragraph content-protected-false\">El lunes (1-9), mientras<strong>\u00a0el Gobierno daba a conocer la presentaci\u00f3n de la denuncia realizada desde el Ministerio de Seguridad a cargo de<\/strong>\u00a0<strong>Patricia Bullrich<\/strong>, a trav\u00e9s de su representante legal,\u00a0<strong>Fernando Soto<\/strong>, contra los periodistas\u00a0<strong>Mauro Federico\u00a0<\/strong>y\u00a0<strong>Jorge Rial<\/strong>, se concret\u00f3 una nueva reuni\u00f3n de la mesa de campa\u00f1a bonaerense. Como es habitual, particip\u00f3 el asesor presidencial,<strong>\u00a0Santiago Caputo, y su equipo junto a representantes del karinismo<\/strong>. Luego, se sum\u00f3 una de las personas de mayor confianza de la secretaria general,\u00a0<strong>Pilar Ram\u00edrez, al tiempo que el procurador del Tesoro, Santiago Castro Videla, ingresaba al despacho del asesor presidencial.<\/strong><\/article>\n<article class=\"article-body article-body--fourth-paragraph content-protected-false\">\n<div id=\"embed4297_wrap\" class=\"embed_cont type_freetext\" contenteditable=\"false\" data-provider=\"Twitter\">\n<div id=\"embed4297_content\" class=\"embed_content\">\n<div id=\"embed4297_embed\">\n<div class=\"twitter-tweet twitter-tweet-rendered\"><iframe id=\"twitter-widget-0\" class=\"\" title=\"X Post\" src=\"https:\/\/platform.twitter.com\/embed\/Tweet.html?creatorScreenName=Ambitocom&amp;dnt=false&amp;embedId=twitter-widget-0&amp;features=eyJ0ZndfdGltZWxpbmVfbGlzdCI6eyJidWNrZXQiOltdLCJ2ZXJzaW9uIjpudWxsfSwidGZ3X2ZvbGxvd2VyX2NvdW50X3N1bnNldCI6eyJidWNrZXQiOnRydWUsInZlcnNpb24iOm51bGx9LCJ0ZndfdHdlZXRfZWRpdF9iYWNrZW5kIjp7ImJ1Y2tldCI6Im9uIiwidmVyc2lvbiI6bnVsbH0sInRmd19yZWZzcmNfc2Vzc2lvbiI6eyJidWNrZXQiOiJvbiIsInZlcnNpb24iOm51bGx9LCJ0ZndfZm9zbnJfc29mdF9pbnRlcnZlbnRpb25zX2VuYWJsZWQiOnsiYnVja2V0Ijoib24iLCJ2ZXJzaW9uIjpudWxsfSwidGZ3X21peGVkX21lZGlhXzE1ODk3Ijp7ImJ1Y2tldCI6InRyZWF0bWVudCIsInZlcnNpb24iOm51bGx9LCJ0ZndfZXhwZXJpbWVudHNfY29va2llX2V4cGlyYXRpb24iOnsiYnVja2V0IjoxMjA5NjAwLCJ2ZXJzaW9uIjpudWxsfSwidGZ3X3Nob3dfYmlyZHdhdGNoX3Bpdm90c19lbmFibGVkIjp7ImJ1Y2tldCI6Im9uIiwidmVyc2lvbiI6bnVsbH0sInRmd19kdXBsaWNhdGVfc2NyaWJlc190b19zZXR0aW5ncyI6eyJidWNrZXQiOiJvbiIsInZlcnNpb24iOm51bGx9LCJ0ZndfdXNlX3Byb2ZpbGVfaW1hZ2Vfc2hhcGVfZW5hYmxlZCI6eyJidWNrZXQiOiJvbiIsInZlcnNpb24iOm51bGx9LCJ0ZndfdmlkZW9faGxzX2R5bmFtaWNfbWFuaWZlc3RzXzE1MDgyIjp7ImJ1Y2tldCI6InRydWVfYml0cmF0ZSIsInZlcnNpb24iOm51bGx9LCJ0ZndfbGVnYWN5X3RpbWVsaW5lX3N1bnNldCI6eyJidWNrZXQiOnRydWUsInZlcnNpb24iOm51bGx9LCJ0ZndfdHdlZXRfZWRpdF9mcm9udGVuZCI6eyJidWNrZXQiOiJvbiIsInZlcnNpb24iOm51bGx9fQ%3D%3D&amp;frame=false&amp;hideCard=false&amp;hideThread=false&amp;id=1962550786321252817&amp;lang=es&amp;origin=https%3A%2F%2Fwww.ambito.com%2Fpolitica%2Fcrisis-el-gobierno-la-trama-coimas-genero-paralisis-y-desconfianza-mutua-dias-la-eleccion-n6185643&amp;sessionId=4274485279b79a20563d4f19b8fc57e86d24d89c&amp;siteScreenName=Ambitocom&amp;theme=light&amp;widgetsVersion=2615f7e52b7e0%3A1702314776716&amp;width=550px\" frameborder=\"0\" scrolling=\"no\" allowfullscreen=\"allowfullscreen\" data-tweet-id=\"1962550786321252817\" data-mce-fragment=\"1\"><\/iframe><\/div>\n<\/div>\n<\/div>\n<\/div>\n<\/article>\n<article class=\"article-body article-body--fifth-paragraph content-protected-false\">\n<h2>Desconfianza y reuniones clave en las filas libertarias<\/h2>\n<p>Como cont\u00f3 este medio, desde el oficialismo hab\u00edan dejado trascender d\u00edas atr\u00e1s que estaban evaluando acudir a la Justicia para resolver el conflicto. La opci\u00f3n de denunciar a Spagnuolo no era compartida por todos:\u00a0<strong>el asesor presidencial recomend\u00f3 que no era viable dado que el exfuncionario no hab\u00eda ratificado lo dicho en los audios.<\/strong>\u00a0Sin embargo, las propias declaraciones del Presidente en Lomas de Zamora, quien asegur\u00f3 que lo llevar\u00eda a la Justicia, forzaron la estrategia del oficialismo y el viernes por la noche se activ\u00f3 un plan B que finalmente deriv\u00f3 en la denuncia de los periodistas\u00a0<strong>Mauro Federico\u00a0<\/strong>y\u00a0<strong>Jorge Rial.<\/strong><\/p>\n<\/article>\n<article class=\"article-body article-body--remaining-paragraph content-protected-false\">Participaron de ese c\u00f3nclave el propio Caputo, el vocero Manuel Adorni; el apoderado de La Libertad Avanza, Santiago Viola y el viceministro de Justicia, Sebasti\u00e1n Amerio.\u00a0De all\u00ed surgi\u00f3 el texto presentado ante la Justicia.<strong>Las diferentes posturas sobre qu\u00e9 estrategia judicial deber\u00eda haberse tomado y el origen de los audios generaron un clima de desconfianza en el oficialismo,<\/strong>\u00a0acrecentado por los resultados de las\u00a0<a href=\"https:\/\/www.ambito.com\/politica\/efecto-corrientes-estampida-gobernadores-fallida-estrategia-la-libertad-avanza-n6184995\" target=\"_blank\" rel=\"follow noopener\">elecciones en Corrientes<\/a>. All\u00ed, la estrategia de Karina y Eduardo &#8220;Lule&#8221; Menem de anclarse en el purismo dej\u00f3 en un cuarto lugar al diputado Lisandro Almir\u00f3n, contraponi\u00e9ndose -una vez m\u00e1s- al plan de Santiago Caputo de cerrar un acuerdo con los Vald\u00e9s y Carlos \u201cCamau\u201d Esp\u00ednola.<\/p>\n<div id=\"8116872-Libre-1179386166_wrap\" class=\"embed_cont type_imagen\" contenteditable=\"false\">\n<div id=\"8116872-Libre-1179386166_content\" class=\"embed_content\"><img loading=\"lazy\" decoding=\"async\" id=\"8116872-Libre-1179386166_embed\" title=\"El Gobierno, envuelto en un entramado de presuntas coimas a ra\u00edz de la filtraci\u00f3n de audios.\" src=\"https:\/\/media.ambito.com\/p\/fe51d9abbd2b2aa05c35014c7d414da8\/adjuntos\/239\/imagenes\/042\/697\/0042697710\/diego-spagnuolo-karina-milei-javier-milei-martin-menem.jpg\" alt=\"El Gobierno, envuelto en un entramado de presuntas coimas a ra\u00edz de la filtraci\u00f3n de audios.\" width=\"730\" height=\"398\" data-td-src-property=\"https:\/\/media.ambito.com\/p\/fe51d9abbd2b2aa05c35014c7d414da8\/adjuntos\/239\/imagenes\/042\/697\/0042697710\/diego-spagnuolo-karina-milei-javier-milei-martin-menem.jpg\" \/><\/div>\n<div id=\"8116872-Libre-1179386166_epigrafe\" class=\"embed_epigrafe\">\n<p>El Gobierno, envuelto en un entramado de presuntas coimas a ra\u00edz de la filtraci\u00f3n de audios.<\/p>\n<\/div>\n<\/div>\n<p>Sin embargo,\u00a0<strong>pese a las diferencias entre el karinismo y las &#8220;Fuerzas del Cielo&#8221;, el esc\u00e1ndalo desatado por las filtraciones gener\u00f3 un clima de trabajo conjunto de las distintas tribus del oficialismo.<\/strong>\u00a0&#8220;Estamos todos encolumnados detr\u00e1s del objetivo de ganar las elecciones&#8221;, explic\u00f3 un funcionario a este medio.<\/p>\n<p>Ante una consulta de este medio, una fuente de di\u00e1logo constante con Javier Milei\u00a0<strong>acus\u00f3 recibo de las \u00faltimas encuestas, que muestran el impacto del entramado de coimas en una baja en la imagen del primer mandatario. Sin embargo, se\u00f1al\u00f3 que no ve una relaci\u00f3n lineal con la intenci\u00f3n de voto.<\/strong><\/p>\n<p>En Casa Rosada evitan precisiones acerca de qui\u00e9n o qui\u00e9nes podr\u00edan ser los &#8220;topos&#8221;, aunque deslizaron que los audios pueden referirse a una conversaci\u00f3n de Karina Milei con\u00a0<strong>funcionarios y empleados en 2024, en la cual se discut\u00eda lo referido a las horas extra y a las unidades retributivas (UR).<\/strong><\/p>\n<h2>Milei rompi\u00f3 el silencio tras audios atribuidos a Karina<\/h2>\n<p>El martes (2-9) el presidente <strong>Javier Milei\u00a0<\/strong>rompi\u00f3 el silencio tras la difusi\u00f3n de audios internos atribuidos a la secretaria general de la Presidencia,\u00a0<strong>Karina Milei,\u00a0<\/strong>y apunt\u00f3 contra<strong>\u00a0\u201cun grupo de periodistas\u201d.<\/strong><\/p>\n<div id=\"embed1024_wrap\" class=\"embed_cont type_freetext\" contenteditable=\"false\" data-provider=\"Twitter\">\n<div id=\"embed1024_content\" class=\"embed_content\">\n<div id=\"embed1024_embed\">\n<div class=\"twitter-tweet twitter-tweet-rendered\"><iframe id=\"twitter-widget-1\" class=\"\" title=\"X Post\" src=\"https:\/\/platform.twitter.com\/embed\/Tweet.html?creatorScreenName=Ambitocom&amp;dnt=false&amp;embedId=twitter-widget-1&amp;features=eyJ0ZndfdGltZWxpbmVfbGlzdCI6eyJidWNrZXQiOltdLCJ2ZXJzaW9uIjpudWxsfSwidGZ3X2ZvbGxvd2VyX2NvdW50X3N1bnNldCI6eyJidWNrZXQiOnRydWUsInZlcnNpb24iOm51bGx9LCJ0ZndfdHdlZXRfZWRpdF9iYWNrZW5kIjp7ImJ1Y2tldCI6Im9uIiwidmVyc2lvbiI6bnVsbH0sInRmd19yZWZzcmNfc2Vzc2lvbiI6eyJidWNrZXQiOiJvbiIsInZlcnNpb24iOm51bGx9LCJ0ZndfZm9zbnJfc29mdF9pbnRlcnZlbnRpb25zX2VuYWJsZWQiOnsiYnVja2V0Ijoib24iLCJ2ZXJzaW9uIjpudWxsfSwidGZ3X21peGVkX21lZGlhXzE1ODk3Ijp7ImJ1Y2tldCI6InRyZWF0bWVudCIsInZlcnNpb24iOm51bGx9LCJ0ZndfZXhwZXJpbWVudHNfY29va2llX2V4cGlyYXRpb24iOnsiYnVja2V0IjoxMjA5NjAwLCJ2ZXJzaW9uIjpudWxsfSwidGZ3X3Nob3dfYmlyZHdhdGNoX3Bpdm90c19lbmFibGVkIjp7ImJ1Y2tldCI6Im9uIiwidmVyc2lvbiI6bnVsbH0sInRmd19kdXBsaWNhdGVfc2NyaWJlc190b19zZXR0aW5ncyI6eyJidWNrZXQiOiJvbiIsInZlcnNpb24iOm51bGx9LCJ0ZndfdXNlX3Byb2ZpbGVfaW1hZ2Vfc2hhcGVfZW5hYmxlZCI6eyJidWNrZXQiOiJvbiIsInZlcnNpb24iOm51bGx9LCJ0ZndfdmlkZW9faGxzX2R5bmFtaWNfbWFuaWZlc3RzXzE1MDgyIjp7ImJ1Y2tldCI6InRydWVfYml0cmF0ZSIsInZlcnNpb24iOm51bGx9LCJ0ZndfbGVnYWN5X3RpbWVsaW5lX3N1bnNldCI6eyJidWNrZXQiOnRydWUsInZlcnNpb24iOm51bGx9LCJ0ZndfdHdlZXRfZWRpdF9mcm9udGVuZCI6eyJidWNrZXQiOiJvbiIsInZlcnNpb24iOm51bGx9fQ%3D%3D&amp;frame=false&amp;hideCard=false&amp;hideThread=false&amp;id=1962894679831114188&amp;lang=es&amp;origin=https%3A%2F%2Fwww.ambito.com%2Fpolitica%2Fcrisis-el-gobierno-la-trama-coimas-genero-paralisis-y-desconfianza-mutua-dias-la-eleccion-n6185643&amp;sessionId=4274485279b79a20563d4f19b8fc57e86d24d89c&amp;siteScreenName=Ambitocom&amp;theme=light&amp;widgetsVersion=2615f7e52b7e0%3A1702314776716&amp;width=550px\" frameborder=\"0\" scrolling=\"no\" allowfullscreen=\"allowfullscreen\" data-tweet-id=\"1962894679831114188\" data-mce-fragment=\"1\"><\/iframe><\/div>\n<\/div>\n<\/div>\n<\/div>\n<p>Luego de que el titular de la C\u00e1mara Baja,\u00a0<strong>Mart\u00edn Menem,<\/strong>\u00a0aclarara el contenido de un nuevo audio que lo involucrar\u00eda, el mandatario expres\u00f3: \u201cA cada paso sigue quedando en claro la red de espionaje ilegal de la que un grupo de periodistas ha sido parte\u201d.<\/p>\n<p><strong>\u201cEstos esp\u00edas que se disfrazan de \u2018periodistas\u2019 quieren desviar la atenci\u00f3n del tema real. No est\u00e1n por encima de la ley. Se creen impunes y no lo son. Fin\u201d,\u00a0<\/strong>asever\u00f3 el libertario.<\/p>\n<p>En su breve mensaje a trav\u00e9s de su cuenta de X, el mandatario cit\u00f3 el descargo del vicepresidente de La Libertad Avanza, quien apunt\u00f3 contra la oposici\u00f3n por la aparici\u00f3n de un audio, y asegur\u00f3 que la presunta grabaci\u00f3n \u201cilegal\u201d y su difusi\u00f3n constituyen \u201cun intento de desestabilizaci\u00f3n en el marco de un proceso electoral\u201d.<\/p>\n<\/article>\n<\/div>\n<\/div>\n<\/div>\n<\/div>\n<p>nota y fotos: publicadas en Ambito.com<\/p>\n","protected":false},"excerpt":{"rendered":"<p>&nbsp; En el Gobierno definieron cambiar el foco de la denuncia y evitar la escala de Javier Milei en Las Vegas durante su viaje a EEUU, en medio de un momento sensible para el oficialismo.<\/p>\n","protected":false},"author":3,"featured_media":30884,"comment_status":"open","ping_status":"open","sticky":false,"template":"","format":"standard","meta":{"footnotes":"","jetpack_publicize_message":"","jetpack_publicize_feature_enabled":true,"jetpack_social_post_already_shared":true,"jetpack_social_options":{"image_generator_settings":{"template":"highway","default_image_id":0,"font":"","enabled":false},"version":2}},"categories":[13,17],"tags":[3285,43],"class_list":["post-30882","post","type-post","status-publish","format-standard","has-post-thumbnail","hentry","category-interes-general","category-politica","tag-crisis-gobierno","tag-elecciones"],"jetpack_publicize_connections":[],"jetpack_featured_media_url":"https:\/\/revistaepocadigital.com.ar\/wp-content\/uploads\/2025\/09\/karina-milei-menem-y-caputojfif.webp","jetpack_likes_enabled":true,"_links":{"self":[{"href":"https:\/\/revistaepocadigital.com.ar\/index.php?rest_route=\/wp\/v2\/posts\/30882","targetHints":{"allow":["GET"]}}],"collection":[{"href":"https:\/\/revistaepocadigital.com.ar\/index.php?rest_route=\/wp\/v2\/posts"}],"about":[{"href":"https:\/\/revistaepocadigital.com.ar\/index.php?rest_route=\/wp\/v2\/types\/post"}],"author":[{"embeddable":true,"href":"https:\/\/revistaepocadigital.com.ar\/index.php?rest_route=\/wp\/v2\/users\/3"}],"replies":[{"embeddable":true,"href":"https:\/\/revistaepocadigital.com.ar\/index.php?rest_route=%2Fwp%2Fv2%2Fcomments&post=30882"}],"version-history":[{"count":2,"href":"https:\/\/revistaepocadigital.com.ar\/index.php?rest_route=\/wp\/v2\/posts\/30882\/revisions"}],"predecessor-version":[{"id":30885,"href":"https:\/\/revistaepocadigital.com.ar\/index.php?rest_route=\/wp\/v2\/posts\/30882\/revisions\/30885"}],"wp:featuredmedia":[{"embeddable":true,"href":"https:\/\/revistaepocadigital.com.ar\/index.php?rest_route=\/wp\/v2\/media\/30884"}],"wp:attachment":[{"href":"https:\/\/revistaepocadigital.com.ar\/index.php?rest_route=%2Fwp%2Fv2%2Fmedia&parent=30882"}],"wp:term":[{"taxonomy":"category","embeddable":true,"href":"https:\/\/revistaepocadigital.com.ar\/index.php?rest_route=%2Fwp%2Fv2%2Fcategories&post=30882"},{"taxonomy":"post_tag","embeddable":true,"href":"https:\/\/revistaepocadigital.com.ar\/index.php?rest_route=%2Fwp%2Fv2%2Ftags&post=30882"}],"curies":[{"name":"wp","href":"https:\/\/api.w.org\/{rel}","templated":true}]}}