{"id":30888,"date":"2025-09-03T17:11:50","date_gmt":"2025-09-03T20:11:50","guid":{"rendered":"https:\/\/revistaepocadigital.com.ar\/?p=30888"},"modified":"2025-09-03T17:11:50","modified_gmt":"2025-09-03T20:11:50","slug":"lunes-29-de-septiembre-por-el-dia-del-empleado-de-comercio-los-negocios-estaran-cerrados","status":"publish","type":"post","link":"https:\/\/revistaepocadigital.com.ar\/?p=30888","title":{"rendered":"Lunes 29 de septiembre. Por el D\u00eda del Empleado de comercio, los negocios estar\u00e1n cerrados"},"content":{"rendered":"<p><strong>EL D\u00cdA DEL EMPLEADO DE COMERCIO.<\/strong><\/p>\n<p>29 de septiembre.<br \/>\nEl Sindicato de Empleados de Comercio filial Z\u00e1rate, hizo saber que dicho que los comercios permanacer\u00e1n cerrados<\/p>\n<p><img loading=\"lazy\" decoding=\"async\" class=\"aligncenter size-full wp-image-30889\" src=\"https:\/\/revistaepocadigital.com.ar\/wp-content\/uploads\/2025\/09\/sind-dia.jpg\" alt=\"\" width=\"810\" height=\"718\" srcset=\"https:\/\/revistaepocadigital.com.ar\/wp-content\/uploads\/2025\/09\/sind-dia.jpg 810w, https:\/\/revistaepocadigital.com.ar\/wp-content\/uploads\/2025\/09\/sind-dia-300x266.jpg 300w, https:\/\/revistaepocadigital.com.ar\/wp-content\/uploads\/2025\/09\/sind-dia-768x681.jpg 768w, https:\/\/revistaepocadigital.com.ar\/wp-content\/uploads\/2025\/09\/sind-dia-696x617.jpg 696w, https:\/\/revistaepocadigital.com.ar\/wp-content\/uploads\/2025\/09\/sind-dia-474x420.jpg 474w\" sizes=\"auto, (max-width: 810px) 100vw, 810px\" \/><\/p>\n","protected":false},"excerpt":{"rendered":"<p>EL D\u00cdA DEL EMPLEADO DE COMERCIO. 29 de septiembre. El Sindicato de Empleados de Comercio filial Z\u00e1rate, hizo saber que dicho que los comercios permanacer\u00e1n cerrados<\/p>\n","protected":false},"author":3,"featured_media":30889,"comment_status":"open","ping_status":"open","sticky":false,"template":"","format":"standard","meta":{"footnotes":"","jetpack_publicize_message":"","jetpack_publicize_feature_enabled":true,"jetpack_social_post_already_shared":true,"jetpack_social_options":{"image_generator_settings":{"template":"highway","default_image_id":0,"font":"","enabled":false},"version":2}},"categories":[11],"tags":[2703,3286],"class_list":["post-30888","post","type-post","status-publish","format-standard","has-post-thumbnail","hentry","category-entidades","tag-dia","tag-sindicato-emp-comercio"],"jetpack_publicize_connections":[],"jetpack_featured_media_url":"https:\/\/revistaepocadigital.com.ar\/wp-content\/uploads\/2025\/09\/sind-dia.jpg","jetpack_likes_enabled":true,"_links":{"self":[{"href":"https:\/\/revistaepocadigital.com.ar\/index.php?rest_route=\/wp\/v2\/posts\/30888","targetHints":{"allow":["GET"]}}],"collection":[{"href":"https:\/\/revistaepocadigital.com.ar\/index.php?rest_route=\/wp\/v2\/posts"}],"about":[{"href":"https:\/\/revistaepocadigital.com.ar\/index.php?rest_route=\/wp\/v2\/types\/post"}],"author":[{"embeddable":true,"href":"https:\/\/revistaepocadigital.com.ar\/index.php?rest_route=\/wp\/v2\/users\/3"}],"replies":[{"embeddable":true,"href":"https:\/\/revistaepocadigital.com.ar\/index.php?rest_route=%2Fwp%2Fv2%2Fcomments&post=30888"}],"version-history":[{"count":1,"href":"https:\/\/revistaepocadigital.com.ar\/index.php?rest_route=\/wp\/v2\/posts\/30888\/revisions"}],"predecessor-version":[{"id":30890,"href":"https:\/\/revistaepocadigital.com.ar\/index.php?rest_route=\/wp\/v2\/posts\/30888\/revisions\/30890"}],"wp:featuredmedia":[{"embeddable":true,"href":"https:\/\/revistaepocadigital.com.ar\/index.php?rest_route=\/wp\/v2\/media\/30889"}],"wp:attachment":[{"href":"https:\/\/revistaepocadigital.com.ar\/index.php?rest_route=%2Fwp%2Fv2%2Fmedia&parent=30888"}],"wp:term":[{"taxonomy":"category","embeddable":true,"href":"https:\/\/revistaepocadigital.com.ar\/index.php?rest_route=%2Fwp%2Fv2%2Fcategories&post=30888"},{"taxonomy":"post_tag","embeddable":true,"href":"https:\/\/revistaepocadigital.com.ar\/index.php?rest_route=%2Fwp%2Fv2%2Ftags&post=30888"}],"curies":[{"name":"wp","href":"https:\/\/api.w.org\/{rel}","templated":true}]}}