{"id":30894,"date":"2025-09-03T23:51:13","date_gmt":"2025-09-04T02:51:13","guid":{"rendered":"https:\/\/revistaepocadigital.com.ar\/?p=30894"},"modified":"2025-09-03T23:58:42","modified_gmt":"2025-09-04T02:58:42","slug":"pedro-sarri-propone-hechos-si-los-votos-respaldan-su-candidatura-a-concejal","status":"publish","type":"post","link":"https:\/\/revistaepocadigital.com.ar\/?p=30894","title":{"rendered":"PEDRO SARRI PROPONE &#8220;HECHOS&#8221; SI LOS VOTOS RESPALDAN SU CANDIDATURA A CONCEJAL"},"content":{"rendered":"<p><strong>ESTE DOMINGO 7 DE SEPTIEMBRE. <\/strong><\/p>\n<p><strong>ELECCIONES PARA RENOVAR EN FORMA PARCIAL EL CONCEJO DELIBERANTE Y CONSEJO ESCOLAR EN EXALTACI\u00d3N DE LA CRUZ.<\/strong><!--more--><\/p>\n<p>Candidatos a concejales y consejeros escolares, muchos ignotos como acaso pocas veces se dio en elecciones anteriores en el distrito, aspecto que desliza interrogantes extras. Y al mismo tiempo, nuevos nombres con frescas trayectorias que apuntaron a contar con el respaldo de los habitantes de nuestro lugar. Pedro Nicol\u00e1s Sarri, entrevistado por EPOCA, desliz\u00f3 su pensamiento pol\u00edtico y la forma en que encarar\u00eda su rol de concejal en caso de resultar electo. Sarri ha encabezado la lista del nuevo partido, Hechos, impulsado por los hermanos Passaglia de San Nicol\u00e1s, donde uno de ellos, se desempe\u00f1\u00f3 como intendente.<\/p>\n<p>-A que se debi\u00f3 que te sumaras a la lista del nuevo nucleamiento pol\u00edtico Hechos para participar en las elecciones de medio t\u00e9rmino, eligi\u00e9ndose concejales y consejeros escolares en el distrito?<br \/>\n&#8211;<em>Antes que nada, y como vecino de Capilla del Se\u00f1or, resalto la importancia que pueda transmitir mis pensamientos en la revista \u00c9poca, as\u00ed como siempre a representantes de otros partidos pol\u00edticos locales; la revista que nos acompa\u00f1\u00f3 durante toda la vida y no tengo dudas que seguir\u00e1 haci\u00e9ndolo por mucho tiempo m\u00e1s y siempre con la posibilidad de expresarse con libertad.<\/em><br \/>\n<em>Ahora bien, acerca de mi incursi\u00f3n en Hechos, bueno se ha debido a la invitaci\u00f3n personal por parte de Manuel y Santiago Passaglia a una serie de encuentros que tuvieron lugar en San Nicol\u00e1s. Ambos nos presentaron el m\u00e9todo, y la idea de transmitirlo al resto de los distritos de la segunda secci\u00f3n electoral. Los hermanos Passaglia me ven\u00edan siguiendo podr\u00eda decir, y sab\u00edan de mi intenci\u00f3n para participar activamente en pol\u00edtica. Mi padre <\/em>(Pedro Sarri, fallecido hace poco) <em>comparti\u00f3 filas con Ismael, padre de Manuel y Santiago y sumado a todo, mi perfil les pareci\u00f3 adecuado para llevar el mensaje de Hechos como modelo de gesti\u00f3n para Exaltaci\u00f3n de la Cruz.<\/em><\/p>\n<p>-En tu campa\u00f1a has puntualizado que pretend\u00edas en caso de ser elegido concejal, cambiar a Exaltaci\u00f3n de la Cruz. \u00bfA tu criterio, en que aspectos hay que cambiar al distrito?<\/p>\n<p><em>-A mi entender hay que transformar completamente a Exaltaci\u00f3n de la Cruz, primeramente hay que ordenar las cuentas y hacer eficiente al Estado municipal. No podemos correr siempre detr\u00e1s del d\u00e9ficit, por eso ordenar y generar un superavit es fundamental; como se dio en el caso de San Nicol\u00e1s, con un 53% de superavit. Eso permite invertir en infraestructura, sin resultar un reh\u00e9n de la provincia de Buenos Aires o de la Naci\u00f3n, contar con las cuentas ordenadas y con superavit, permite tener independencia econ\u00f3mica y autonom\u00eda pol\u00edtica<\/em>.<br \/>\n<em>Otro aspecto fundamental considerado en Hechos, es la modernizaci\u00f3n del Estado, en este caso, municipal. La aplicaci\u00f3n en tal sentido, de nuevas herramientas como la inteligencia artificial al servicio del vecino es posible, y en la actualidad no se hace nada en tal sentido. La situaci\u00f3n por ejemplo, que lleva a que el vecino tenga que asistir al municipio a realizar tr\u00e1mites, es innecesario y retr\u00f3grado. Le quitamos tiempo con su familia, trabajo o lo que el vecino quiera invertir su tiempo, y esto s\u00f3lo porque el Estado municipal es ineficiente. La capacidad de hacer todos los tr\u00e1mites y pagos desde una app, genera a su vez transparencia y elimina la discrecionalidad en la aplicaci\u00f3n de los recursos. Lo que menciono y muchos temas m\u00e1s, forman parte de un trabajo integral que estamos elaborando denominado \u201cPlan Tricentenario Exaltaci\u00f3n 2035\u201d.<\/em><\/p>\n<p>-\u00bfDe que se trata el plan?<\/p>\n<p><em>En dicho plan, enumeramos las falencias y los objetivos para que los 300 a\u00f1os de Exaltaci\u00f3n de la Cruz lleguen con un distrito integrado en su totalidad, que localidades como Diego Gaynor, Andonaegui o Echegoyen no sigan aisladas. Tenemos la intenci\u00f3n de armar un Parque Agro-industrial con puerto seco, con la meta que genere la infraestructura necesaria para modernizar e integrar a estas localidades nuestras.<\/em><br \/>\n<em>Tambi\u00e9n es importante y estamos trabajando, en hacer posible que se pueda consolidar la deuda con el municipio en un fideicomiso, para poder desarrollar programas de educaci\u00f3n y trabajo. Y en educaci\u00f3n precisamente, avanzar con programaci\u00f3n, modernizaci\u00f3n, rob\u00f3tica que son materias y conocimientos necesarios para el mundo de hoy y para las nuevas generaciones.<\/em><br \/>\n<em>A su vez, tenemos previsto elaborar otro fideicomiso, aplicable a los derechos de construcci\u00f3n de los nuevos barrios, y un porcentaje de las tasas de estos nuevos contribuyentes destinarlas para colaborar con la urbanizaci\u00f3n los puntos que m\u00e1s lo necesitan. Y entre m\u00e1s\u00a0proyectos, uno integral para el tratamiento de residuos y transformar el basural en un ecoparque como se hizo en San Nicol\u00e1s. En definitiva, hay mucho para trabajar y vamos a ir desarrollando esto y mucho m\u00e1s con la ayuda y el compromiso del vecino.<\/em><\/p>\n<p>-En funci\u00f3n de ser una persona joven en tu caso, que se somete a la decisi\u00f3n de los vecinos en las urnas por primera vez, \u00bfque recogiste de la gente, que imagen tienen vecinos de los pol\u00edticos del pa\u00eds y de los de Exaltaci\u00f3n de la Cruz?, los que actuan en el terreno local, \u00bfson cre\u00edbles?<br \/>\n<em>-La verdad que lo m\u00e1s valoro de este proceso que transito por primera vez , es justamente la palabra del vecino. El ser destinatario de sus problem\u00e1ticas y anhelos, los vecinos en esta \u00e9poca se abren y te cuentan todo sin tapujos. Y precisamente, es nuestra obligaci\u00f3n canalizar esas demandas, ordenarlas y crear herramientas para transformarlas en soluciones. Creo que el primer paso sin du<\/em>d<em>as es escucharlos, comprenderlos y empatizar con ellos.<\/em><br \/>\n<em>Ellos saben bien que ni Milei, ni CFK, ni ninguno de esos pol\u00edticos, les va a solucionar los problemas del d\u00eda a d\u00eda. Pero si lo esperan de los del \u00e1mbito local, porque hasta hace poco fueron como vecinos como ellos. El problema a mi entender, reside que hay vecinos que conducen el poder de Exaltaci\u00f3n de la Cruz hace 34 a\u00f1os, y otros colaboran disfraz\u00e1ndose de opositores y han terminado siendo funcionales por m\u00e1s de 10 a\u00f1os. Son capaces de endeudar a todos los exaltacrucenses, y aprobar descubiertos en el Banco Provincia a cambio de una presidencia, y meses despu\u00e9s se rajan las vestiduras diciendo que no aprueban el aumento de las tasas, porque no quieren financiar el d\u00e9ficit que ellos mismos ayudaron a construir!, de no creer.<\/em><br \/>\n<em>Por eso no tenemos dudas que somos la \u00fanica oposici\u00f3n v\u00e1lida para solucionar los problemas del vecino si nos votaran los vecinos en estas elecciones, a modo de cumplir con lo que proponemos, venimos a tomar el rol de oposici\u00f3n, con una alternativa y un sistema de gesti\u00f3n muy diferente al actual.<\/em><\/p>\n<figure id=\"attachment_30904\" aria-describedby=\"caption-attachment-30904\" style=\"width: 428px\" class=\"wp-caption aligncenter\"><img loading=\"lazy\" decoding=\"async\" class=\"size-full wp-image-30904\" src=\"https:\/\/revistaepocadigital.com.ar\/wp-content\/uploads\/2025\/09\/sarri-p-3.jpg\" alt=\"\" width=\"428\" height=\"411\" srcset=\"https:\/\/revistaepocadigital.com.ar\/wp-content\/uploads\/2025\/09\/sarri-p-3.jpg 428w, https:\/\/revistaepocadigital.com.ar\/wp-content\/uploads\/2025\/09\/sarri-p-3-300x288.jpg 300w\" sizes=\"auto, (max-width: 428px) 100vw, 428px\" \/><figcaption id=\"caption-attachment-30904\" class=\"wp-caption-text\">Sarri junto a Passaglia estuvieron en la sede de La Rural en Capilla del Se\u00f1or.<\/figcaption><\/figure>\n<div class=\"mceTemp\"><\/div>\n<p>-En tus recorridas y escuchando a vecinos, que percibiste acerca de la gestion de Diego Nanni como intendente, y de lo actuado por el Concejo Deliberante. Pro y contras en cada caso.<br \/>\n&#8211;<em>En las recorridas y charlas con los vecinos not\u00e9 descontento en muchos aspectos, si uno conversaba con vecinos de Sakura, Remanso, Jularo, Arroyo de la Cruz y otros puntos, el reclamo es generalizado por la falta de obra p\u00fablica, por el estado de las calles, carencia de iluminaci\u00f3n led, gesti\u00f3n de residuos, ramas que no son retiradas en tiempo y forma , episodios de inseguridad; todo inherente a la gesti\u00f3n y puntualmente a la figura del intendente. El descontento es porque deja su cargo para asumir la banca como diputado provincial, seg\u00fan lo que manifest\u00f3 que har\u00eda, mientras que los exaltacrucenses lo ratificaron como administrador por cuatro a\u00f1os m\u00e1s, y no obstane eso deja el mandato a la mitad en una situaci\u00f3n econ\u00f3mica apremiante a nivel municipal, provincial y nacional. A esto ha habido descontento por la designaci\u00f3n de gente de Grabois en la lista oficialista para concejales; dirigente que poco tiene que ver con la realidad de un distrito como Exaltacion de la Cruz, donde el campo y la producci\u00f3n son parte de su esencia.<\/em><br \/>\n<em>En lo particular como vecino de Capilla del Se\u00f1or, hace tiempo que veo a mi pueblo perdiendo su belleza e identidad, y cito un ejemplo nom\u00e1s: El Paseo Arco Iris se transform\u00f3 en un paseo monocrom\u00e1tico, contrariamente a lo que veo que Los Cardales, que evoluciona gratamente y lo celebro, asimil\u00e1ndose a un principado dentro de otro Estado.<\/em><\/p>\n<p>-\u00bfY en lo atinente al Concejo Deliberante?<\/p>\n<p><em>-Con respecto al HCD, los vecinos en su inmensa mayor\u00eda creen que su funcionamiento no responde a los intereses de los exaltacrucenses, en lo m\u00e1s m\u00ednimo. Simplemente los concejales, ejercen un juego de poder donde persiguen intereses propios y puntualmente de terceros espec\u00edficamente. Los concejales terminan siendo culpables por acci\u00f3n u omisi\u00f3n de ese sentimiento que perciben los vecinos, por tal motivo nuestro espacio Hechos va a asumir el rol de convertirse en la \u00fanica oposici\u00f3n capaz de revertir dicho accionar, votando y defendiendo los intereses de los vecinos y no el de unos pocos. Por eso me permito solicitar a todos los vecinos, a esos los que no saben si ir a votar, porque ya no le creen a nadie, que vayan y no dejen de votar, que dejen de hacer valer su voto; transformemos Exaltaci\u00f3n de la Cruz con Hechos.<\/em><\/p>\n","protected":false},"excerpt":{"rendered":"<p>ESTE DOMINGO 7 DE SEPTIEMBRE. ELECCIONES PARA RENOVAR EN FORMA PARCIAL EL CONCEJO DELIBERANTE Y CONSEJO ESCOLAR EN EXALTACI\u00d3N DE LA CRUZ.<\/p>\n","protected":false},"author":4,"featured_media":30899,"comment_status":"open","ping_status":"open","sticky":false,"template":"","format":"standard","meta":{"footnotes":"","jetpack_publicize_message":"","jetpack_publicize_feature_enabled":true,"jetpack_social_post_already_shared":true,"jetpack_social_options":{"image_generator_settings":{"template":"highway","default_image_id":0,"font":"","enabled":false},"version":2}},"categories":[17],"tags":[2996,3287,73],"class_list":["post-30894","post","type-post","status-publish","format-standard","has-post-thumbnail","hentry","category-politica","tag-2996","tag-candidato-a-concejal","tag-sarri"],"jetpack_publicize_connections":[],"jetpack_featured_media_url":"https:\/\/revistaepocadigital.com.ar\/wp-content\/uploads\/2025\/09\/sarri-p.jpg","jetpack_likes_enabled":true,"_links":{"self":[{"href":"https:\/\/revistaepocadigital.com.ar\/index.php?rest_route=\/wp\/v2\/posts\/30894","targetHints":{"allow":["GET"]}}],"collection":[{"href":"https:\/\/revistaepocadigital.com.ar\/index.php?rest_route=\/wp\/v2\/posts"}],"about":[{"href":"https:\/\/revistaepocadigital.com.ar\/index.php?rest_route=\/wp\/v2\/types\/post"}],"author":[{"embeddable":true,"href":"https:\/\/revistaepocadigital.com.ar\/index.php?rest_route=\/wp\/v2\/users\/4"}],"replies":[{"embeddable":true,"href":"https:\/\/revistaepocadigital.com.ar\/index.php?rest_route=%2Fwp%2Fv2%2Fcomments&post=30894"}],"version-history":[{"count":7,"href":"https:\/\/revistaepocadigital.com.ar\/index.php?rest_route=\/wp\/v2\/posts\/30894\/revisions"}],"predecessor-version":[{"id":30905,"href":"https:\/\/revistaepocadigital.com.ar\/index.php?rest_route=\/wp\/v2\/posts\/30894\/revisions\/30905"}],"wp:featuredmedia":[{"embeddable":true,"href":"https:\/\/revistaepocadigital.com.ar\/index.php?rest_route=\/wp\/v2\/media\/30899"}],"wp:attachment":[{"href":"https:\/\/revistaepocadigital.com.ar\/index.php?rest_route=%2Fwp%2Fv2%2Fmedia&parent=30894"}],"wp:term":[{"taxonomy":"category","embeddable":true,"href":"https:\/\/revistaepocadigital.com.ar\/index.php?rest_route=%2Fwp%2Fv2%2Fcategories&post=30894"},{"taxonomy":"post_tag","embeddable":true,"href":"https:\/\/revistaepocadigital.com.ar\/index.php?rest_route=%2Fwp%2Fv2%2Ftags&post=30894"}],"curies":[{"name":"wp","href":"https:\/\/api.w.org\/{rel}","templated":true}]}}