{"id":3091,"date":"2019-08-15T18:48:38","date_gmt":"2019-08-15T21:48:38","guid":{"rendered":"https:\/\/revistaepocadigital.com.ar\/?p=3091"},"modified":"2019-08-15T18:48:38","modified_gmt":"2019-08-15T21:48:38","slug":"maria-eugenia-vidal-vamos-a-seguir-escuchando-en-este-camino-que-nos-queda-por-recorrer","status":"publish","type":"post","link":"https:\/\/revistaepocadigital.com.ar\/?p=3091","title":{"rendered":"MAR\u00cdA EUGENIA VIDAL: \u201cVAMOS A SEGUIR ESCUCHANDO EN ESTE CAMINO QUE NOS QUEDA POR RECORRER\u201d"},"content":{"rendered":"<div dir=\"ltr\">\n<div><b>LO EXPRES\u00d3&#8230;<!--more--><\/b><\/div>\n<div><\/div>\n<div>\n<p>la gobernadora al d\u00eda siguiente de la clara derrota en las PASO, fue durante la conferencia de prensa en la Casa de la Provincia de Buenos Aires. <em>\u201cReconocer errores no es una debilidad, es una fortaleza. Los que gobernamos no somos infalibles, no tenemos la verdad revelada. La elecci\u00f3n de ayer nos est\u00e1 diciendo que tenemos que escuchar m\u00e1s, que tenemos que incrementar nuestros encuentros, nuestras oportunidades de acercamiento, cambiando lo que haya que cambiar, corrigiendo lo que haya que corregir\u201d<\/em>, prosigui\u00f3.<\/p>\n<\/div>\n<div>\n<p>Vidal reconoci\u00f3 que en la PASO hubo bonaerenses que dijeron <em>\u2018no estoy conforme, esto no es lo que esperaba, no fue suficiente\u2019. Esa escucha es muy importante\u201d<\/em>, y manifest\u00f3 que <em>\u201cm\u00e1s all\u00e1 de la elecci\u00f3n de octubre, mi compromiso es con la Provincia y con los bonaerenses, y lo va a seguir siendo\u201d.<\/em><\/p>\n<p>Asimismo dijo,<em> \u201cestamos preocupados\u201d<\/em> por la crisis econ\u00f3mica desatada (luego de las PASO), por lo que reafirm\u00f3 que \u201c<em>vamos a estar ah\u00ed, acompa\u00f1ando como lo hicimos el a\u00f1o pasado y este a\u00f1o. Esta devaluaci\u00f3n que estamos atravesando hoy va a tener impacto y necesitamos estar con todas las herramientas que el gobierno de la Provincia pueda ofrecer para acompa\u00f1ar a los bonaerenses que m\u00e1s lo necesiten\u201d.<\/em><\/p>\n<p><em>\u201cVamos a reforzar la presencia del gobierno de la Provincia, con todos los referentes sociales. Hoy el mundo nos dio un mensaje que tiene que ver con la probabilidad m\u00e1s baja, a partir de la elecci\u00f3n de ayer, de que Cambiemos siga gobernando y m\u00e1s alta de que gobierne el Frente de Todos. El mundo tambi\u00e9n se expres\u00f3. Tenemos que ser todos m\u00e1s responsables que nunca y poner en primer lugar el bienestar de los argentinos y de los bonaerenses. Creo que los argentinos no que<\/em>remos volver a situaciones del pasado en t\u00e9rminos de poner en riesgo la gobernabilidad\u201d, indic\u00f3.<\/p>\n<\/div>\n<p><img loading=\"lazy\" decoding=\"async\" class=\"aligncenter size-full wp-image-3099\" src=\"https:\/\/revistaepocadigital.com.ar\/wp-content\/uploads\/2019\/08\/vidal-y-vice.jpg\" alt=\"\" width=\"3000\" height=\"2000\" srcset=\"https:\/\/revistaepocadigital.com.ar\/wp-content\/uploads\/2019\/08\/vidal-y-vice.jpg 3000w, https:\/\/revistaepocadigital.com.ar\/wp-content\/uploads\/2019\/08\/vidal-y-vice-300x200.jpg 300w, https:\/\/revistaepocadigital.com.ar\/wp-content\/uploads\/2019\/08\/vidal-y-vice-768x512.jpg 768w, https:\/\/revistaepocadigital.com.ar\/wp-content\/uploads\/2019\/08\/vidal-y-vice-1024x683.jpg 1024w, https:\/\/revistaepocadigital.com.ar\/wp-content\/uploads\/2019\/08\/vidal-y-vice-696x464.jpg 696w, https:\/\/revistaepocadigital.com.ar\/wp-content\/uploads\/2019\/08\/vidal-y-vice-1068x712.jpg 1068w, https:\/\/revistaepocadigital.com.ar\/wp-content\/uploads\/2019\/08\/vidal-y-vice-630x420.jpg 630w, https:\/\/revistaepocadigital.com.ar\/wp-content\/uploads\/2019\/08\/vidal-y-vice-1260x840.jpg 1260w, https:\/\/revistaepocadigital.com.ar\/wp-content\/uploads\/2019\/08\/vidal-y-vice-1920x1280.jpg 1920w\" sizes=\"auto, (max-width: 3000px) 100vw, 3000px\" \/><\/p>\n<p>Vidal junto al vicegobernador<\/p>\n<div>\n<p>A\u00f1adi\u00f3 que <em>\u201cLa Constituci\u00f3n dice que en octubre se va a definir gobernador, presidente, intendentes y todas las categor\u00edas. Ah\u00ed los bonaerenses y los argentinos van a volver a elegir. Mientras tanto, la gobernabilidad es responsabilidad de quienes gobernamos y de todas las fuerzas pol\u00edticas de la Democracia. Este momento dif\u00edcil va a tener impacto sobre los d\u00edas, semanas y meses que vienen para los bonaerenses y los argentinos. Nuestra primera responsabilidad es dar respuestas, habr\u00e1 tiempo para ver cu\u00e1ndo y de qu\u00e9 manera retomamos la campa\u00f1a\u201d.<\/em><\/p>\n<p>Por otra parte, la mandataria \u2013acompa\u00f1ada por el vicegobernador Daniel Salvador- asever\u00f3 que <em>\u201ca lo largo de mi vida pol\u00edtica nunca especul\u00e9. Sab\u00eda que me iba a quedar ac\u00e1, peleando por los bonaerenses, porque este es mi lugar. Tampoco especul\u00e9 al momento de elegir una fecha de elecci\u00f3n. Puse por encima que esta provincia necesita muchas cosas. El desdoblamiento costaba tres mil millones de pesos para todos los bonaerenses, recursos que priorizamos para otro lugar frente a cualquier especulaci\u00f3n pol\u00edtica. Esa decisi\u00f3n estuvo bien tomada\u201d.<\/em><\/p>\n<\/div>\n<\/div>\n<div><\/div>\n<div>Fuente: <span class=\"D_F rtlI_rtlI_dz_sSg \" data-test-id=\"email-pill\"><span class=\"C4_Z2aVTcY\" title=\"secretariademediospba@gmail.com\" data-test-id=\"message-to\">Secretaria de Medios de la Provincia de Buenos Aires.<\/span><\/span><\/div>\n<div>Fotos: gentileza Belgrano Herald (portada) y Secretar\u00eda de Medios.<\/div>\n","protected":false},"excerpt":{"rendered":"<p>LO EXPRES\u00d3&#8230;<\/p>\n","protected":false},"author":3,"featured_media":3097,"comment_status":"open","ping_status":"open","sticky":false,"template":"","format":"standard","meta":{"footnotes":"","jetpack_publicize_message":"","jetpack_publicize_feature_enabled":true,"jetpack_social_post_already_shared":false,"jetpack_social_options":{"image_generator_settings":{"template":"highway","default_image_id":0,"font":"","enabled":false},"version":2}},"categories":[13],"tags":[318,381,446],"class_list":["post-3091","post","type-post","status-publish","format-standard","has-post-thumbnail","hentry","category-interes-general","tag-gobernadora-vidal","tag-paso","tag-resultados"],"jetpack_publicize_connections":[],"jetpack_featured_media_url":"https:\/\/revistaepocadigital.com.ar\/wp-content\/uploads\/2019\/08\/vidal-belgrano-heradl.jpg","jetpack_likes_enabled":true,"_links":{"self":[{"href":"https:\/\/revistaepocadigital.com.ar\/index.php?rest_route=\/wp\/v2\/posts\/3091","targetHints":{"allow":["GET"]}}],"collection":[{"href":"https:\/\/revistaepocadigital.com.ar\/index.php?rest_route=\/wp\/v2\/posts"}],"about":[{"href":"https:\/\/revistaepocadigital.com.ar\/index.php?rest_route=\/wp\/v2\/types\/post"}],"author":[{"embeddable":true,"href":"https:\/\/revistaepocadigital.com.ar\/index.php?rest_route=\/wp\/v2\/users\/3"}],"replies":[{"embeddable":true,"href":"https:\/\/revistaepocadigital.com.ar\/index.php?rest_route=%2Fwp%2Fv2%2Fcomments&post=3091"}],"version-history":[{"count":0,"href":"https:\/\/revistaepocadigital.com.ar\/index.php?rest_route=\/wp\/v2\/posts\/3091\/revisions"}],"wp:featuredmedia":[{"embeddable":true,"href":"https:\/\/revistaepocadigital.com.ar\/index.php?rest_route=\/wp\/v2\/media\/3097"}],"wp:attachment":[{"href":"https:\/\/revistaepocadigital.com.ar\/index.php?rest_route=%2Fwp%2Fv2%2Fmedia&parent=3091"}],"wp:term":[{"taxonomy":"category","embeddable":true,"href":"https:\/\/revistaepocadigital.com.ar\/index.php?rest_route=%2Fwp%2Fv2%2Fcategories&post=3091"},{"taxonomy":"post_tag","embeddable":true,"href":"https:\/\/revistaepocadigital.com.ar\/index.php?rest_route=%2Fwp%2Fv2%2Ftags&post=3091"}],"curies":[{"name":"wp","href":"https:\/\/api.w.org\/{rel}","templated":true}]}}