{"id":30923,"date":"2025-08-20T00:20:13","date_gmt":"2025-08-20T03:20:13","guid":{"rendered":"https:\/\/revistaepocadigital.com.ar\/?p=30923"},"modified":"2025-09-08T16:34:07","modified_gmt":"2025-09-08T19:34:07","slug":"sindicato-empleados-de-comercio-de-zarate-asamblea-general-extraordinaria","status":"publish","type":"post","link":"https:\/\/revistaepocadigital.com.ar\/?p=30923","title":{"rendered":"SINDICATO EMPLEADOS DE COMERCIO DE Z\u00c1RATE. ASAMBLEA GENERAL EXTRAORDINARIA"},"content":{"rendered":"<p><img loading=\"lazy\" decoding=\"async\" class=\"aligncenter size-full wp-image-30927\" src=\"https:\/\/revistaepocadigital.com.ar\/wp-content\/uploads\/2025\/09\/Imagen2.jpg\" alt=\"\" width=\"528\" height=\"210\" srcset=\"https:\/\/revistaepocadigital.com.ar\/wp-content\/uploads\/2025\/09\/Imagen2.jpg 528w, https:\/\/revistaepocadigital.com.ar\/wp-content\/uploads\/2025\/09\/Imagen2-300x119.jpg 300w\" sizes=\"auto, (max-width: 528px) 100vw, 528px\" \/><\/p>\n<p>&nbsp;<\/p>\n<p style=\"text-align: center;\"><strong><u>CONVOCATORIA \u00a0ASAMBLEA<\/u><\/strong><\/p>\n<p style=\"text-align: center;\"><strong><u>GENERAL EXTRAORDINARIA<\/u><\/strong><\/p>\n<p>Z\u00e1rate, 04 de Septiembre de 2025. La Comisi\u00f3n Directiva del Sindicato de Empleados de Comercio de \u00a0Z\u00e1rate convoca a todos los afiliados a la Asamblea General\u00a0 Extraordinaria a efectuarse el d\u00eda\u00a0 16 de Septiembre de\u00a0 2025 a las \u00a0\u00a0\u00a0\u00a020.15horas en la sede sindical, sita en calle Rivadavia N\u00b0 957 de la ciudad de Z\u00e1rate para considerar el siguiente:<\/p>\n<p style=\"text-align: center;\"><strong>ORDEN DEL DIA<\/strong><\/p>\n<p>1) Designaci\u00f3n de 3 compa\u00f1eros para integrar la Junta Electoral (titulares) y 3 (suplentes) que tendr\u00e1n a su cargo la organizaci\u00f3n y fiscalizaci\u00f3n del comicio para la renovaci\u00f3n de autoridades de la Comisi\u00f3n Directiva, Comisi\u00f3n Revisora de Cuentas\u00a0 y Congresales y Delegados para el per\u00edodo 27\/02\/2026 al 26\/02\/2030 a efectuarse \u00a0el d\u00eda 16 de Diciembre de 2025<\/p>\n<p>2) Elecci\u00f3n de dos compa\u00f1eros para que\u00a0 conjuntamente con el \u00a0Secretario General \u00a0y \u00a0Secretario de Finanzas firmen el acta de la Asamblea.<\/p>\n<p><strong>Art\u00edculo 16\u00ba <\/strong>\u00a0\u00a0La asamblea se constituir\u00e1 con la presencia de la mitad m\u00e1s uno de los socios cotizantes, luego de una hora lo har\u00e1 con los afiliados\/as presentes.<\/p>\n<p><strong>Art\u00edculo 17\u00ba <\/strong>\u00a0\u00a0\u00a0En car\u00e1cter de afiliado a los efectos de la asistencia a las asambleas deber\u00e1 acreditarse\u00a0 con carnet sindical o documento de identidad y verificaci\u00f3n del\u00a0 Registro de afiliado.<\/p>\n<p>&nbsp;<\/p>\n<p style=\"text-align: right;\"><strong>COMISION DIRECTIVA<\/strong><\/p>\n<p>&nbsp;<\/p>\n","protected":false},"excerpt":{"rendered":"<p>&nbsp; CONVOCATORIA \u00a0ASAMBLEA GENERAL EXTRAORDINARIA Z\u00e1rate, 04 de Septiembre de 2025. La Comisi\u00f3n Directiva del Sindicato de Empleados de Comercio de \u00a0Z\u00e1rate convoca a todos los afiliados a la Asamblea General\u00a0 Extraordinaria a efectuarse el d\u00eda\u00a0 16 de Septiembre de\u00a0 2025 a las \u00a0\u00a0\u00a0\u00a020.15horas en la sede sindical, sita en calle Rivadavia N\u00b0 957 de [&hellip;]<\/p>\n","protected":false},"author":3,"featured_media":30927,"comment_status":"open","ping_status":"open","sticky":false,"template":"","format":"standard","meta":{"footnotes":"","jetpack_publicize_message":"","jetpack_publicize_feature_enabled":true,"jetpack_social_post_already_shared":true,"jetpack_social_options":{"image_generator_settings":{"template":"highway","default_image_id":0,"font":"","enabled":false},"version":2}},"categories":[151],"tags":[237,3288],"class_list":["post-30923","post","type-post","status-publish","format-standard","has-post-thumbnail","hentry","category-empleados-de-comercio","tag-asamblea","tag-asamblea-25"],"jetpack_publicize_connections":[],"jetpack_featured_media_url":"https:\/\/revistaepocadigital.com.ar\/wp-content\/uploads\/2025\/09\/Imagen2.jpg","jetpack_likes_enabled":true,"_links":{"self":[{"href":"https:\/\/revistaepocadigital.com.ar\/index.php?rest_route=\/wp\/v2\/posts\/30923","targetHints":{"allow":["GET"]}}],"collection":[{"href":"https:\/\/revistaepocadigital.com.ar\/index.php?rest_route=\/wp\/v2\/posts"}],"about":[{"href":"https:\/\/revistaepocadigital.com.ar\/index.php?rest_route=\/wp\/v2\/types\/post"}],"author":[{"embeddable":true,"href":"https:\/\/revistaepocadigital.com.ar\/index.php?rest_route=\/wp\/v2\/users\/3"}],"replies":[{"embeddable":true,"href":"https:\/\/revistaepocadigital.com.ar\/index.php?rest_route=%2Fwp%2Fv2%2Fcomments&post=30923"}],"version-history":[{"count":4,"href":"https:\/\/revistaepocadigital.com.ar\/index.php?rest_route=\/wp\/v2\/posts\/30923\/revisions"}],"predecessor-version":[{"id":30928,"href":"https:\/\/revistaepocadigital.com.ar\/index.php?rest_route=\/wp\/v2\/posts\/30923\/revisions\/30928"}],"wp:featuredmedia":[{"embeddable":true,"href":"https:\/\/revistaepocadigital.com.ar\/index.php?rest_route=\/wp\/v2\/media\/30927"}],"wp:attachment":[{"href":"https:\/\/revistaepocadigital.com.ar\/index.php?rest_route=%2Fwp%2Fv2%2Fmedia&parent=30923"}],"wp:term":[{"taxonomy":"category","embeddable":true,"href":"https:\/\/revistaepocadigital.com.ar\/index.php?rest_route=%2Fwp%2Fv2%2Fcategories&post=30923"},{"taxonomy":"post_tag","embeddable":true,"href":"https:\/\/revistaepocadigital.com.ar\/index.php?rest_route=%2Fwp%2Fv2%2Ftags&post=30923"}],"curies":[{"name":"wp","href":"https:\/\/api.w.org\/{rel}","templated":true}]}}