{"id":30980,"date":"2025-09-11T11:22:29","date_gmt":"2025-09-11T14:22:29","guid":{"rendered":"https:\/\/revistaepocadigital.com.ar\/?p=30980"},"modified":"2025-09-11T11:22:29","modified_gmt":"2025-09-11T14:22:29","slug":"el-nuevo-concejo-deliberante-comienza-otra-historia","status":"publish","type":"post","link":"https:\/\/revistaepocadigital.com.ar\/?p=30980","title":{"rendered":"EL NUEVO CONCEJO DELIBERANTE, \u00bfCOMIENZA OTRA HISTORIA?"},"content":{"rendered":"<div class=\"post-header\"><\/div>\n<div class=\"post-content\">\n<div class=\"addtoany_share_save_container addtoany_content addtoany_content_top\">\n<div class=\"a2a_kit a2a_kit_size_32 addtoany_list\" data-a2a-url=\"https:\/\/xn--ellugareo-s6a.com.ar\/policiales\/renovacion-en-el-hcd-fuerza-patria-suma-cuatro-bancas-y-lla-tres\/\" data-a2a-title=\"Renovaci\u00f3n en el HCD: Fuerza Patria suma cuatro bancas y LLA tres\"><strong>INGRESOS DE CONCEJALES ELECTOS Y CUMPLIMIENTO DE MANDATOS DE OTROS COMO RA\u00daL SANCHO, UNO DE LOS REFERENTES EN LOS \u00daLTIMOS A\u00d1OS.<!--more--><\/strong><\/div>\n<\/div>\n<h5 class=\"wp-block-heading\"><strong>A partir del pr\u00f3ximo per\u00edodo, ya sin Diego Nanni como intendente al asumir su banca como diputado provincial, y con Luis Mariano Mart\u00edn como intendente de Exaltaci\u00f3n de la Cruz, el Concejo Deliberante mostrar\u00e1 cambios importantes en cuanto a nombres y n\u00famero de concejales para los sectores pol\u00edticos representados<\/strong>.<\/h5>\n<h5 class=\"wp-block-heading\">Veamos:<\/h5>\n<h5 class=\"wp-block-heading\"><strong>Fuerza Patria:<\/strong><\/h5>\n<h5 class=\"wp-block-heading\">Finalizan sus mandatos: Emmanuel Mart\u00ednez, Andrea Luna Busquets y Marisa Rodr\u00edguez.<\/h5>\n<h5 class=\"wp-block-heading\">Ingresan: Mariela Nanni, Eduardo Pereyra, Luc\u00eda Klug y Ricardo Gonz\u00e1lez.<\/h5>\n<h5 class=\"wp-block-heading\">El oficialismo sum\u00f3 una banca m\u00e1s al HCD.<\/h5>\n<h5><strong>Cambiemos-Pro:<\/strong><\/h5>\n<h5>Concluyen sus mandatos: Ra\u00fal Sancho (actual presidente del cuerpo), Ester Junco y Patricio Diez.<\/h5>\n<h5>Ingresan: no sum\u00f3 nuevos ediles.<\/h5>\n<h5><strong>La Libertad Avanza:<\/strong><\/h5>\n<h5>Finalizan: ning\u00fan concejal<\/h5>\n<h5>Ingresan: El\u00edas Bucarey, Silvia S\u00e1nchez (renov\u00f3 su banca) y Exequiel Sarav\u00ed.<\/h5>\n<h5>LLA pasa a convertirse en la principal alternativa pol\u00edtica opositora.<\/h5>\n<h5 style=\"text-align: center;\"><strong>&#8212;&#8212;&#8212;&#8212;&#8212;-<\/strong><\/h5>\n<p>Ra\u00fal Sancho luego de sucesivos per\u00edodos como concejal, que incluyeron tres postulaciones para intendente municipal, se convierte el alejamiento del hombre del PRO-Cambiemos (en las recientes elecciones conformando alianza con la Libertad Avanza) en el m\u00e1s notorio.<\/p>\n<p><em>\u201cMuchas gracias a las casi 7500 personas que acompa\u00f1aron en esta elecci\u00f3n.<\/em> Lame<em>ntablemente, en un panorama tan nacionalizado fue dif\u00edcil poner en agenda lo local y lo que realmente se estaba eligiendo. Cada elecci\u00f3n deja mucho para analizar y pensar y seguro eso vendr\u00e1, hoy es momento de darle las gracias a quienes conf\u00edan, acompa\u00f1an, a quienes han estado fiscalizando y poniendo su tiempo y esfuerzo y a nuestras familias, que son el sost\u00e9n que nos permite hacer esto que hacemos. Cada uno tendr\u00e1 que sacar sus conclusiones\u201d,<\/em> expres\u00f3 Sancho al peri\u00f3dico El Lugare\u00f1o para despu\u00e9s felicitar a <em>&#8220;Diego Nanni y Mariela <\/em>(Nanni) <em>por el resultado. Felicitaciones tambi\u00e9n a nuestros candidatos El\u00edas Bucarey, Silvia S\u00e1nchez y Exequiel Sarav\u00ed, que son tres personas comprometidas y con vocaci\u00f3n, y a cada uno de los candidatos que a partir del 10 de diciembre pr\u00f3ximo van a asumir la enorme tarea de representar a los vecinos en el Concejo Deliberante\u201d.<\/em><\/p>\n<p>Fuente: peri\u00f3dico El Lugare\u00f1o<\/p>\n<\/div>\n","protected":false},"excerpt":{"rendered":"<p>INGRESOS DE CONCEJALES ELECTOS Y CUMPLIMIENTO DE MANDATOS DE OTROS COMO RA\u00daL SANCHO, UNO DE LOS REFERENTES EN LOS \u00daLTIMOS A\u00d1OS.<\/p>\n","protected":false},"author":3,"featured_media":30985,"comment_status":"open","ping_status":"open","sticky":false,"template":"","format":"standard","meta":{"footnotes":"","jetpack_publicize_message":"","jetpack_publicize_feature_enabled":true,"jetpack_social_post_already_shared":true,"jetpack_social_options":{"image_generator_settings":{"template":"highway","default_image_id":0,"font":"","enabled":false},"version":2}},"categories":[17],"tags":[3293,379],"class_list":["post-30980","post","type-post","status-publish","format-standard","has-post-thumbnail","hentry","category-politica","tag-concejales-2026","tag-hcd"],"jetpack_publicize_connections":[],"jetpack_featured_media_url":"https:\/\/revistaepocadigital.com.ar\/wp-content\/uploads\/2025\/09\/con-deli.jpg","jetpack_likes_enabled":true,"_links":{"self":[{"href":"https:\/\/revistaepocadigital.com.ar\/index.php?rest_route=\/wp\/v2\/posts\/30980","targetHints":{"allow":["GET"]}}],"collection":[{"href":"https:\/\/revistaepocadigital.com.ar\/index.php?rest_route=\/wp\/v2\/posts"}],"about":[{"href":"https:\/\/revistaepocadigital.com.ar\/index.php?rest_route=\/wp\/v2\/types\/post"}],"author":[{"embeddable":true,"href":"https:\/\/revistaepocadigital.com.ar\/index.php?rest_route=\/wp\/v2\/users\/3"}],"replies":[{"embeddable":true,"href":"https:\/\/revistaepocadigital.com.ar\/index.php?rest_route=%2Fwp%2Fv2%2Fcomments&post=30980"}],"version-history":[{"count":5,"href":"https:\/\/revistaepocadigital.com.ar\/index.php?rest_route=\/wp\/v2\/posts\/30980\/revisions"}],"predecessor-version":[{"id":30986,"href":"https:\/\/revistaepocadigital.com.ar\/index.php?rest_route=\/wp\/v2\/posts\/30980\/revisions\/30986"}],"wp:featuredmedia":[{"embeddable":true,"href":"https:\/\/revistaepocadigital.com.ar\/index.php?rest_route=\/wp\/v2\/media\/30985"}],"wp:attachment":[{"href":"https:\/\/revistaepocadigital.com.ar\/index.php?rest_route=%2Fwp%2Fv2%2Fmedia&parent=30980"}],"wp:term":[{"taxonomy":"category","embeddable":true,"href":"https:\/\/revistaepocadigital.com.ar\/index.php?rest_route=%2Fwp%2Fv2%2Fcategories&post=30980"},{"taxonomy":"post_tag","embeddable":true,"href":"https:\/\/revistaepocadigital.com.ar\/index.php?rest_route=%2Fwp%2Fv2%2Ftags&post=30980"}],"curies":[{"name":"wp","href":"https:\/\/api.w.org\/{rel}","templated":true}]}}