{"id":31057,"date":"2025-08-01T23:47:34","date_gmt":"2025-08-02T02:47:34","guid":{"rendered":"https:\/\/revistaepocadigital.com.ar\/?p=31057"},"modified":"2025-09-20T21:56:23","modified_gmt":"2025-09-21T00:56:23","slug":"convocatoria-a-elecciones-junta-electoral-sec-zarate","status":"publish","type":"post","link":"https:\/\/revistaepocadigital.com.ar\/?p=31057","title":{"rendered":"CONVOCATORIA A ELECCIONES JUNTA ELECTORAL SEC Z\u00c1RATE"},"content":{"rendered":"<p style=\"text-align: center;\" data-start=\"126\" data-end=\"644\"><strong>CONVOCATORIA A ELECCIONES <\/strong><br \/>\n<strong>JUNTA ELECTORAL SEC Z\u00c1RATE<\/strong><\/p>\n<p data-start=\"126\" data-end=\"644\">La junta Electoral del Sindicato de Empleados de Comercio de Z\u00e1rate, designada por Asamblea General Extraordinaria de afiliados el d\u00eda 16 de Septiembre de 2025 y que tendr\u00e1 a su cargo la organizaci\u00f3n, fiscalizaci\u00f3n, oficializaci\u00f3n de listas y proclamaci\u00f3n de autoridades electas en relaci\u00f3n al acto eleccionario que se llevar\u00e1 a cabo el d\u00eda 16 de Diciembre de 2025 para la renovaci\u00f3n de los miembros de la comisi\u00f3n directiva, comisi\u00f3n revisora de cuentas, delegados y congresales, comunica la siguiente convocatoria:<\/p>\n<p data-start=\"646\" data-end=\"681\">Z\u00e1rate, 04 de septiembre de 2025.<\/p>\n<p data-start=\"683\" data-end=\"1390\">La Comisi\u00f3n Directiva del Sindicato de Empleados de Comercio de Z\u00e1rate, convoca a sus afiliados, al acto Eleccionario que se realizar\u00e1 el d\u00eda 16 de Diciembre de 2025 para la renovaci\u00f3n total de los miembros directivos, a saber: Secretaria General, Sub-Secretaria General, Secretaria de Organizaci\u00f3n, Secretaria de Finanzas y Administraci\u00f3n, Secretaria de Asuntos Laborales, Secretaria de Acci\u00f3n Social, Secretaria de Capacitaci\u00f3n y Cultura, Secretaria de Asuntos Institucionales, Secretaria en Seguridad, Higiene y Medio Ambiente en el Trabajo, Secretaria de Igualdad de G\u00e9nero y Oportunidades, 10 (diez) vocales suplentes, 3 (tres) Revisores de Cuentas titulares, 3 (tres) Revisores de Cuentas Suplentes.<\/p>\n<p data-start=\"1392\" data-end=\"1693\">En el mismo acto eleccionario ser\u00e1n elegidos, 1 (un) Delegado Titular a Congresos y\/o Plenarios organizados por la FAECYS y 1 (un) Delegado Suplente para los mismos eventos, tambi\u00e9n ser\u00e1n elegidos 1 (un) Delegado Titular y 1 (un) Delegado Suplente para asistir a PLENARIOS y\/o Congresos de la C.G.T.<\/p>\n<p data-start=\"1695\" data-end=\"2008\">El acto eleccionario se llevar\u00e1 a cabo en la sede de este Sindicato, sito en calle Rivadavia N 957 de Z\u00e1rate, Provincia de Buenos Aires en el horario de 10 horas a 18 horas; en la Sub-Agencia de Capilla del Se\u00f1or, Provincia de Buenos Aires, sita en Padre Fahy y 14 de Septiembre, en el horario de 10 a 14 horas.<\/p>\n<p data-start=\"2010\" data-end=\"2448\"><strong data-start=\"2010\" data-end=\"2019\">NOTA.<\/strong> La duraci\u00f3n de los mandatos es de 4 (cuatro) a\u00f1os y va para el per\u00edodo 27\/02\/2026 \u2013 26\/02\/2030. Los candidatos a ocupar cargos directivos deben reunir los requisitos establecidos por la Legislaci\u00f3n vigente y el Estatuto Social. Las listas de candidatos deber\u00e1n contener el m\u00ednimo de representaci\u00f3n femenina que establece el Estatuto y la legislaci\u00f3n vigente en los cargos electivos y representativos de la asociaci\u00f3n sindical.<\/p>\n<p data-start=\"2450\" data-end=\"2920\">De conformidad a lo estable de T\u00edtulo VI \u2013 Del R\u00e9gimen Electoral \u2013 Cap\u00edtulo I De la Elecciones Generales art. 57 a 69 del Estatuto Social de esa entidad sindical, Ley 23551, Decreto 467\/88 y legislaci\u00f3n ccds, en relaci\u00f3n a este proceso electoral, esta Junta Electoral, elegida por asamblea general extraordinaria el 16\/09\/2025, informa que: Atender\u00e1 en la sede sindical sita en calle Rivadavia N 957 de Zarate los d\u00edas Lunes a Viernes y en el horario de 10.00 a 13.00.<\/p>\n<p data-start=\"2922\" data-end=\"3627\">Las listas que pretendan participar del comicio deber\u00e1n presentarse para su oficializaci\u00f3n en triplicado ante la junta electoral dentro del plazo de diez d\u00edas h\u00e1biles contados a partir del d\u00eda siguiente a esta publicaci\u00f3n; Las listas deber\u00e1n contener la n\u00f3mina de los candidatos con la indicaci\u00f3n de los cargos que ocupar\u00e1n cada uno de ellos, n\u00famero de afiliado, n\u00famero de documento de identidad, empresa donde trabaja, la firma de cada uno de ellos aceptando la postulaci\u00f3n y la designaci\u00f3n de dos apoderados que la representen ante la junta electoral; Las listas deber\u00e1n ser avaladas con el 3 % de los empadronados, instrument\u00e1ndose en planillas que contengan los mismos datos que para los candidatos.<\/p>\n<p data-start=\"3629\" data-end=\"4167\">La elecci\u00f3n ser\u00e1 por el voto directo y secreto de los afiliados; Al momento de emitir el voto el afiliado deber\u00e1 acreditar su identidad con el respectivo documento y firmar una planilla que se confeccionar\u00e1 a tal efecto; Tendr\u00e1n derecho a votar los afiliados que cumplan con los requisitos que establece el estatuto y la legislaci\u00f3n vigente; Los padrones de afiliados por orden alfab\u00e9tico y por establecimiento se encuentran exhibidos en la sede sindical sita en calle Rivadavia N 957 de Zarate a partir de la fecha de esta publicaci\u00f3n.<\/p>\n<p data-start=\"4169\" data-end=\"4220\"><strong data-start=\"4169\" data-end=\"4218\">FIRMADO POR LA JUNTA ELECTORAL DEL SEC Z\u00c1RATE<\/strong><\/p>\n<p>Soledad Gonzalez &#8211; Presidente<br \/>\nYanina Xavier Da Veiga Barata &#8211; Secretaria<br \/>\nMartin Gaido &#8211; Vocal<\/p>\n","protected":false},"excerpt":{"rendered":"<p>CONVOCATORIA A ELECCIONES JUNTA ELECTORAL SEC Z\u00c1RATE La junta Electoral del Sindicato de Empleados de Comercio de Z\u00e1rate, designada por Asamblea General Extraordinaria de afiliados el d\u00eda 16 de Septiembre de 2025 y que tendr\u00e1 a su cargo la organizaci\u00f3n, fiscalizaci\u00f3n, oficializaci\u00f3n de listas y proclamaci\u00f3n de autoridades electas en relaci\u00f3n al acto eleccionario que [&hellip;]<\/p>\n","protected":false},"author":3,"featured_media":31058,"comment_status":"open","ping_status":"open","sticky":false,"template":"","format":"standard","meta":{"footnotes":"","jetpack_publicize_message":"","jetpack_publicize_feature_enabled":true,"jetpack_social_post_already_shared":true,"jetpack_social_options":{"image_generator_settings":{"template":"highway","default_image_id":0,"font":"","enabled":false},"version":2}},"categories":[151,15],"tags":[37,670,1050],"class_list":["post-31057","post","type-post","status-publish","format-standard","has-post-thumbnail","hentry","category-empleados-de-comercio","category-lo-que-tenes-que-saber","tag-destacada","tag-exaltacion-de-la-cruz","tag-sindicato"],"jetpack_publicize_connections":[],"jetpack_featured_media_url":"https:\/\/revistaepocadigital.com.ar\/wp-content\/uploads\/2025\/09\/Imagen-de-WhatsApp-2025-09-17-a-las-18.01.20_60c0031e.jpg","jetpack_likes_enabled":true,"_links":{"self":[{"href":"https:\/\/revistaepocadigital.com.ar\/index.php?rest_route=\/wp\/v2\/posts\/31057","targetHints":{"allow":["GET"]}}],"collection":[{"href":"https:\/\/revistaepocadigital.com.ar\/index.php?rest_route=\/wp\/v2\/posts"}],"about":[{"href":"https:\/\/revistaepocadigital.com.ar\/index.php?rest_route=\/wp\/v2\/types\/post"}],"author":[{"embeddable":true,"href":"https:\/\/revistaepocadigital.com.ar\/index.php?rest_route=\/wp\/v2\/users\/3"}],"replies":[{"embeddable":true,"href":"https:\/\/revistaepocadigital.com.ar\/index.php?rest_route=%2Fwp%2Fv2%2Fcomments&post=31057"}],"version-history":[{"count":4,"href":"https:\/\/revistaepocadigital.com.ar\/index.php?rest_route=\/wp\/v2\/posts\/31057\/revisions"}],"predecessor-version":[{"id":31077,"href":"https:\/\/revistaepocadigital.com.ar\/index.php?rest_route=\/wp\/v2\/posts\/31057\/revisions\/31077"}],"wp:featuredmedia":[{"embeddable":true,"href":"https:\/\/revistaepocadigital.com.ar\/index.php?rest_route=\/wp\/v2\/media\/31058"}],"wp:attachment":[{"href":"https:\/\/revistaepocadigital.com.ar\/index.php?rest_route=%2Fwp%2Fv2%2Fmedia&parent=31057"}],"wp:term":[{"taxonomy":"category","embeddable":true,"href":"https:\/\/revistaepocadigital.com.ar\/index.php?rest_route=%2Fwp%2Fv2%2Fcategories&post=31057"},{"taxonomy":"post_tag","embeddable":true,"href":"https:\/\/revistaepocadigital.com.ar\/index.php?rest_route=%2Fwp%2Fv2%2Ftags&post=31057"}],"curies":[{"name":"wp","href":"https:\/\/api.w.org\/{rel}","templated":true}]}}