{"id":3108,"date":"2019-08-17T15:17:02","date_gmt":"2019-08-17T18:17:02","guid":{"rendered":"https:\/\/revistaepocadigital.com.ar\/?p=3108"},"modified":"2019-08-17T16:19:29","modified_gmt":"2019-08-17T19:19:29","slug":"club-de-leones-agustin-orlando-nuevo-gobernador-del-distrito","status":"publish","type":"post","link":"https:\/\/revistaepocadigital.com.ar\/?p=3108","title":{"rendered":"CLUB DE LEONES. AGUSTIN ORLANDO NUEVO GOBERNADOR DEL DISTRITO"},"content":{"rendered":"<p><strong>UN LE\u00d3N DE CAPILLA ES GOBERNADOR DEL DISTRITO 0-5.<\/strong><!--more--><\/p>\n<p>En el marco de un evento que convoc\u00f3 a unas doscientas personas, con representantes de clubes de distintas ciudades, tuvo lugar la asunci\u00f3n como gobernador del Club de Leones Distrito O-5, del integrante capillense de la reconocida entidad, Agust\u00edn Orlando.<\/p>\n<p>Al acto asistieron el intendente Adri\u00e1n S\u00e1nchez y el secretario de gobierno (d\u00edas despu\u00e9s solicit\u00f3 licencia al cargo) y precandidato a jefe comunal Diego Nanni. La presidenta del Club De Leones Capilla del Se\u00f1or, Marcela Noriega fue la encargada de dar la bienvenida a todos los integrantes de la familia leon\u00edstica. Durante la jornada que abarc\u00f3 la reuni\u00f3n en el Centro Cultural Cosmopolita de nuestra ciudad, fueron entregados reconocimientos a las autoridades salientes del club as\u00ed como a las que conducir\u00e1n a la instituci\u00f3n en el pr\u00f3ximo per\u00edodo.<\/p>\n<figure id=\"attachment_3115\" aria-describedby=\"caption-attachment-3115\" style=\"width: 960px\" class=\"wp-caption aligncenter\"><img loading=\"lazy\" decoding=\"async\" class=\"size-full wp-image-3115\" src=\"https:\/\/revistaepocadigital.com.ar\/wp-content\/uploads\/2019\/08\/sanchez-orlando.jpg\" alt=\"\" width=\"960\" height=\"466\" srcset=\"https:\/\/revistaepocadigital.com.ar\/wp-content\/uploads\/2019\/08\/sanchez-orlando.jpg 960w, https:\/\/revistaepocadigital.com.ar\/wp-content\/uploads\/2019\/08\/sanchez-orlando-300x146.jpg 300w, https:\/\/revistaepocadigital.com.ar\/wp-content\/uploads\/2019\/08\/sanchez-orlando-768x373.jpg 768w, https:\/\/revistaepocadigital.com.ar\/wp-content\/uploads\/2019\/08\/sanchez-orlando-696x338.jpg 696w, https:\/\/revistaepocadigital.com.ar\/wp-content\/uploads\/2019\/08\/sanchez-orlando-865x420.jpg 865w\" sizes=\"auto, (max-width: 960px) 100vw, 960px\" \/><figcaption id=\"caption-attachment-3115\" class=\"wp-caption-text\">Orlando junto al intendente S\u00e1nchez.<\/figcaption><\/figure>\n<p>M\u00e1s tarde, en el sal\u00f3n de eventos Espacios de la Cruz, tuvo lugar el almuerzo y Agust\u00edn Orlando como gobernador, present\u00f3 al gabinete que lo acompa\u00f1ar\u00e1, y en el que Capilla del Se\u00f1or tambi\u00e9n contar\u00e1 con un representante como es Norma Santill\u00e1n como Jefa de la Regi\u00f3n 8. A su vez, se le brind\u00f3 la\u00a0 despedida al gobernador saliente, Luis Ledda de la ciudad de Berasategui.<\/p>\n<p>Al hablar como gobernador, reflej\u00f3 su compromiso Orlando quien afirm\u00f3 sentirse \u201cun Le\u00f3n m\u00e1s\u201d, a la vez que convoc\u00f3 \u00a1a que sean muchos los que trabajen y que est\u00e9n comprometidos con el otro\u201d, agradeciendo luego la presencia de las autoridades comunales.<\/p>\n<p>&nbsp;<\/p>\n<p>&nbsp;<\/p>\n<p>&nbsp;<\/p>\n<p>&nbsp;<\/p>\n","protected":false},"excerpt":{"rendered":"<p>UN LE\u00d3N DE CAPILLA ES GOBERNADOR DEL DISTRITO 0-5.<\/p>\n","protected":false},"author":4,"featured_media":3114,"comment_status":"open","ping_status":"open","sticky":false,"template":"","format":"standard","meta":{"footnotes":"","jetpack_publicize_message":"","jetpack_publicize_feature_enabled":true,"jetpack_social_post_already_shared":false,"jetpack_social_options":{"image_generator_settings":{"template":"highway","default_image_id":0,"font":"","enabled":false},"version":2}},"categories":[11,13],"tags":[449,308],"class_list":["post-3108","post","type-post","status-publish","format-standard","has-post-thumbnail","hentry","category-entidades","category-interes-general","tag-agustin-orlando","tag-club-leones"],"jetpack_publicize_connections":[],"jetpack_featured_media_url":"https:\/\/revistaepocadigital.com.ar\/wp-content\/uploads\/2019\/08\/orlando-agus.jpg","jetpack_likes_enabled":true,"_links":{"self":[{"href":"https:\/\/revistaepocadigital.com.ar\/index.php?rest_route=\/wp\/v2\/posts\/3108","targetHints":{"allow":["GET"]}}],"collection":[{"href":"https:\/\/revistaepocadigital.com.ar\/index.php?rest_route=\/wp\/v2\/posts"}],"about":[{"href":"https:\/\/revistaepocadigital.com.ar\/index.php?rest_route=\/wp\/v2\/types\/post"}],"author":[{"embeddable":true,"href":"https:\/\/revistaepocadigital.com.ar\/index.php?rest_route=\/wp\/v2\/users\/4"}],"replies":[{"embeddable":true,"href":"https:\/\/revistaepocadigital.com.ar\/index.php?rest_route=%2Fwp%2Fv2%2Fcomments&post=3108"}],"version-history":[{"count":0,"href":"https:\/\/revistaepocadigital.com.ar\/index.php?rest_route=\/wp\/v2\/posts\/3108\/revisions"}],"wp:featuredmedia":[{"embeddable":true,"href":"https:\/\/revistaepocadigital.com.ar\/index.php?rest_route=\/wp\/v2\/media\/3114"}],"wp:attachment":[{"href":"https:\/\/revistaepocadigital.com.ar\/index.php?rest_route=%2Fwp%2Fv2%2Fmedia&parent=3108"}],"wp:term":[{"taxonomy":"category","embeddable":true,"href":"https:\/\/revistaepocadigital.com.ar\/index.php?rest_route=%2Fwp%2Fv2%2Fcategories&post=3108"},{"taxonomy":"post_tag","embeddable":true,"href":"https:\/\/revistaepocadigital.com.ar\/index.php?rest_route=%2Fwp%2Fv2%2Ftags&post=3108"}],"curies":[{"name":"wp","href":"https:\/\/api.w.org\/{rel}","templated":true}]}}