{"id":3117,"date":"2019-08-17T17:03:03","date_gmt":"2019-08-17T20:03:03","guid":{"rendered":"https:\/\/revistaepocadigital.com.ar\/?p=3117"},"modified":"2019-08-17T17:04:25","modified_gmt":"2019-08-17T20:04:25","slug":"intendente-sanchez-estamos-muy-confiados-y-optimistas-para-las-elecciones-del-27-de-octubre","status":"publish","type":"post","link":"https:\/\/revistaepocadigital.com.ar\/?p=3117","title":{"rendered":"Intendente S\u00e1nchez: &#8220;estamos muy confiados y optimistas para las elecciones del 27 de octubre&#8221;"},"content":{"rendered":"<p><strong>LA \u00d3PTICA DEL JEFE COMUNAL DESPU\u00c9S DE LAS P.A.S.O.<\/strong><!--more--><\/p>\n<p><em>&#8220;El pasado domingo 11 de agosto se realizaron, segun lo programado en el calendario electoral, las elecciones P.A.S.O. en todo el territorio nacional. En el orden nacional, hubo 10 listas de partidos pol\u00edticos con candidatos a presidente, diputados nacionales y gobernadores de provincias. Algunos partidos presentaron candidatos a gobernador, legisladores provinciales. intendentes, concejales y consejeros escolares.<\/em><\/p>\n<p><em>Las elecciones se realizaron con total normalidad, y en nuestro distrito se presentaron varios partidos con candidatos a intendente municipal, concejales y consejeros escolares. El Frente de Todos fue el \u00fanico que present\u00f3 m\u00e1s de un precandidato mediante tres listas. En este caso, se pudo poner en pr\u00e1ctica el objetivo concreto, que dieron lugar a las P.A.S.O surgidas por ley de la Naci\u00f3n desde hace 10 a\u00f1os.<\/em><\/p>\n<p><em>Los resultados obtenidos definieron la candidatura por dicho Frente del licenciado Diego Nanni, actual secretario de gobierno del municipio, al imponerse sobre los otros dos candidatos. En las otras listas de precandidatos, que se transformaron en candidatos autom\u00e1ticamente por no haber tenido competidor.<\/em><\/p>\n<p><em>Ante esta situaci\u00f3n, que se dio mayormente en casi todos los distritos del pa\u00eds, seguramente se abrir\u00e1 para m\u00e1s adelante una discusi\u00f3n sobre la conveniencia de la continuidad de las elecciones P.A.S.O., que debido a su alto costo, y poca efectividad har\u00edan dudar de su continuidad.<\/em><\/p>\n<p><em>En lo que respecta al resultado en nuestro distrito, podemos ver que nuestra agrupaci\u00f3n pol\u00edtica, obtuvo un fuerte respaldo de la ciudadan\u00f1ia a nuestro precandidato, ya convertido en candidato, lo que nos hace estar muy confiados y optimistas para que en las pr\u00f3ximas elecciones del 27 de octubre, se renueven y mejoren los porcentajes de apoyos de los ciudadanos a nuestro espacio pol\u00edtico y a los candidatos a intendente, concejales y consejeros escolares, de tal forma de poder continuar llevando adelante los proyectos prometidos en los pr\u00f3ximos a\u00f1os en nuestra patria chica, que es Exaltacion de la Cruz&#8221;<\/em><\/p>\n","protected":false},"excerpt":{"rendered":"<p>LA \u00d3PTICA DEL JEFE COMUNAL DESPU\u00c9S DE LAS P.A.S.O.<\/p>\n","protected":false},"author":4,"featured_media":3122,"comment_status":"open","ping_status":"open","sticky":false,"template":"","format":"standard","meta":{"footnotes":"","jetpack_publicize_message":"","jetpack_publicize_feature_enabled":true,"jetpack_social_post_already_shared":false,"jetpack_social_options":{"image_generator_settings":{"template":"highway","default_image_id":0,"font":"","enabled":false},"version":2}},"categories":[17],"tags":[59,445],"class_list":["post-3117","post","type-post","status-publish","format-standard","has-post-thumbnail","hentry","category-politica","tag-intendente-sanchez","tag-paso-2019"],"jetpack_publicize_connections":[],"jetpack_featured_media_url":"https:\/\/revistaepocadigital.com.ar\/wp-content\/uploads\/2019\/08\/sanche.19.jpg","jetpack_likes_enabled":true,"_links":{"self":[{"href":"https:\/\/revistaepocadigital.com.ar\/index.php?rest_route=\/wp\/v2\/posts\/3117","targetHints":{"allow":["GET"]}}],"collection":[{"href":"https:\/\/revistaepocadigital.com.ar\/index.php?rest_route=\/wp\/v2\/posts"}],"about":[{"href":"https:\/\/revistaepocadigital.com.ar\/index.php?rest_route=\/wp\/v2\/types\/post"}],"author":[{"embeddable":true,"href":"https:\/\/revistaepocadigital.com.ar\/index.php?rest_route=\/wp\/v2\/users\/4"}],"replies":[{"embeddable":true,"href":"https:\/\/revistaepocadigital.com.ar\/index.php?rest_route=%2Fwp%2Fv2%2Fcomments&post=3117"}],"version-history":[{"count":0,"href":"https:\/\/revistaepocadigital.com.ar\/index.php?rest_route=\/wp\/v2\/posts\/3117\/revisions"}],"wp:featuredmedia":[{"embeddable":true,"href":"https:\/\/revistaepocadigital.com.ar\/index.php?rest_route=\/wp\/v2\/media\/3122"}],"wp:attachment":[{"href":"https:\/\/revistaepocadigital.com.ar\/index.php?rest_route=%2Fwp%2Fv2%2Fmedia&parent=3117"}],"wp:term":[{"taxonomy":"category","embeddable":true,"href":"https:\/\/revistaepocadigital.com.ar\/index.php?rest_route=%2Fwp%2Fv2%2Fcategories&post=3117"},{"taxonomy":"post_tag","embeddable":true,"href":"https:\/\/revistaepocadigital.com.ar\/index.php?rest_route=%2Fwp%2Fv2%2Ftags&post=3117"}],"curies":[{"name":"wp","href":"https:\/\/api.w.org\/{rel}","templated":true}]}}