{"id":3126,"date":"2019-08-19T20:38:35","date_gmt":"2019-08-19T23:38:35","guid":{"rendered":"https:\/\/revistaepocadigital.com.ar\/?p=3126"},"modified":"2019-08-19T20:38:35","modified_gmt":"2019-08-19T23:38:35","slug":"el-inolvidable-campeonato-de-pelota-de-trapo","status":"publish","type":"post","link":"https:\/\/revistaepocadigital.com.ar\/?p=3126","title":{"rendered":"EL INOLVIDABLE CAMPEONATO DE PELOTA DE TRAPO"},"content":{"rendered":"<p><strong>CAMPE\u00d3N DE PRIMERA DIVISI\u00d3N DE LA LIGA COMUNITARIA DE PILAR.<\/strong><!--more--><\/p>\n<p><em>&#8220;Estamos participando de la Liga Comunitaria de Pilar con el equipo de primera divisi\u00f3n de &#8220;Pelota de Trapo. Es nuestra primera participacion y con s\u00f3lo seis meses de vida en dicha liga, logramos el tan ansiado campeonato, lo que ha significado una gran satisfacci\u00f3n y emoci\u00f3n para todos los que le ponemos mucho esfuerzo y dedicaci\u00f3n a Pelota de Trapo&#8221;,<\/em> le cuenta a EPOCA, <strong>Luciano Mirandeborde,<\/strong> el entrenador que sigue afianzado los pasos de su padre <strong>Coco<\/strong>, un verdadero maestro del f\u00fatbol y el deporte .<\/p>\n<figure id=\"attachment_3128\" aria-describedby=\"caption-attachment-3128\" style=\"width: 768px\" class=\"wp-caption aligncenter\"><img loading=\"lazy\" decoding=\"async\" class=\"size-full wp-image-3128\" src=\"https:\/\/revistaepocadigital.com.ar\/wp-content\/uploads\/2019\/08\/pelota-trapo-cam.jpg\" alt=\"\" width=\"768\" height=\"768\" srcset=\"https:\/\/revistaepocadigital.com.ar\/wp-content\/uploads\/2019\/08\/pelota-trapo-cam.jpg 768w, https:\/\/revistaepocadigital.com.ar\/wp-content\/uploads\/2019\/08\/pelota-trapo-cam-150x150.jpg 150w, https:\/\/revistaepocadigital.com.ar\/wp-content\/uploads\/2019\/08\/pelota-trapo-cam-300x300.jpg 300w, https:\/\/revistaepocadigital.com.ar\/wp-content\/uploads\/2019\/08\/pelota-trapo-cam-696x696.jpg 696w, https:\/\/revistaepocadigital.com.ar\/wp-content\/uploads\/2019\/08\/pelota-trapo-cam-420x420.jpg 420w\" sizes=\"auto, (max-width: 768px) 100vw, 768px\" \/><figcaption id=\"caption-attachment-3128\" class=\"wp-caption-text\">Los campeones.<\/figcaption><\/figure>\n<p>En los tornes de la Liga pilarense en cuesti\u00f3n, <strong>Pelota de Trapo<\/strong> tambi\u00e9n interviene en divisiones inferiores desde hace dos. Los representativos locales, participan en f\u00fatbol masculino y femenino en estas categor\u00edas: primera femenino libre a\u00f1os 2002, 2003, 2004, 2005, 2006, 2007, 2008, 2009, 2010 y 2011. Tambi\u00e9n han sido magn\u00edficos los resultados alcanzados, al consagrarse campeones en 2018 en cuatro de las mencionadas divisionales.<\/p>\n<p>Pelota de Trapo fue creado por<strong> Alfredo Mirandeborde, &#8220;Coco&#8221;<\/strong>, quien se encuentra al frente de la <strong>escuela de f\u00fatbol municipal<\/strong> hace nada menos que 55 a\u00f1os, en los que ha volcado su sapiencia, conocimiento y pasi\u00f3n a cientos de chicos que pasaron por la escuela. <em>&#8220;En la escuela por mi lado, colaboro con mi viejo y adem\u00e1s un grupo de padres aporta de gran manera al incentivar a sus chicos chicos a concurrir a la escuela, lo que resulta sumamente importante&#8221;,<\/em> dice Luciano. La escuela funciona de lunes a domingo.<\/p>\n<figure id=\"attachment_3130\" aria-describedby=\"caption-attachment-3130\" style=\"width: 720px\" class=\"wp-caption aligncenter\"><img loading=\"lazy\" decoding=\"async\" class=\"size-full wp-image-3130\" src=\"https:\/\/revistaepocadigital.com.ar\/wp-content\/uploads\/2019\/08\/mirandebor-luci.jpg\" alt=\"\" width=\"720\" height=\"960\" srcset=\"https:\/\/revistaepocadigital.com.ar\/wp-content\/uploads\/2019\/08\/mirandebor-luci.jpg 720w, https:\/\/revistaepocadigital.com.ar\/wp-content\/uploads\/2019\/08\/mirandebor-luci-225x300.jpg 225w, https:\/\/revistaepocadigital.com.ar\/wp-content\/uploads\/2019\/08\/mirandebor-luci-696x928.jpg 696w, https:\/\/revistaepocadigital.com.ar\/wp-content\/uploads\/2019\/08\/mirandebor-luci-315x420.jpg 315w, https:\/\/revistaepocadigital.com.ar\/wp-content\/uploads\/2019\/08\/mirandebor-luci-630x840.jpg 630w\" sizes=\"auto, (max-width: 720px) 100vw, 720px\" \/><figcaption id=\"caption-attachment-3130\" class=\"wp-caption-text\">El entrenador Luciano Mirandeborde cont\u00f3 como llegaron al t\u00edtulo.<\/figcaption><\/figure>\n<p>Despu\u00e9s de 35 a\u00f1os<strong> Capilla del Se\u00f1or<\/strong> ha vuelto a contar con equipo de primera divisi\u00f3n alcanzando un t\u00edtulo de campe\u00f3n, como el que te contamos, consigui\u00f3 hace poco Pelota de Trapo en la Liga Comunitaria de Pilar. Una conquista que ya forma parte de la historia del deporte de <strong>Exaltaci\u00f3n de la Cruz.<\/strong> Si nos retrotraemos en el tiempo, el anterior campeonato lo hab\u00eda alcanzado el <strong>Club Honor y Patria<\/strong> en la Liga de Campana. El festejo se extendi\u00f3 desde la cancha a la Plaza San Mart\u00edn junto a la gente y los Bomberos Voluntarios de Capilla del Se\u00f1or, asoci\u00e1ndose.<\/p>\n<p>\u00bfC\u00f3mo se arrib\u00f3 al tan anhelado t\u00edtulo?, <em>&#8220;llegamos al \u00faltimo partido ante Atl\u00e9tico Savio como locales, est\u00e1bamos ante la gran chance de ganar y festejar con la gran cantidad de gente que concurri\u00f3 al campo de deportes municipal a alentarnos, entre ellos, muchas familias que pasaron momentos muy valiosos junto a sus hijos, coronados por cierto con el campeonato&#8221;,<\/em> apunta Mirandeborde hijo recordando a\u00fan con emoci\u00f3n el d\u00eda de la obtenci\u00f3n del t\u00edtulo. <em>&#8220;Fue una tarde inolvidable<\/em> -agrega-, <em>ya que ganamos 4 a 0 y nos consagramos campeones, lo que hizo que se desatara un festejo que va quedar siempre grabado en la memoria por el resto de nuestras vidas&#8221;.<\/em><\/p>\n<p>Al <strong>plantel<\/strong> campe\u00f3n lo integran: Gabriel Gimenez, Joaqu\u00edn Zamora, Jonathan Cabrera, Cristian Moreira, Iv\u00e1n Garc\u00eda, Emiliano Ureta, Gian Franco Santill\u00e1n, Nicol\u00e1s Cabrera, Hern\u00e1n Bernardi, Mat\u00edas Veraborda, Lucas Mobiblia, Gerardo Lencina, Agust\u00edn Menta, Gast\u00f3n Rodr\u00edguez, Gustavo Gimenez, Franco Poupur, Jerem\u00edas Piri, Nicol\u00e1s Gonz\u00e1lez y Lucas Salcedo. El cuerpo t\u00e9cnico lo conforman Luciano Mirandeborde, Carlos Hern\u00e1ndez, Horacio Nakle. En tanto, el presidente de Pelota de Trapo es Mart\u00edn Echeverr\u00eda y el vice Gustavo Mossier.<\/p>\n<figure id=\"attachment_3131\" aria-describedby=\"caption-attachment-3131\" style=\"width: 960px\" class=\"wp-caption aligncenter\"><img loading=\"lazy\" decoding=\"async\" class=\"size-full wp-image-3131\" src=\"https:\/\/revistaepocadigital.com.ar\/wp-content\/uploads\/2019\/08\/miralde-eq-tecnico19.jpg\" alt=\"\" width=\"960\" height=\"640\" srcset=\"https:\/\/revistaepocadigital.com.ar\/wp-content\/uploads\/2019\/08\/miralde-eq-tecnico19.jpg 960w, https:\/\/revistaepocadigital.com.ar\/wp-content\/uploads\/2019\/08\/miralde-eq-tecnico19-300x200.jpg 300w, https:\/\/revistaepocadigital.com.ar\/wp-content\/uploads\/2019\/08\/miralde-eq-tecnico19-768x512.jpg 768w, https:\/\/revistaepocadigital.com.ar\/wp-content\/uploads\/2019\/08\/miralde-eq-tecnico19-696x464.jpg 696w, https:\/\/revistaepocadigital.com.ar\/wp-content\/uploads\/2019\/08\/miralde-eq-tecnico19-630x420.jpg 630w\" sizes=\"auto, (max-width: 960px) 100vw, 960px\" \/><figcaption id=\"caption-attachment-3131\" class=\"wp-caption-text\">Mirandeborde junto a su euipo de trabajo.<\/figcaption><\/figure>\n<p>&nbsp;<\/p>\n<p><em>&#8220;Nuestro objetivo es continuar compitiendo y le apuntamos a ingresar el pr\u00f3ximo a\u00f1o a la Liga Zarate\u00f1a; pero bueno por de pronto no hay que dejar de seguir meti\u00e9ndole para adelante en la liga pilarense donde el nivel es muy competitivo y ni hablar, la zona que nos toc\u00f3 jugar, una de las razones es que todas las canchas se encontraban abiertas y no en muy buenas condiciones. Pese a todo el equipo gan\u00f3 en todos lados a lo largo de las 15 fechas disputadas. Nos impusimos en 14 partidos y empatamos el restante por lo que resultamos campeones invictos y con la valla menos vencida defendida por Gabriel Gimenez adem\u00e1s de por si fuera poco, contar con el goleador del campeonato, Gerardo Lencina&#8221;, <\/em>detall\u00f3 Luciano y con la mira puesta en lo que vendr\u00e1.<\/p>\n","protected":false},"excerpt":{"rendered":"<p>CAMPE\u00d3N DE PRIMERA DIVISI\u00d3N DE LA LIGA COMUNITARIA DE PILAR.<\/p>\n","protected":false},"author":4,"featured_media":3129,"comment_status":"open","ping_status":"open","sticky":false,"template":"","format":"standard","meta":{"footnotes":"","jetpack_publicize_message":"","jetpack_publicize_feature_enabled":true,"jetpack_social_post_already_shared":false,"jetpack_social_options":{"image_generator_settings":{"template":"highway","default_image_id":0,"font":"","enabled":false},"version":2}},"categories":[9,13],"tags":[451,128,127],"class_list":["post-3126","post","type-post","status-publish","format-standard","has-post-thumbnail","hentry","category-deportes","category-interes-general","tag-campeones","tag-mirandeborde","tag-pelota-de-trapo"],"jetpack_publicize_connections":[],"jetpack_featured_media_url":"https:\/\/revistaepocadigital.com.ar\/wp-content\/uploads\/2019\/08\/pelota-trapo-camp19.jpg","jetpack_likes_enabled":true,"_links":{"self":[{"href":"https:\/\/revistaepocadigital.com.ar\/index.php?rest_route=\/wp\/v2\/posts\/3126","targetHints":{"allow":["GET"]}}],"collection":[{"href":"https:\/\/revistaepocadigital.com.ar\/index.php?rest_route=\/wp\/v2\/posts"}],"about":[{"href":"https:\/\/revistaepocadigital.com.ar\/index.php?rest_route=\/wp\/v2\/types\/post"}],"author":[{"embeddable":true,"href":"https:\/\/revistaepocadigital.com.ar\/index.php?rest_route=\/wp\/v2\/users\/4"}],"replies":[{"embeddable":true,"href":"https:\/\/revistaepocadigital.com.ar\/index.php?rest_route=%2Fwp%2Fv2%2Fcomments&post=3126"}],"version-history":[{"count":0,"href":"https:\/\/revistaepocadigital.com.ar\/index.php?rest_route=\/wp\/v2\/posts\/3126\/revisions"}],"wp:featuredmedia":[{"embeddable":true,"href":"https:\/\/revistaepocadigital.com.ar\/index.php?rest_route=\/wp\/v2\/media\/3129"}],"wp:attachment":[{"href":"https:\/\/revistaepocadigital.com.ar\/index.php?rest_route=%2Fwp%2Fv2%2Fmedia&parent=3126"}],"wp:term":[{"taxonomy":"category","embeddable":true,"href":"https:\/\/revistaepocadigital.com.ar\/index.php?rest_route=%2Fwp%2Fv2%2Fcategories&post=3126"},{"taxonomy":"post_tag","embeddable":true,"href":"https:\/\/revistaepocadigital.com.ar\/index.php?rest_route=%2Fwp%2Fv2%2Ftags&post=3126"}],"curies":[{"name":"wp","href":"https:\/\/api.w.org\/{rel}","templated":true}]}}