{"id":31386,"date":"2025-10-14T02:32:17","date_gmt":"2025-10-14T05:32:17","guid":{"rendered":"https:\/\/revistaepocadigital.com.ar\/?p=31386"},"modified":"2025-10-14T02:32:17","modified_gmt":"2025-10-14T05:32:17","slug":"el-mundo-conmovido-resiliencia-y-esperanza-los-amigos-y-familiares-de-los-argentinos-liberados-por-hamas","status":"publish","type":"post","link":"https:\/\/revistaepocadigital.com.ar\/?p=31386","title":{"rendered":"El mundo conmovido. Resiliencia y esperanza: los amigos y familiares de los argentinos liberados por Hamas"},"content":{"rendered":"<header class=\"article-header-wrapper\">\n<div class=\"article-header\">\n<h6 class=\"article-subheadline text_align_left\"><strong>Los relatos en Infobae en vivo mostraron el impacto duradero del cautiverio y la importancia de la red de contenci\u00f3n que se forj\u00f3 en las adversidasd<\/strong>.<\/h6>\n<\/div>\n<\/header>\n<p><!--more--><\/p>\n<article class=\"article\">\n<div class=\"sharebar-container display_flex\">\n<div class=\"sharebar-buttons-container display_flex\"><button class=\"sharemenu-buttons display_flex\" aria-label=\"Compartir en Telegram\"><br \/>\n<\/button><button class=\"sharemenu-buttons display_flex\" aria-label=\"Compartir en Linkedin\"><\/button><button class=\"sharemenu-buttons display_flex\" aria-label=\"Compartir en Twitter\"><\/button><button class=\"sharemenu-buttons display_flex\" aria-label=\"Compartir en Whatsapp\"><\/button><button class=\"sharemenu-buttons display_flex\" aria-label=\"Compartir en Facebook\"><\/button><\/div>\n<\/div>\n<div class=\"body-article \">\n<div class=\"visual__image image-initial-width\"><picture><source srcset=\"https:\/\/www.infobae.com\/resizer\/v2\/XVX7MUPF7VFGBFZFMM2OQG2P6M.png?auth=8be6f4cd8eff430ad155dd41d93e14d1851425d1e52ebf9495ec492a845f70a5&amp;smart=true&amp;width=992&amp;height=539&amp;quality=85\" media=\"(min-width: 1000px)\" \/><source srcset=\"https:\/\/www.infobae.com\/resizer\/v2\/XVX7MUPF7VFGBFZFMM2OQG2P6M.png?auth=8be6f4cd8eff430ad155dd41d93e14d1851425d1e52ebf9495ec492a845f70a5&amp;smart=true&amp;width=768&amp;height=417&amp;quality=85\" media=\"(min-width: 768px)\" \/><source srcset=\"https:\/\/www.infobae.com\/resizer\/v2\/XVX7MUPF7VFGBFZFMM2OQG2P6M.png?auth=8be6f4cd8eff430ad155dd41d93e14d1851425d1e52ebf9495ec492a845f70a5&amp;smart=true&amp;width=577&amp;height=313&amp;quality=85\" media=\"(min-width: 580px)\" \/><source srcset=\"https:\/\/www.infobae.com\/resizer\/v2\/XVX7MUPF7VFGBFZFMM2OQG2P6M.png?auth=8be6f4cd8eff430ad155dd41d93e14d1851425d1e52ebf9495ec492a845f70a5&amp;smart=true&amp;width=420&amp;height=228&amp;quality=85\" media=\"(min-width: 350px)\" \/><source srcset=\"https:\/\/www.infobae.com\/resizer\/v2\/XVX7MUPF7VFGBFZFMM2OQG2P6M.png?auth=8be6f4cd8eff430ad155dd41d93e14d1851425d1e52ebf9495ec492a845f70a5&amp;smart=true&amp;width=350&amp;height=190&amp;quality=85\" media=\"(min-width: 80px)\" \/><img loading=\"lazy\" decoding=\"async\" class=\"global-image\" src=\"https:\/\/www.infobae.com\/resizer\/v2\/XVX7MUPF7VFGBFZFMM2OQG2P6M.png?auth=8be6f4cd8eff430ad155dd41d93e14d1851425d1e52ebf9495ec492a845f70a5&amp;smart=true&amp;width=350&amp;height=190&amp;quality=85\" alt=\"Gustavo Rapaporte, amigo de Iair\" width=\"860\" height=\"467\" \/><\/picture>Gustavo Rapaporte, amigo de Iair Horn.<\/div>\n<div><\/div>\n<p class=\"paragraph\">La liberaci\u00f3n de los veinte rehenes por parte de la organizaci\u00f3n terrorista\u00a0<b>Hamas<\/b>\u00a0provoc\u00f3 una oleada de emociones en todo el mundo, pero especialmente entre quienes acompa\u00f1aron de cerca la larga espera.<\/p>\n<p class=\"paragraph\">En ese sentido,\u00a0<b>Gustavo Rapaporte<\/b>, amigo personal de\u00a0<b>Iair Horn<\/b>, uno de los argentinos liberados hoy tras meses de cautiverio, describi\u00f3 en di\u00e1logo con\u00a0<a title=\"https:\/\/www.infobae.com\/tag\/infobae-en-vivo\/\" href=\"https:\/\/www.infobae.com\/tag\/infobae-en-vivo\/\" target=\"_blank\" rel=\"noopener noreferrer\"><b>Infobae en Vivo<\/b><\/a>\u00a0c\u00f3mo vivi\u00f3 la noticia, la incertidumbre de estos dos a\u00f1os y el proceso de esperanza y oscuridad que marc\u00f3 a las familias y amigos de los secuestrados: \u201cFue una noche larga, una oscuridad con muchas etapas diferentes\u201d, resumi\u00f3 sobre el proceso de espera y liberaci\u00f3n.<\/p>\n<div class=\"inline ad-wrapper\">\n<div class=\"dfpAd ad-inline\">\n<div id=\"infobae\/sociedad\/nota\/inline\" class=\"infobae\/sociedad\/nota\/inline arcad\">Estas declaraciones fueron realizadas en di\u00e1logo con <b>Infobae en Vivo<\/b>, durante el programa\u00a0<b>de la ma\u00f1ana<\/b>, que cuenta con la conducci\u00f3n de\u00a0<b>Gonzalo S\u00e1nchez, Maru Duffard, Ram\u00f3n Indart y Cecilia Boufflet<\/b>.<\/div>\n<\/div>\n<\/div>\n<p class=\"paragraph\">Rapaporte relat\u00f3 que la madrugada en la que se conoci\u00f3 la liberaci\u00f3n fue intensa y plagada de ansiedad. \u201cEstuvimos ah\u00ed todos esperando y conectados, viendo por distintos medios, donde mucha gente transmit\u00eda en vivo, especialmente desde la plaza de los secuestrados. Y tambi\u00e9n hablando con la familia\u201d, cont\u00f3. El recuerdo de los fallecidos tambi\u00e9n estuvo presente: \u201cTodav\u00eda estamos esperando la evoluci\u00f3n de los cad\u00e1veres, que entiendo que ser\u00e1 un proceso m\u00e1s largo\u201d.<\/p>\n<div class=\"inline_2_DSK ad-wrapper ad-desktop\">\n<div class=\"dfpAd ad-inline\">\n<div id=\"infobae\/sociedad\/nota\/inline_2_DSK\" class=\"infobae\/sociedad\/nota\/inline_2_DSK arcad\">El entorno m\u00e1s \u00edntimo de <b>Iair Horn<\/b>\u00a0atraves\u00f3 una situaci\u00f3n de incertidumbre durante los primeros meses tras el secuestro, en los que no se sab\u00eda el paradero ni el estado de los hermanos. \u201cLos primeros casi dos meses estuvieron desaparecidos. No se sab\u00eda si estaban vivos, muertos o secuestrados\u201d, describi\u00f3\u00a0<b>Rapaporte<\/b>. El alivio lleg\u00f3 parad\u00f3jicamente cuando se confirm\u00f3 el secuestro: \u201cFue tranquilizador saber que estaban vivos, aunque cautivos en Gaza\u201d.<\/div>\n<\/div>\n<\/div>\n<p class=\"paragraph\">Durante esos meses, la incertidumbre y el miedo marcaron la cotidianidad de familiares y amigos de todos los secuestrados por\u00a0<b>Hamas<\/b>. \u201cEs una noche larga, una oscuridad con un mont\u00f3n de momentos y etapas distintas\u201d, reflexion\u00f3\u00a0<b>Rapaporte<\/b>. Para \u00e9l, el per\u00edodo de casi dos a\u00f1os fue una sucesi\u00f3n de obst\u00e1culos emocionales, donde el primer a\u00f1o estuvo dominado por la preocupaci\u00f3n y la confusi\u00f3n absoluta. \u201cFue el shock y el golpe inicial no solo por mis amigos, o lo que pas\u00f3 en el kibutz, sino por todo lo que pas\u00f3 en Israel\u201d, coment\u00f3.<\/p>\n<div class=\"visual__image\"><picture><source srcset=\"https:\/\/www.infobae.com\/resizer\/v2\/BSJCCEWQAJCZRO3UKCSXGVGH2Q.JPG?auth=5f91c642649db1729455bb7a98ed1990b28adc53a1a831f44ed5cd1594f0e6f9&amp;smart=true&amp;width=992&amp;height=661&amp;quality=85\" media=\"(min-width: 1000px)\" \/><source srcset=\"https:\/\/www.infobae.com\/resizer\/v2\/BSJCCEWQAJCZRO3UKCSXGVGH2Q.JPG?auth=5f91c642649db1729455bb7a98ed1990b28adc53a1a831f44ed5cd1594f0e6f9&amp;smart=true&amp;width=768&amp;height=512&amp;quality=85\" media=\"(min-width: 768px)\" \/><source srcset=\"https:\/\/www.infobae.com\/resizer\/v2\/BSJCCEWQAJCZRO3UKCSXGVGH2Q.JPG?auth=5f91c642649db1729455bb7a98ed1990b28adc53a1a831f44ed5cd1594f0e6f9&amp;smart=true&amp;width=577&amp;height=385&amp;quality=85\" media=\"(min-width: 580px)\" \/><source srcset=\"https:\/\/www.infobae.com\/resizer\/v2\/BSJCCEWQAJCZRO3UKCSXGVGH2Q.JPG?auth=5f91c642649db1729455bb7a98ed1990b28adc53a1a831f44ed5cd1594f0e6f9&amp;smart=true&amp;width=420&amp;height=280&amp;quality=85\" media=\"(min-width: 350px)\" \/><source srcset=\"https:\/\/www.infobae.com\/resizer\/v2\/BSJCCEWQAJCZRO3UKCSXGVGH2Q.JPG?auth=5f91c642649db1729455bb7a98ed1990b28adc53a1a831f44ed5cd1594f0e6f9&amp;smart=true&amp;width=350&amp;height=233&amp;quality=85\" media=\"(min-width: 80px)\" \/><img loading=\"lazy\" decoding=\"async\" class=\"global-image\" src=\"https:\/\/www.infobae.com\/resizer\/v2\/BSJCCEWQAJCZRO3UKCSXGVGH2Q.JPG?auth=5f91c642649db1729455bb7a98ed1990b28adc53a1a831f44ed5cd1594f0e6f9&amp;smart=true&amp;width=350&amp;height=233&amp;quality=85\" alt=\"Banderas, esperanza y felicidad, en\" width=\"4942\" height=\"3294\" \/><\/picture>Banderas, esperanza y felicidad, en el recibimiento a los secuestrados por Hamas (Foto: REUTERS\/Stoyan Nenov).<\/div>\n<p class=\"paragraph\">Con la liberaci\u00f3n de\u00a0<b>Iair Horn<\/b>, la familia cierra finalmente una etapa marcada por la resiliencia.\u00a0<b>Yair<\/b>\u00a0pas\u00f3 498 d\u00edas en cautiverio, mientras que su hermano Eitan complet\u00f3 732 d\u00edas. \u201cImpensado\u201d, se\u00f1al\u00f3\u00a0<b>Rapaporte<\/b>, quien record\u00f3 su reciente paso por\u00a0<b>Israel<\/b>\u00a0donde visit\u00f3 a la familia Horn. \u201cHace poco menos de dos meses estuve en Israel, estuve con Yao todo el tiempo que pude. Tambi\u00e9n con Am\u00f3s, el tercer hermano, pero no pude ver a los padres. Era una nebulosa: una alegr\u00eda por poder ver a mi amigo, pero la preocupaci\u00f3n por el hermano que segu\u00eda secuestrado\u201d, relat\u00f3.<\/p>\n<p class=\"paragraph\">Ahora, tras confirmarse la liberaci\u00f3n, la familia y los amigos intentan reconstruir una cotidianidad diferente:\u00a0<b>\u201cCreo que reci\u00e9n hoy estamos respirando todos y empieza otra etapa para la familia, para los amigos, para la gente cercana y esperemos que para toda la regi\u00f3n\u201d.<\/b>\u00a0La dimensi\u00f3n colectiva del desenlace tambi\u00e9n fue subrayada por \u00e9l:\u00a0<b>\u201cHoy cierra un cap\u00edtulo de toda esta historia. Ahora habr\u00e1 que trabajar para que no se vuelva a repetir\u201d<\/b>.<\/p>\n<p class=\"paragraph\">Uno de los aspectos emocionales m\u00e1s profundos que abord\u00f3\u00a0<b>Rapaporte<\/b>\u00a0fue el trabajo personal de los sobrevivientes. En este punto, describi\u00f3 el impacto psicol\u00f3gico que sufrieron\u00a0<b>Iair<\/b>\u00a0y su hermano durante el cautiverio y la importancia de abrir una etapa de sanaci\u00f3n tras la liberaci\u00f3n. Consultado sobre el estado an\u00edmico de\u00a0<b>Iair<\/b>\u00a0tras quinientos d\u00edas en cautiverio, el amigo explic\u00f3:\u00a0<b>\u201cHoy cierra un cap\u00edtulo importante para \u00e9l, por la evoluci\u00f3n de su hermano y porque puede centrarse en su propia recuperaci\u00f3n.<\/b>\u00a0Cuando sali\u00f3, todo lo que hac\u00eda ten\u00eda que ver con colaborar y facilitar la vuelta de Eitan. Ahora, con ese cap\u00edtulo cerrado, es un momento de reflexi\u00f3n, lindo para \u00e9l, para la familia y para todos de volver a encontrarse\u201d.<\/p>\n<p class=\"paragraph\">Ante la consulta sobre c\u00f3mo se sosten\u00eda la esperanza,\u00a0<b>Rapaporte<\/b>\u00a0fue honesto:\u00a0<b>\u201cSiempre trat\u00e9 de ser optimista, pero la verdad es que en el \u00faltimo tiempo el panorama era muy oscuro.\u00a0<\/b>Hablaba con mis amigos y conocidos y hace diez d\u00edas era impensado este desenlace, m\u00e1s que nada por la liberaci\u00f3n de todos los veinte secuestrados vivos y juntos\u201d.<\/p>\n<p class=\"paragraph\">Respecto al dolor de las familias que a\u00fan esperan respuestas, <b>apaporte<\/b>\u00a0resalt\u00f3:\u00a0<b>\u201cMuchos est\u00e1n esperando la entrega de los cad\u00e1veres. Hay veintiocho familias que todav\u00eda lo est\u00e1n esperando\u201d<\/b>. Estas palabras revelan que, aunque la liberaci\u00f3n trajo alivio para algunos, la tragedia sigue vigente para muchos.<\/p>\n<p class=\"paragraph\">El testimonio tambi\u00e9n repas\u00f3 la fortaleza de los padres de\u00a0<b>Iair<\/b>. \u201cPor suerte ninguno de nosotros puede ponerse en el lugar de Itzik ni en el de Ruthi, la mam\u00e1. Ella siempre se mantuvo muy optimista. Pueden ver cualquier entrevista que le hicieron; siempre contaba c\u00f3mo hablaba con sus hijos, aun cuando estaban los dos secuestrados. Es una situaci\u00f3n tremenda, inimaginable. Hoy por lo menos cierra un cap\u00edtulo de toda esta historia\u201d.<\/p>\n<p class=\"paragraph\">Nota y fotos publicada en Infobae.com<\/p>\n<div class=\"jwplayer-ctn\">\n<div>\n<div id=\"J2PNZSIHUNHDREOEPZ73A6PCR4-custom_embed15\" class=\"jwplayer jw-reset jw-state-idle jw-stretch-uniform jw-flag-aspect-mode jw-breakpoint-5 jw-floating-dismissible jw-keep-thumbnail jw-flag-user-inactive\" tabindex=\"0\" role=\"application\" aria-label=\"Video Player - Entero - GUSTAVO RAPAPORTE, AMIGO DE IAIR HORN \u2013 Infobae en Vivo\" aria-describedby=\"jw-J2PNZSIHUNHDREOEPZ73A6PCR4-custom_embed15-shortcuts-tooltip-explanation\">\n<div class=\"jw-wrapper jw-reset\">\n<div class=\"jw-media jw-reset\"><\/div>\n<\/div>\n<\/div>\n<\/div>\n<\/div>\n<div class=\"visual__image\"><picture><source srcset=\"https:\/\/www.infobae.com\/resizer\/v2\/3OF2ERSSRNDKRFI4TONER5MQ4A.png?auth=4ce94d3af11336bd24cef3e764bb284bee53ee7d3440ca609514ad70ad74f784&amp;smart=true&amp;width=992&amp;height=553&amp;quality=85\" media=\"(min-width: 1000px)\" \/><source srcset=\"https:\/\/www.infobae.com\/resizer\/v2\/3OF2ERSSRNDKRFI4TONER5MQ4A.png?auth=4ce94d3af11336bd24cef3e764bb284bee53ee7d3440ca609514ad70ad74f784&amp;smart=true&amp;width=768&amp;height=428&amp;quality=85\" media=\"(min-width: 768px)\" \/><source srcset=\"https:\/\/www.infobae.com\/resizer\/v2\/3OF2ERSSRNDKRFI4TONER5MQ4A.png?auth=4ce94d3af11336bd24cef3e764bb284bee53ee7d3440ca609514ad70ad74f784&amp;smart=true&amp;width=577&amp;height=322&amp;quality=85\" media=\"(min-width: 580px)\" \/><source srcset=\"https:\/\/www.infobae.com\/resizer\/v2\/3OF2ERSSRNDKRFI4TONER5MQ4A.png?auth=4ce94d3af11336bd24cef3e764bb284bee53ee7d3440ca609514ad70ad74f784&amp;smart=true&amp;width=420&amp;height=234&amp;quality=85\" media=\"(min-width: 350px)\" \/><source srcset=\"https:\/\/www.infobae.com\/resizer\/v2\/3OF2ERSSRNDKRFI4TONER5MQ4A.png?auth=4ce94d3af11336bd24cef3e764bb284bee53ee7d3440ca609514ad70ad74f784&amp;smart=true&amp;width=350&amp;height=195&amp;quality=85\" media=\"(min-width: 80px)\" \/><\/picture><\/div>\n<\/div>\n<\/article>\n","protected":false},"excerpt":{"rendered":"<p>Los relatos en Infobae en vivo mostraron el impacto duradero del cautiverio y la importancia de la red de contenci\u00f3n que se forj\u00f3 en las adversidasd.<\/p>\n","protected":false},"author":3,"featured_media":31387,"comment_status":"open","ping_status":"open","sticky":false,"template":"","format":"standard","meta":{"footnotes":"","jetpack_publicize_message":"","jetpack_publicize_feature_enabled":true,"jetpack_social_post_already_shared":true,"jetpack_social_options":{"image_generator_settings":{"template":"highway","default_image_id":0,"font":"","enabled":false},"version":2}},"categories":[17],"tags":[3326,3325,2799],"class_list":["post-31386","post","type-post","status-publish","format-standard","has-post-thumbnail","hentry","category-politica","tag-hamas","tag-liberacion-rehenes-israelis","tag-trump"],"jetpack_publicize_connections":[],"jetpack_featured_media_url":"https:\/\/revistaepocadigital.com.ar\/wp-content\/uploads\/2025\/10\/BSJCCEWQAJCZRO3UKCSXGVGH2Q.avif","jetpack_likes_enabled":true,"_links":{"self":[{"href":"https:\/\/revistaepocadigital.com.ar\/index.php?rest_route=\/wp\/v2\/posts\/31386","targetHints":{"allow":["GET"]}}],"collection":[{"href":"https:\/\/revistaepocadigital.com.ar\/index.php?rest_route=\/wp\/v2\/posts"}],"about":[{"href":"https:\/\/revistaepocadigital.com.ar\/index.php?rest_route=\/wp\/v2\/types\/post"}],"author":[{"embeddable":true,"href":"https:\/\/revistaepocadigital.com.ar\/index.php?rest_route=\/wp\/v2\/users\/3"}],"replies":[{"embeddable":true,"href":"https:\/\/revistaepocadigital.com.ar\/index.php?rest_route=%2Fwp%2Fv2%2Fcomments&post=31386"}],"version-history":[{"count":1,"href":"https:\/\/revistaepocadigital.com.ar\/index.php?rest_route=\/wp\/v2\/posts\/31386\/revisions"}],"predecessor-version":[{"id":31388,"href":"https:\/\/revistaepocadigital.com.ar\/index.php?rest_route=\/wp\/v2\/posts\/31386\/revisions\/31388"}],"wp:featuredmedia":[{"embeddable":true,"href":"https:\/\/revistaepocadigital.com.ar\/index.php?rest_route=\/wp\/v2\/media\/31387"}],"wp:attachment":[{"href":"https:\/\/revistaepocadigital.com.ar\/index.php?rest_route=%2Fwp%2Fv2%2Fmedia&parent=31386"}],"wp:term":[{"taxonomy":"category","embeddable":true,"href":"https:\/\/revistaepocadigital.com.ar\/index.php?rest_route=%2Fwp%2Fv2%2Fcategories&post=31386"},{"taxonomy":"post_tag","embeddable":true,"href":"https:\/\/revistaepocadigital.com.ar\/index.php?rest_route=%2Fwp%2Fv2%2Ftags&post=31386"}],"curies":[{"name":"wp","href":"https:\/\/api.w.org\/{rel}","templated":true}]}}