{"id":3139,"date":"2019-08-24T15:22:41","date_gmt":"2019-08-24T18:22:41","guid":{"rendered":"https:\/\/revistaepocadigital.com.ar\/?p=3139"},"modified":"2019-08-24T16:05:22","modified_gmt":"2019-08-24T19:05:22","slug":"escrutinio-definitivo-la-diferencia-de-votos-entre-alberto-fernandez-y-macri","status":"publish","type":"post","link":"https:\/\/revistaepocadigital.com.ar\/?p=3139","title":{"rendered":"Escrutinio definitivo: la diferencia de votos entre Alberto Fern\u00e1ndez y Macri"},"content":{"rendered":"<article id=\"\" class=\"note-detail notapage_minuto\">\n<div class=\"article-info-wrapper\">\n<p class=\"preview newDetailTextChange\" data-link=\"2019-8-23-10-10-0-escrutinio-definitivo-cual-es-la-diferencia-de-votos-entre-alberto-fernandez-y-macri\"><strong>FALTAN POCO M\u00c1S DE 60 D\u00cdAS PARA LAS ELECCIONES DE OCTUBRE.<!--more--><\/strong><\/p>\n<\/div>\n<div class=\"row hidden-print\">\n<div class=\"col-xs-12\">\n<div class=\"detail-social-icons social-sharing-box sticky\" data-hide-on-scroll=\".extras.object-te-puede-interesar\" data-social=\"tosticky\">\n<p>&nbsp;<\/p>\n<\/div>\n<\/div>\n<\/div>\n<div class=\"row\">\n<div class=\"col-xs-12\">\n<p><img decoding=\"async\" class=\"media-img lazyautosizes lazyloaded\" src=\"https:\/\/us.cdn.eltribuno.com\/082019\/1566566063088.jpg?&amp;cw=320\" sizes=\"587px\" srcset=\"https:\/\/us.cdn.eltribuno.com\/082019\/1566566063088.jpg?&amp;cw=320 320w, https:\/\/us.cdn.eltribuno.com\/082019\/1566566063088.jpg?&amp;cw=480 480w, https:\/\/us.cdn.eltribuno.com\/082019\/1566566063088.jpg?&amp;cw=600 600w, https:\/\/us.cdn.eltribuno.com\/082019\/1566566063088.jpg?&amp;cw=720 720w, https:\/\/us.cdn.eltribuno.com\/082019\/1566566063088.jpg?&amp;cw=960 960w, https:\/\/us.cdn.eltribuno.com\/082019\/1566566063088.jpg?&amp;cw=1024 1024w\" alt=\"Escrutinio definitivo: cu\u00e1l es la diferencia de votos entre Alberto Fern\u00e1ndez y Macri\" data-sizes=\"auto\" data-src=\"https:\/\/us.cdn.eltribuno.com\/082019\/1566566063088.jpg?&amp;cw=320\" data-srcset=\"https:\/\/us.cdn.eltribuno.com\/082019\/1566566063088.jpg?&amp;cw=320 320w, https:\/\/us.cdn.eltribuno.com\/082019\/1566566063088.jpg?&amp;cw=480 480w, https:\/\/us.cdn.eltribuno.com\/082019\/1566566063088.jpg?&amp;cw=600 600w, https:\/\/us.cdn.eltribuno.com\/082019\/1566566063088.jpg?&amp;cw=720 720w, https:\/\/us.cdn.eltribuno.com\/082019\/1566566063088.jpg?&amp;cw=960 960w, https:\/\/us.cdn.eltribuno.com\/082019\/1566566063088.jpg?&amp;cw=1024 1024w\" \/><\/p>\n<\/div>\n<\/div>\n<div class=\"note-body newDetailTextChange clearfix\">\n<p>El candidato presidencial del Frente de Todos, Alberto Fern\u00e1ndez, ampli\u00f3 en m\u00e1s de 132 mil votos su ventaja sobre el postulante de Juntos por el Cambio, Mauricio Macri, de acuerdo con los resultados del escrutinio definitivo de las PASO en 23 de los 24 distritos.<\/p>\n<p>Los datos de la C\u00e1mara Nacional Electoral revelan que el postulante opositor increment\u00f3 su caudal en 271.764 votos, por lo que lleg\u00f3 a 7.232.518, lo que representa una suba de 0,30 puntos porcentuales en comparaci\u00f3n con los datos provisorios..<\/p>\n<p>De este modo, el referente opositor -que gan\u00f3 en todos los distritos computados, excepto CABA y C\u00f3rdoba- alcanza el 47,55 %. El actual mandatario, en tanto, sum\u00f3 otros 139.264 sufragios, con lo que totaliza hasta el momento 5.214.366 votos (34,28 %), con una baja global del 0,17 %.<\/p>\n<p>Seg\u00fan los datos oficiales, la brecha entre ambos postulantes es ahora de 2.018.152 votos (13,27 %)<\/p>\n<p><img decoding=\"async\" src=\"https:\/\/us.cdn.eltribuno.com\/082019\/1566566144164\/f1.jpg\" width=\"100%\" height=\"auto\" \/><\/p>\n<p>Las 23 provincias relevadas conforman casi el 63 % del electorado. El 37 % restante pertenece a la decisiva provincia de Buenos Aires, la de mayor peso electoral de todo el pa\u00eds.<\/p>\n<p>En el escrutinio provisorio bonaerense, Fern\u00e1ndez obtuvo 4.661.356 de votos (50,65 %) y Macri 2.749.894 (29,88).<\/p>\n<p><img decoding=\"async\" src=\"https:\/\/us.cdn.eltribuno.com\/082019\/1566566167785\/f2.jpg\" width=\"100%\" height=\"auto\" \/><\/p>\n<\/div>\n<\/article>\n<p>&nbsp;<\/p>\n<p>Fuente: publicado en el diario El Tribuno de Salta.<\/p>\n","protected":false},"excerpt":{"rendered":"<p>FALTAN POCO M\u00c1S DE 60 D\u00cdAS PARA LAS ELECCIONES DE OCTUBRE.<\/p>\n","protected":false},"author":3,"featured_media":3148,"comment_status":"open","ping_status":"open","sticky":false,"template":"","format":"standard","meta":{"footnotes":"","jetpack_publicize_message":"","jetpack_publicize_feature_enabled":true,"jetpack_social_post_already_shared":false,"jetpack_social_options":{"image_generator_settings":{"template":"highway","default_image_id":0,"font":"","enabled":false},"version":2}},"categories":[13],"tags":[454],"class_list":["post-3139","post","type-post","status-publish","format-standard","has-post-thumbnail","hentry","category-interes-general","tag-escrutinio-definitivo-paso"],"jetpack_publicize_connections":[],"jetpack_featured_media_url":"https:\/\/revistaepocadigital.com.ar\/wp-content\/uploads\/2019\/08\/fernande-macri.jpg","jetpack_likes_enabled":true,"_links":{"self":[{"href":"https:\/\/revistaepocadigital.com.ar\/index.php?rest_route=\/wp\/v2\/posts\/3139","targetHints":{"allow":["GET"]}}],"collection":[{"href":"https:\/\/revistaepocadigital.com.ar\/index.php?rest_route=\/wp\/v2\/posts"}],"about":[{"href":"https:\/\/revistaepocadigital.com.ar\/index.php?rest_route=\/wp\/v2\/types\/post"}],"author":[{"embeddable":true,"href":"https:\/\/revistaepocadigital.com.ar\/index.php?rest_route=\/wp\/v2\/users\/3"}],"replies":[{"embeddable":true,"href":"https:\/\/revistaepocadigital.com.ar\/index.php?rest_route=%2Fwp%2Fv2%2Fcomments&post=3139"}],"version-history":[{"count":0,"href":"https:\/\/revistaepocadigital.com.ar\/index.php?rest_route=\/wp\/v2\/posts\/3139\/revisions"}],"wp:featuredmedia":[{"embeddable":true,"href":"https:\/\/revistaepocadigital.com.ar\/index.php?rest_route=\/wp\/v2\/media\/3148"}],"wp:attachment":[{"href":"https:\/\/revistaepocadigital.com.ar\/index.php?rest_route=%2Fwp%2Fv2%2Fmedia&parent=3139"}],"wp:term":[{"taxonomy":"category","embeddable":true,"href":"https:\/\/revistaepocadigital.com.ar\/index.php?rest_route=%2Fwp%2Fv2%2Fcategories&post=3139"},{"taxonomy":"post_tag","embeddable":true,"href":"https:\/\/revistaepocadigital.com.ar\/index.php?rest_route=%2Fwp%2Fv2%2Ftags&post=3139"}],"curies":[{"name":"wp","href":"https:\/\/api.w.org\/{rel}","templated":true}]}}