{"id":31395,"date":"2025-10-15T01:33:00","date_gmt":"2025-10-15T04:33:00","guid":{"rendered":"https:\/\/revistaepocadigital.com.ar\/?p=31395"},"modified":"2025-10-15T01:33:00","modified_gmt":"2025-10-15T04:33:00","slug":"exaltacion-de-la-cruz-le-pone-garra-a-las-finales-de-los-juegoss-bonaerenses","status":"publish","type":"post","link":"https:\/\/revistaepocadigital.com.ar\/?p=31395","title":{"rendered":"Exaltaci\u00f3n de la Cruz le pone garra a las finales de los Juegoss Bonaerenses"},"content":{"rendered":"<p><strong>LAS FINALES COMO ES TRADICIONAL, EN MAR DEL PLATA.<\/strong><!--more--><\/p>\n<p>La delegaci\u00f3n de representantes de Exaltaci\u00f3n de la Cruz viajaba a Mar del Plata para competir en las finales de los Juegos Bonaerenses.<\/p>\n<p>Los exaltacrucenses, seg\u00fan inform\u00f3 el peri\u00f3dico El Lugare\u00f1o, competir\u00e1n en atletismo, taekwondo, as\u00ed como canto, truco y carreras.<\/p>\n<p>Se estimaba que m\u00e1s de 30 mil finalistas intervendr\u00e1an en los Bonaerenses 2025, el evento deportivo y cultural m\u00e1s grande de la provincia.<\/p>\n<p>Foto: gentileza El Lugare\u00f1o<\/p>\n","protected":false},"excerpt":{"rendered":"<p>LAS FINALES COMO ES TRADICIONAL, EN MAR DEL PLATA.<\/p>\n","protected":false},"author":3,"featured_media":31396,"comment_status":"open","ping_status":"open","sticky":false,"template":"","format":"standard","meta":{"footnotes":"","jetpack_publicize_message":"","jetpack_publicize_feature_enabled":true,"jetpack_social_post_already_shared":true,"jetpack_social_options":{"image_generator_settings":{"template":"highway","default_image_id":0,"font":"","enabled":false},"version":2}},"categories":[9],"tags":[3327],"class_list":["post-31395","post","type-post","status-publish","format-standard","has-post-thumbnail","hentry","category-deportes","tag-bonaerenses-juegos"],"jetpack_publicize_connections":[],"jetpack_featured_media_url":"https:\/\/revistaepocadigital.com.ar\/wp-content\/uploads\/2025\/10\/10782326654844993669-1.jpg","jetpack_likes_enabled":true,"_links":{"self":[{"href":"https:\/\/revistaepocadigital.com.ar\/index.php?rest_route=\/wp\/v2\/posts\/31395","targetHints":{"allow":["GET"]}}],"collection":[{"href":"https:\/\/revistaepocadigital.com.ar\/index.php?rest_route=\/wp\/v2\/posts"}],"about":[{"href":"https:\/\/revistaepocadigital.com.ar\/index.php?rest_route=\/wp\/v2\/types\/post"}],"author":[{"embeddable":true,"href":"https:\/\/revistaepocadigital.com.ar\/index.php?rest_route=\/wp\/v2\/users\/3"}],"replies":[{"embeddable":true,"href":"https:\/\/revistaepocadigital.com.ar\/index.php?rest_route=%2Fwp%2Fv2%2Fcomments&post=31395"}],"version-history":[{"count":1,"href":"https:\/\/revistaepocadigital.com.ar\/index.php?rest_route=\/wp\/v2\/posts\/31395\/revisions"}],"predecessor-version":[{"id":31397,"href":"https:\/\/revistaepocadigital.com.ar\/index.php?rest_route=\/wp\/v2\/posts\/31395\/revisions\/31397"}],"wp:featuredmedia":[{"embeddable":true,"href":"https:\/\/revistaepocadigital.com.ar\/index.php?rest_route=\/wp\/v2\/media\/31396"}],"wp:attachment":[{"href":"https:\/\/revistaepocadigital.com.ar\/index.php?rest_route=%2Fwp%2Fv2%2Fmedia&parent=31395"}],"wp:term":[{"taxonomy":"category","embeddable":true,"href":"https:\/\/revistaepocadigital.com.ar\/index.php?rest_route=%2Fwp%2Fv2%2Fcategories&post=31395"},{"taxonomy":"post_tag","embeddable":true,"href":"https:\/\/revistaepocadigital.com.ar\/index.php?rest_route=%2Fwp%2Fv2%2Ftags&post=31395"}],"curies":[{"name":"wp","href":"https:\/\/api.w.org\/{rel}","templated":true}]}}