{"id":3145,"date":"2019-08-24T16:01:23","date_gmt":"2019-08-24T19:01:23","guid":{"rendered":"https:\/\/revistaepocadigital.com.ar\/?p=3145"},"modified":"2019-08-24T16:01:23","modified_gmt":"2019-08-24T19:01:23","slug":"nuevamente-maria-luz-bozzani-al-frente-del-municipio","status":"publish","type":"post","link":"https:\/\/revistaepocadigital.com.ar\/?p=3145","title":{"rendered":"NUEVAMENTE, MARIA LUZ BOZZANI AL FRENTE DEL MUNICIPIO."},"content":{"rendered":"<p><strong>ANTE LA LICENCIA DEL INTENDENTE S\u00c1NCHEZ.<\/strong><!--more--><\/p>\n<p>A pocos d\u00edas de realizadas las PASO, el intendente Adri\u00e1n S\u00e1nchez solicit\u00f3 otra licencia al cargo, en este caso por razones personales, por lo que comenz\u00f3 a desempe\u00f1arse al frente de la comuna en forma interina Mar\u00eda Luz Bozzani, como sucediera en anteriores ocasiones.<\/p>\n<p>Bozzani luego de solicitar licencia a su funci\u00f3n como concejal, pas\u00f3 a desempe\u00f1arse como Coordinadora de Procesos Administrativos y Coordinadora de Salud, \u00e1rea surgida para que se sumara al staff del Ejecutivo municipal en una funci\u00f3n con contacto permanente con el intendente.<\/p>\n","protected":false},"excerpt":{"rendered":"<p>ANTE LA LICENCIA DEL INTENDENTE S\u00c1NCHEZ.<\/p>\n","protected":false},"author":4,"featured_media":3147,"comment_status":"open","ping_status":"open","sticky":false,"template":"","format":"standard","meta":{"footnotes":"","jetpack_publicize_message":"","jetpack_publicize_feature_enabled":true,"jetpack_social_post_already_shared":false,"jetpack_social_options":{"image_generator_settings":{"template":"highway","default_image_id":0,"font":"","enabled":false},"version":2}},"categories":[17],"tags":[97,65],"class_list":["post-3145","post","type-post","status-publish","format-standard","has-post-thumbnail","hentry","category-politica","tag-adrian-sanchez","tag-maria-luz-bozzani"],"jetpack_publicize_connections":[],"jetpack_featured_media_url":"https:\/\/revistaepocadigital.com.ar\/wp-content\/uploads\/2019\/08\/sanche-bozzani-17-agos-19.jpg","jetpack_likes_enabled":true,"_links":{"self":[{"href":"https:\/\/revistaepocadigital.com.ar\/index.php?rest_route=\/wp\/v2\/posts\/3145","targetHints":{"allow":["GET"]}}],"collection":[{"href":"https:\/\/revistaepocadigital.com.ar\/index.php?rest_route=\/wp\/v2\/posts"}],"about":[{"href":"https:\/\/revistaepocadigital.com.ar\/index.php?rest_route=\/wp\/v2\/types\/post"}],"author":[{"embeddable":true,"href":"https:\/\/revistaepocadigital.com.ar\/index.php?rest_route=\/wp\/v2\/users\/4"}],"replies":[{"embeddable":true,"href":"https:\/\/revistaepocadigital.com.ar\/index.php?rest_route=%2Fwp%2Fv2%2Fcomments&post=3145"}],"version-history":[{"count":0,"href":"https:\/\/revistaepocadigital.com.ar\/index.php?rest_route=\/wp\/v2\/posts\/3145\/revisions"}],"wp:featuredmedia":[{"embeddable":true,"href":"https:\/\/revistaepocadigital.com.ar\/index.php?rest_route=\/wp\/v2\/media\/3147"}],"wp:attachment":[{"href":"https:\/\/revistaepocadigital.com.ar\/index.php?rest_route=%2Fwp%2Fv2%2Fmedia&parent=3145"}],"wp:term":[{"taxonomy":"category","embeddable":true,"href":"https:\/\/revistaepocadigital.com.ar\/index.php?rest_route=%2Fwp%2Fv2%2Fcategories&post=3145"},{"taxonomy":"post_tag","embeddable":true,"href":"https:\/\/revistaepocadigital.com.ar\/index.php?rest_route=%2Fwp%2Fv2%2Ftags&post=3145"}],"curies":[{"name":"wp","href":"https:\/\/api.w.org\/{rel}","templated":true}]}}