{"id":3169,"date":"2019-08-27T00:58:53","date_gmt":"2019-08-27T03:58:53","guid":{"rendered":"https:\/\/revistaepocadigital.com.ar\/?p=3169"},"modified":"2019-08-27T01:04:24","modified_gmt":"2019-08-27T04:04:24","slug":"aumento-para-jubilados-pensionados-y-asignaciones-familiares-desde-el-1-de-septiembre","status":"publish","type":"post","link":"https:\/\/revistaepocadigital.com.ar\/?p=3169","title":{"rendered":"Aumento para jubilados, pensionados y asignaciones familiares desde el 1 de septiembre"},"content":{"rendered":"<p><strong>LO INFORM\u00d3 ANSES. AUMENTAR\u00c1N 12,22%.<\/strong><!--more--><\/p>\n<p>Es el tercero de los cuatro incrementos anuales que se aplican por la Ley de Movilidad. As\u00ed, el haber m\u00ednimo jubilatorio ser\u00e1 de $12.937,22 y la Pensi\u00f3n Universal al Adulto Mayor, de $10.349,78.<\/p>\n<p>Con este tercer aumento anual, la jubilaci\u00f3n m\u00ednima pasar\u00e1 de $11.528,44 a $12.937,22 y la PUAM ascender\u00e1 de $9222,75 a $10.349,78.<\/p>\n<p>Cabe recordar que estos aumentos se suman al de movilidad adelantado del 46% de la Asignaci\u00f3n Universal por Hijo y por Embarazo que anunci\u00f3, en marzo pasado, el presidente de la Naci\u00f3n, Mauricio Macri, favoreciendo en forma directa a 3,9 millones de ni\u00f1os, ni\u00f1as y adolescentes de 2,2 millones de familias, quienes hasta febrero de 2020 cobrar\u00e1n $2652 por cada hijo.<\/p>\n<p><img loading=\"lazy\" decoding=\"async\" class=\"aligncenter size-full wp-image-3170\" src=\"https:\/\/revistaepocadigital.com.ar\/wp-content\/uploads\/2019\/08\/image003.png\" alt=\"\" width=\"675\" height=\"199\" srcset=\"https:\/\/revistaepocadigital.com.ar\/wp-content\/uploads\/2019\/08\/image003.png 675w, https:\/\/revistaepocadigital.com.ar\/wp-content\/uploads\/2019\/08\/image003-300x88.png 300w\" sizes=\"auto, (max-width: 675px) 100vw, 675px\" \/><\/p>\n<p>Tambi\u00e9n aumentar\u00e1 la Ayuda Escolar Anual a $2115 por hijo, que el Estado paga a los trabajadores formales, a quienes cobran la PUAM, la Prestaci\u00f3n por Desempleo y la Asignaci\u00f3n Universal. Asimismo, la Asignaci\u00f3n Familiar por Hijo con Discapacidad ascender\u00e1 a $8227.<\/p>\n<p><strong>M\u00e1s de 8,6 millones de ni\u00f1os cubiertos por ANSES<\/strong><\/p>\n<p>ANSES brinda cobertura a 8.645.828 de ni\u00f1os en la Argentina: 3.776.775 son hijos de trabajadores en relaci\u00f3n de dependencia y monotributistas; 3.923.040 de titulares de la Asignaci\u00f3n Universal; 828.635 de jubilados, pensionados, excombatientes de Malvinas y PNC por Invalidez y 117.378 de los que reciben la Prestaci\u00f3n por Desempleo.<\/p>\n<p>Los nuevos montos y los rangos de ingreso del grupo familiar para las AAFF quedar\u00e1n conformados de la siguiente manera:<\/p>\n<p>* Ninguno de los miembros del grupo familiar puede tener ingresos superiores a $53.829.<\/p>\n<p><strong>Otras asignaciones<\/strong><\/p>\n<p><img loading=\"lazy\" decoding=\"async\" class=\"aligncenter size-full wp-image-3171\" src=\"https:\/\/revistaepocadigital.com.ar\/wp-content\/uploads\/2019\/08\/image004.png\" alt=\"\" width=\"519\" height=\"192\" srcset=\"https:\/\/revistaepocadigital.com.ar\/wp-content\/uploads\/2019\/08\/image004.png 519w, https:\/\/revistaepocadigital.com.ar\/wp-content\/uploads\/2019\/08\/image004-300x111.png 300w\" sizes=\"auto, (max-width: 519px) 100vw, 519px\" \/><\/p>\n","protected":false},"excerpt":{"rendered":"<p>LO INFORM\u00d3 ANSES. AUMENTAR\u00c1N 12,22%.<\/p>\n","protected":false},"author":3,"featured_media":3175,"comment_status":"open","ping_status":"open","sticky":false,"template":"","format":"standard","meta":{"footnotes":"","jetpack_publicize_message":"","jetpack_publicize_feature_enabled":true,"jetpack_social_post_already_shared":false,"jetpack_social_options":{"image_generator_settings":{"template":"highway","default_image_id":0,"font":"","enabled":false},"version":2}},"categories":[81,17],"tags":[21,459,460],"class_list":["post-3169","post","type-post","status-publish","format-standard","has-post-thumbnail","hentry","category-anses","category-politica","tag-anses","tag-aumentos-jubilados","tag-pensionados"],"jetpack_publicize_connections":[],"jetpack_featured_media_url":"https:\/\/revistaepocadigital.com.ar\/wp-content\/uploads\/2019\/08\/Anses-jubilados-1.jpeg","jetpack_likes_enabled":true,"_links":{"self":[{"href":"https:\/\/revistaepocadigital.com.ar\/index.php?rest_route=\/wp\/v2\/posts\/3169","targetHints":{"allow":["GET"]}}],"collection":[{"href":"https:\/\/revistaepocadigital.com.ar\/index.php?rest_route=\/wp\/v2\/posts"}],"about":[{"href":"https:\/\/revistaepocadigital.com.ar\/index.php?rest_route=\/wp\/v2\/types\/post"}],"author":[{"embeddable":true,"href":"https:\/\/revistaepocadigital.com.ar\/index.php?rest_route=\/wp\/v2\/users\/3"}],"replies":[{"embeddable":true,"href":"https:\/\/revistaepocadigital.com.ar\/index.php?rest_route=%2Fwp%2Fv2%2Fcomments&post=3169"}],"version-history":[{"count":0,"href":"https:\/\/revistaepocadigital.com.ar\/index.php?rest_route=\/wp\/v2\/posts\/3169\/revisions"}],"wp:featuredmedia":[{"embeddable":true,"href":"https:\/\/revistaepocadigital.com.ar\/index.php?rest_route=\/wp\/v2\/media\/3175"}],"wp:attachment":[{"href":"https:\/\/revistaepocadigital.com.ar\/index.php?rest_route=%2Fwp%2Fv2%2Fmedia&parent=3169"}],"wp:term":[{"taxonomy":"category","embeddable":true,"href":"https:\/\/revistaepocadigital.com.ar\/index.php?rest_route=%2Fwp%2Fv2%2Fcategories&post=3169"},{"taxonomy":"post_tag","embeddable":true,"href":"https:\/\/revistaepocadigital.com.ar\/index.php?rest_route=%2Fwp%2Fv2%2Ftags&post=3169"}],"curies":[{"name":"wp","href":"https:\/\/api.w.org\/{rel}","templated":true}]}}