{"id":31887,"date":"2025-12-10T03:16:05","date_gmt":"2025-12-10T06:16:05","guid":{"rendered":"https:\/\/revistaepocadigital.com.ar\/?p=31887"},"modified":"2025-12-10T03:13:58","modified_gmt":"2025-12-10T06:13:58","slug":"la-bersuit-que-broche-para-los-festejos-patronales-de-cardales","status":"publish","type":"post","link":"https:\/\/revistaepocadigital.com.ar\/?p=31887","title":{"rendered":"La Bersuit,  \u00a1que broche para los festejos patronales de Cardales!"},"content":{"rendered":"<div dir=\"ltr\"><strong>La fiesta por el aniversario de Los Cardales. Este 13 y 14 de diciembre.<\/strong><\/div>\n<p><!--more--><\/p>\n<div dir=\"ltr\">Muy arraigados a medida que han transcurrido los a\u00f1os, los festejos patronales en Cardales son aguardados con ansias por los vecinos. El d\u00eda es vivido con intensidad en especial por los vecinos que llevan a Cardales en el coraz\u00f3n.<\/div>\n<div dir=\"ltr\"><\/div>\n<div dir=\"ltr\">Se ha previsto una serie de actos y actividades durante el 13 y 14 de diciembre, que va a contar con un espect\u00e1culo musical como cierre de envergadura, m\u00e1s all\u00e1 de los tiempos anteriores y actuales, que muestran obst\u00e1culos para los argentinos en gran mayor\u00eda, la m\u00fasica va a imponerse en la noche cardalense, como ha sabido ocurrir en otros festejos donde tambi\u00e9n se vieron espect\u00e1culos para resaltar.<\/div>\n<div dir=\"ltr\"><\/div>\n<div dir=\"ltr\">Este a\u00f1o, Cardales se prepara para vivir otra noche inolvidable con La Bersuit Vergarabat, uno de los grupos m\u00e1s importantes del pa\u00eds. La Bersuit entonces, con el esperado show musical gratuito, organizado por el municipio de Exaltaci\u00f3n de la Cruz, le pone el gran broche a la fiesta cardalense. El show tiene lugar en un escenario principal montado en la zona c\u00e9ntrica de Los Cardales, y promete convocar a vecinos y visitantes que en notable n\u00famero suelen congregarse. Con una trayectoria de m\u00e1s de 35 a\u00f1os, la Bersuit llega con su energ\u00eda caracter\u00edstica y un repertorio cargado de cl\u00e1sicos, desde El tiempo no para, hasta Un pacto y La Bolsa.<\/div>\n<div dir=\"ltr\"><\/div>\n<div dir=\"ltr\">Durante toda la jornada habr\u00e1 actividades culturales, feria de artesanos, propuestas gastron\u00f3micas y shows con la presencia de artistas locales.\u00a0Desde la organizaci\u00f3n destacaron que el cierre a cargo de una banda hist\u00f3rica como La Bersuit, \u201ces un reconocimiento a la comunidad cardalera y una apuesta por seguir fortaleciendo la cultura local\u201d. La invitaci\u00f3n es abierta y gratuita, y no requiere entradas.<\/div>\n","protected":false},"excerpt":{"rendered":"<p>La fiesta por el aniversario de Los Cardales. Este 13 y 14 de diciembre.<\/p>\n","protected":false},"author":3,"featured_media":31888,"comment_status":"open","ping_status":"open","sticky":false,"template":"","format":"standard","meta":{"footnotes":"","jetpack_publicize_message":"","jetpack_publicize_feature_enabled":true,"jetpack_social_post_already_shared":true,"jetpack_social_options":{"image_generator_settings":{"template":"highway","default_image_id":0,"font":"","enabled":false},"version":2}},"categories":[4],"tags":[3374,3375],"class_list":["post-31887","post","type-post","status-publish","format-standard","has-post-thumbnail","hentry","category-aqui-los-cardales","tag-cardales-aniversario-2025","tag-la-bersuit"],"jetpack_publicize_connections":[],"jetpack_featured_media_url":"https:\/\/revistaepocadigital.com.ar\/wp-content\/uploads\/2025\/11\/la-bersuit.jpg","jetpack_likes_enabled":true,"_links":{"self":[{"href":"https:\/\/revistaepocadigital.com.ar\/index.php?rest_route=\/wp\/v2\/posts\/31887","targetHints":{"allow":["GET"]}}],"collection":[{"href":"https:\/\/revistaepocadigital.com.ar\/index.php?rest_route=\/wp\/v2\/posts"}],"about":[{"href":"https:\/\/revistaepocadigital.com.ar\/index.php?rest_route=\/wp\/v2\/types\/post"}],"author":[{"embeddable":true,"href":"https:\/\/revistaepocadigital.com.ar\/index.php?rest_route=\/wp\/v2\/users\/3"}],"replies":[{"embeddable":true,"href":"https:\/\/revistaepocadigital.com.ar\/index.php?rest_route=%2Fwp%2Fv2%2Fcomments&post=31887"}],"version-history":[{"count":3,"href":"https:\/\/revistaepocadigital.com.ar\/index.php?rest_route=\/wp\/v2\/posts\/31887\/revisions"}],"predecessor-version":[{"id":32042,"href":"https:\/\/revistaepocadigital.com.ar\/index.php?rest_route=\/wp\/v2\/posts\/31887\/revisions\/32042"}],"wp:featuredmedia":[{"embeddable":true,"href":"https:\/\/revistaepocadigital.com.ar\/index.php?rest_route=\/wp\/v2\/media\/31888"}],"wp:attachment":[{"href":"https:\/\/revistaepocadigital.com.ar\/index.php?rest_route=%2Fwp%2Fv2%2Fmedia&parent=31887"}],"wp:term":[{"taxonomy":"category","embeddable":true,"href":"https:\/\/revistaepocadigital.com.ar\/index.php?rest_route=%2Fwp%2Fv2%2Fcategories&post=31887"},{"taxonomy":"post_tag","embeddable":true,"href":"https:\/\/revistaepocadigital.com.ar\/index.php?rest_route=%2Fwp%2Fv2%2Ftags&post=31887"}],"curies":[{"name":"wp","href":"https:\/\/api.w.org\/{rel}","templated":true}]}}