{"id":3198,"date":"2019-09-02T16:17:10","date_gmt":"2019-09-02T19:17:10","guid":{"rendered":"https:\/\/revistaepocadigital.com.ar\/?p=3198"},"modified":"2019-09-02T16:17:10","modified_gmt":"2019-09-02T19:17:10","slug":"asamblea-anual-ordinaria-asociacion-civil-exaltacion-de-la-cruz","status":"publish","type":"post","link":"https:\/\/revistaepocadigital.com.ar\/?p=3198","title":{"rendered":"Asamblea Anual Ordinaria Asociaci\u00f3n Civil Exaltaci\u00f3n de la Cruz"},"content":{"rendered":"<p><strong>LA ENTIDAD QUE LLEVA ADELANTE EL PEQUE\u00d1O HOGAR EXALTACI\u00d3N, INFORM\u00d3 SOBRE LA REALIZACI\u00d3N DE LA ASAMBLEA.<\/strong><!--more--><\/p>\n<p><strong>LA ASOCIACION CIVIL EXALTACION DE LA CRUZ<\/strong><br \/>\n<strong>Memores en riesgo. P.J: 13067<\/strong><\/p>\n<p>&nbsp;<\/p>\n<p><strong>ASAMBLEA ANUAL ORDINARIA<\/strong><\/p>\n<p>&nbsp;<\/p>\n<p>La Comisi\u00f3n Directiva convoca a los socios de dicha entidad, a participar de la<br \/>\nAsamblea Anual Ordinaria a realizarse en su sede, cita en Ca\u00f1ada Romero s\/n<br \/>\na 400 metros m\u00e1s de ruta 39. Capilla del Se\u00f1or. Partido de Exaltaci\u00f3n de la Cruz, en el<br \/>\nhorario de las 18 horas primera convocatoria y 18,30 horas segunda<br \/>\nconvocatoria, el d\u00eda 2 de octubre de 2019 para tratar el siguiente<\/p>\n<p><strong> Orden del d\u00eda <\/strong><\/p>\n<p>1-Lectura del Acta anterior<br \/>\n2-Registro de Asistencia de los socios a la Asamblea y designaci\u00f3n de dos<br \/>\nsocios para firmar las actas y realizar tr\u00e1mites en general.<br \/>\n3-Presentaci\u00f3n de las renuncias, si las hubiere de Miembros de la Comisi\u00f3n<br \/>\nDirectiva, como as\u00ed tambi\u00e9n de vacantes por diversos motivos.<br \/>\n4-Presentaci\u00f3n de los asamble\u00edstas de los cargos a cubrir a trav\u00e9s de la<br \/>\npostulaci\u00f3n de socios y\/o puesta en consideraci\u00f3n de la lista de los mismos.<br \/>\n5-Consideraci\u00f3n de Memoria, Balance, Inventario, Cuentas, Ganancias y<br \/>\nP\u00e9rdidas correspondientes al ejercicio correspondiente entre el 01-9-2017 al<br \/>\n31-8-2018 y quorum del mismo.<br \/>\n6-Consideraci\u00f3n de la Memoria, Balance, Inventario, Cuentas, Ganancias y<br \/>\nP\u00e9rdidas correspondiente al ejercicio correspondiente entre el 01-9-2018 al 31-<br \/>\n8-2019.<\/p>\n<p>REQUISITOS PARA PODER PARTICIPAR EN LA ASAMBLEA:<br \/>\nSer mayor de 21 a\u00f1os. Presentar al d\u00eda de la Asamblea las cuotas de socios<br \/>\npagas al cierre del ejercicio.<br \/>\nNo tener ning\u00fan impedimento Legal para poder participar.<\/p>\n<p>COMISION DIRECTIVA.<\/p>\n","protected":false},"excerpt":{"rendered":"<p>LA ENTIDAD QUE LLEVA ADELANTE EL PEQUE\u00d1O HOGAR EXALTACI\u00d3N, INFORM\u00d3 SOBRE LA REALIZACI\u00d3N DE LA ASAMBLEA.<\/p>\n","protected":false},"author":3,"featured_media":3199,"comment_status":"open","ping_status":"open","sticky":false,"template":"","format":"standard","meta":{"footnotes":"","jetpack_publicize_message":"","jetpack_publicize_feature_enabled":true,"jetpack_social_post_already_shared":false,"jetpack_social_options":{"image_generator_settings":{"template":"highway","default_image_id":0,"font":"","enabled":false},"version":2}},"categories":[13],"tags":[464,37,465],"class_list":["post-3198","post","type-post","status-publish","format-standard","has-post-thumbnail","hentry","category-interes-general","tag-asamblea-asoc-civil-exaltacion-de-la-cruz","tag-destacada","tag-pequeno-hogar-exalttacion"],"jetpack_publicize_connections":[],"jetpack_featured_media_url":"https:\/\/revistaepocadigital.com.ar\/wp-content\/uploads\/2019\/09\/indice1.jpg","jetpack_likes_enabled":true,"_links":{"self":[{"href":"https:\/\/revistaepocadigital.com.ar\/index.php?rest_route=\/wp\/v2\/posts\/3198","targetHints":{"allow":["GET"]}}],"collection":[{"href":"https:\/\/revistaepocadigital.com.ar\/index.php?rest_route=\/wp\/v2\/posts"}],"about":[{"href":"https:\/\/revistaepocadigital.com.ar\/index.php?rest_route=\/wp\/v2\/types\/post"}],"author":[{"embeddable":true,"href":"https:\/\/revistaepocadigital.com.ar\/index.php?rest_route=\/wp\/v2\/users\/3"}],"replies":[{"embeddable":true,"href":"https:\/\/revistaepocadigital.com.ar\/index.php?rest_route=%2Fwp%2Fv2%2Fcomments&post=3198"}],"version-history":[{"count":0,"href":"https:\/\/revistaepocadigital.com.ar\/index.php?rest_route=\/wp\/v2\/posts\/3198\/revisions"}],"wp:featuredmedia":[{"embeddable":true,"href":"https:\/\/revistaepocadigital.com.ar\/index.php?rest_route=\/wp\/v2\/media\/3199"}],"wp:attachment":[{"href":"https:\/\/revistaepocadigital.com.ar\/index.php?rest_route=%2Fwp%2Fv2%2Fmedia&parent=3198"}],"wp:term":[{"taxonomy":"category","embeddable":true,"href":"https:\/\/revistaepocadigital.com.ar\/index.php?rest_route=%2Fwp%2Fv2%2Fcategories&post=3198"},{"taxonomy":"post_tag","embeddable":true,"href":"https:\/\/revistaepocadigital.com.ar\/index.php?rest_route=%2Fwp%2Fv2%2Ftags&post=3198"}],"curies":[{"name":"wp","href":"https:\/\/api.w.org\/{rel}","templated":true}]}}