{"id":32043,"date":"2025-12-09T23:14:23","date_gmt":"2025-12-10T02:14:23","guid":{"rendered":"https:\/\/revistaepocadigital.com.ar\/?p=32043"},"modified":"2025-12-09T23:15:50","modified_gmt":"2025-12-10T02:15:50","slug":"quien-se-hace-cargo-para-el-74-de-los-argentinos-la-inseguridad-el-principal-problema","status":"publish","type":"post","link":"https:\/\/revistaepocadigital.com.ar\/?p=32043","title":{"rendered":"\u00bfQUIEN SE HACE CARGO? PARA El 74% DE LOS ARGENTINOS, LA INSEGURIDAD EL PRINCIPAL PROBLEMA"},"content":{"rendered":"<p class=\"yiv9276263122text-build-content\">Una encuesta a 300 personas de la empresa l\u00edder en seguridad de Latinoam\u00e9rica, Verisure, estudia las problem\u00e1ticas sociales que m\u00e1s les afecta a los ciudadanos.<!--more--><\/p>\n<p class=\"yiv9276263122text-build-content\"><i><b>El 74% de los argentinos piensa que la inseguridad es el principal problema del pa\u00eds<\/b><\/i><\/p>\n<p class=\"yiv9276263122text-build-content\"><i>Seg\u00fan un estudio realizado por CIO Investigaci\u00f3n para el Observatorio de Seguridad de Verisure, aument\u00f3 un 3% el nivel de preocupaci\u00f3n por la seguridad de 2024 a 2025. \u00a0<\/i><\/p>\n<table role=\"presentation\" border=\"0\" cellspacing=\"0\" cellpadding=\"0\">\n<tbody>\n<tr>\n<td><img decoding=\"async\" src=\"https:\/\/ecp.yusercontent.com\/mail?url=https%3A%2F%2Fs6zh9.mjt.lu%2Fimg2%2Fs6zh9%2F52940084-4b05-4f78-b3f8-d4006ed3daf1%2Fcontent&amp;t=1765331997&amp;ymreqid=a1e28384-e738-286e-1cef-ef000a018300&amp;sig=TVxLCG9MH7hOp5h41Enh9Q--~D\" alt=\"\" width=\"550\" height=\"auto\" \/><\/td>\n<\/tr>\n<\/tbody>\n<\/table>\n<div>\n<p class=\"yiv9276263122text-build-content\"><b>\u00a0<\/b>Una encuesta a 300 personas de la empresa l\u00edder en seguridad de Latinoam\u00e9rica, Verisure, estudia las problem\u00e1ticas sociales que m\u00e1s les afecta a los ciudadanos.<\/p>\n<p class=\"yiv9276263122text-build-content\">Entre ellas se encuentran la corrupci\u00f3n y el desempleo, pero, la inseguridad y c\u00f3mo protegerse ante delitos es prioritario. El estudio permite la selecci\u00f3n de m\u00e1s de una respuesta y el resultado es que la inseguridad en la calle se ubica primera en el listado con el 77%. Le sigue \u201cel estado de las veredas\u201d con el 55% y la inseguridad en los domicilios con el 42%.<\/p>\n<p class=\"yiv9276263122text-build-content\">Por su parte, el Monitor de Inseguridad de la Facultad de Psicolog\u00eda de la UBA indica que este a\u00f1o, casi la mitad de la poblaci\u00f3n (48 %) califica a la inseguridad como \u201cextremadamente grave o muy grave\u201d. Esta percepci\u00f3n refleja no solo los \u00edndices de hechos delictivos sino tambi\u00e9n, el impacto emocional y psicol\u00f3gico que genera vivir en un contexto de riesgo constante.<\/p>\n<p class=\"yiv9276263122text-build-content\"><em>\u201cLa tecnolog\u00eda, la prevenci\u00f3n y la educaci\u00f3n son herramientas esenciales para abordar esta problem\u00e1tica. Seg\u00fan el Observatorio de Seguridad de Verisure, el 57% de los encuestados colocaron un sistema de seguridad monitoreado una vez sucedido un robo. Este dato est\u00e1 muy por encima del a\u00f1o anterior ya que solo el 28% indicaba esto.\u201d<\/em>, comenta Carlos Beltr\u00e1n Rubinos, director de Operaciones de Verisure Argentina c\u00f3mo es que cada vez son m\u00e1s las personas que toman conciencia de su seguridad y la de sus familias.<\/p>\n<p class=\"yiv9276263122text-build-content\">La seguridad es un pilar que habilita el ejercicio de otros derechos humanos fundamentales, como la educaci\u00f3n, el trabajo y la convivencia comunitaria, sobre todo, teniendo en cuenta que el 55% de los encuestados por la UBA consideran que \u201caumentar\u00e1 mucho o algo\u201d en los pr\u00f3ximos seis meses. Por eso, en el d\u00eda de los Derechos Humanos, reflexionar sobre la seguridad no solo implica reconocerla como un derecho en s\u00ed mismo, sino tambi\u00e9n como una condici\u00f3n indispensable para el ejercicio pleno de todos los dem\u00e1s derechos.<\/p>\n<\/div>\n","protected":false},"excerpt":{"rendered":"<p>Una encuesta a 300 personas de la empresa l\u00edder en seguridad de Latinoam\u00e9rica, Verisure, estudia las problem\u00e1ticas sociales que m\u00e1s les afecta a los ciudadanos.<\/p>\n","protected":false},"author":3,"featured_media":32045,"comment_status":"open","ping_status":"open","sticky":false,"template":"","format":"standard","meta":{"footnotes":"","jetpack_publicize_message":"","jetpack_publicize_feature_enabled":true,"jetpack_social_post_already_shared":true,"jetpack_social_options":{"image_generator_settings":{"template":"highway","default_image_id":0,"font":"","enabled":false},"version":2}},"categories":[15],"tags":[37,741],"class_list":["post-32043","post","type-post","status-publish","format-standard","has-post-thumbnail","hentry","category-lo-que-tenes-que-saber","tag-destacada","tag-inseguridad"],"jetpack_publicize_connections":[],"jetpack_featured_media_url":"https:\/\/revistaepocadigital.com.ar\/wp-content\/uploads\/2025\/12\/INSEGU.jpg","jetpack_likes_enabled":true,"_links":{"self":[{"href":"https:\/\/revistaepocadigital.com.ar\/index.php?rest_route=\/wp\/v2\/posts\/32043","targetHints":{"allow":["GET"]}}],"collection":[{"href":"https:\/\/revistaepocadigital.com.ar\/index.php?rest_route=\/wp\/v2\/posts"}],"about":[{"href":"https:\/\/revistaepocadigital.com.ar\/index.php?rest_route=\/wp\/v2\/types\/post"}],"author":[{"embeddable":true,"href":"https:\/\/revistaepocadigital.com.ar\/index.php?rest_route=\/wp\/v2\/users\/3"}],"replies":[{"embeddable":true,"href":"https:\/\/revistaepocadigital.com.ar\/index.php?rest_route=%2Fwp%2Fv2%2Fcomments&post=32043"}],"version-history":[{"count":1,"href":"https:\/\/revistaepocadigital.com.ar\/index.php?rest_route=\/wp\/v2\/posts\/32043\/revisions"}],"predecessor-version":[{"id":32044,"href":"https:\/\/revistaepocadigital.com.ar\/index.php?rest_route=\/wp\/v2\/posts\/32043\/revisions\/32044"}],"wp:featuredmedia":[{"embeddable":true,"href":"https:\/\/revistaepocadigital.com.ar\/index.php?rest_route=\/wp\/v2\/media\/32045"}],"wp:attachment":[{"href":"https:\/\/revistaepocadigital.com.ar\/index.php?rest_route=%2Fwp%2Fv2%2Fmedia&parent=32043"}],"wp:term":[{"taxonomy":"category","embeddable":true,"href":"https:\/\/revistaepocadigital.com.ar\/index.php?rest_route=%2Fwp%2Fv2%2Fcategories&post=32043"},{"taxonomy":"post_tag","embeddable":true,"href":"https:\/\/revistaepocadigital.com.ar\/index.php?rest_route=%2Fwp%2Fv2%2Ftags&post=32043"}],"curies":[{"name":"wp","href":"https:\/\/api.w.org\/{rel}","templated":true}]}}