{"id":32047,"date":"2025-12-10T03:11:33","date_gmt":"2025-12-10T06:11:33","guid":{"rendered":"https:\/\/revistaepocadigital.com.ar\/?p=32047"},"modified":"2025-12-10T03:11:33","modified_gmt":"2025-12-10T06:11:33","slug":"juro-el-nuevo-concejo-deliberante-a-cumplir-a-los-vecinos","status":"publish","type":"post","link":"https:\/\/revistaepocadigital.com.ar\/?p=32047","title":{"rendered":"JUR\u00d3 EL NUEVO CONCEJO DELIBERANTE, \u00a1A CUMPLIR A LOS VECINOS!"},"content":{"rendered":"<p><span style=\"color: #ff0000;\"><strong>PUSO PRIMERA. MARIELA NANNI, NO FUE SORPRESA, FUE VOTADA POR LA MAYOR\u00cdA DE LOS EDILES, Y ES LA NUEVA PRESIDENTE DEL HCD.<\/strong><\/span><\/p>\n<p><span style=\"color: #ff0000;\"><strong>EN EL RECINTO DESBORDADO DE GENTE, SENTADOS AL LADO, EL INTENDENTE LUIS MARIANO MART\u00cdN QUIEN HAB\u00cdA JURADO EL D\u00cdA ANTES, Y SU PREDECESOR DIEGO NANNI, DIPUTADO PROVINCIAL, SIGUIERON CON ATENCI\u00d3N LA SESI\u00d3N Y ACASO MONITOREANDO COMO RESULTABA EL DEVENIR DE LA SESI\u00d3N INAUGURAL.<!--more--><img loading=\"lazy\" decoding=\"async\" class=\"aligncenter size-full wp-image-32049\" src=\"https:\/\/revistaepocadigital.com.ar\/wp-content\/uploads\/2025\/12\/hcd-jur-1.jpg\" alt=\"\" width=\"960\" height=\"720\" srcset=\"https:\/\/revistaepocadigital.com.ar\/wp-content\/uploads\/2025\/12\/hcd-jur-1.jpg 960w, https:\/\/revistaepocadigital.com.ar\/wp-content\/uploads\/2025\/12\/hcd-jur-1-300x225.jpg 300w, https:\/\/revistaepocadigital.com.ar\/wp-content\/uploads\/2025\/12\/hcd-jur-1-768x576.jpg 768w, https:\/\/revistaepocadigital.com.ar\/wp-content\/uploads\/2025\/12\/hcd-jur-1-80x60.jpg 80w, https:\/\/revistaepocadigital.com.ar\/wp-content\/uploads\/2025\/12\/hcd-jur-1-160x120.jpg 160w, https:\/\/revistaepocadigital.com.ar\/wp-content\/uploads\/2025\/12\/hcd-jur-1-265x198.jpg 265w, https:\/\/revistaepocadigital.com.ar\/wp-content\/uploads\/2025\/12\/hcd-jur-1-696x522.jpg 696w, https:\/\/revistaepocadigital.com.ar\/wp-content\/uploads\/2025\/12\/hcd-jur-1-560x420.jpg 560w\" sizes=\"auto, (max-width: 960px) 100vw, 960px\" \/><\/strong><\/span>Gran cantidad de p\u00fablico\u00a0 (allegados a concejales, sus familias, partidarios, vecinos, funcionarios municipales), sigui\u00f3 con atenci\u00f3n y ansiedad, la jura de los nuevos concejales quienes asumieron como resultado de las elecciones cumplidas el 7 de septiembre pasado. Merced a los votos recogidos, el oficialismo retom\u00f3 la mayor\u00eda.<\/p>\n<p><img loading=\"lazy\" decoding=\"async\" class=\"aligncenter size-full wp-image-32052\" src=\"https:\/\/revistaepocadigital.com.ar\/wp-content\/uploads\/2025\/12\/nan-marie-luisma.jpg\" alt=\"\" width=\"960\" height=\"720\" srcset=\"https:\/\/revistaepocadigital.com.ar\/wp-content\/uploads\/2025\/12\/nan-marie-luisma.jpg 960w, https:\/\/revistaepocadigital.com.ar\/wp-content\/uploads\/2025\/12\/nan-marie-luisma-300x225.jpg 300w, https:\/\/revistaepocadigital.com.ar\/wp-content\/uploads\/2025\/12\/nan-marie-luisma-768x576.jpg 768w, https:\/\/revistaepocadigital.com.ar\/wp-content\/uploads\/2025\/12\/nan-marie-luisma-80x60.jpg 80w, https:\/\/revistaepocadigital.com.ar\/wp-content\/uploads\/2025\/12\/nan-marie-luisma-160x120.jpg 160w, https:\/\/revistaepocadigital.com.ar\/wp-content\/uploads\/2025\/12\/nan-marie-luisma-265x198.jpg 265w, https:\/\/revistaepocadigital.com.ar\/wp-content\/uploads\/2025\/12\/nan-marie-luisma-696x522.jpg 696w, https:\/\/revistaepocadigital.com.ar\/wp-content\/uploads\/2025\/12\/nan-marie-luisma-560x420.jpg 560w\" sizes=\"auto, (max-width: 960px) 100vw, 960px\" \/><\/p>\n<p>El terceto que representa al nuevo poder pol\u00edtico en Exaltaci\u00f3n de la Cruz? Diego Nanni, diputado provincial y ariete del gobernador Axel Kicillof, Mariela Nanni encumbrada como nueva presidente del HCD, luego de ocupar varios cargos en el municipio una vez ingresada a la arena pol\u00edtica, y Luisma Martin con experiencia en la funci\u00f3n p\u00fablica en el distrito, cultiva\u00a0 una entra\u00f1able amistad con Nanni, y afronta un desaf\u00edo fuerte: administrar el municipio con su impronta, luego de seis a\u00f1os de mandato de Nanni (pidi\u00f3 licencia como intendente) y en un contexto marcado por necesidades importantes y reclamos a tener en\u00a0 \u00a0cuenta por el lado de los vecinos.<\/p>\n<p><img loading=\"lazy\" decoding=\"async\" class=\"aligncenter size-full wp-image-32055\" src=\"https:\/\/revistaepocadigital.com.ar\/wp-content\/uploads\/2025\/12\/nanni-x-2-a-rotated.jpg\" alt=\"\" width=\"480\" height=\"640\" srcset=\"https:\/\/revistaepocadigital.com.ar\/wp-content\/uploads\/2025\/12\/nanni-x-2-a-rotated.jpg 480w, https:\/\/revistaepocadigital.com.ar\/wp-content\/uploads\/2025\/12\/nanni-x-2-a-225x300.jpg 225w, https:\/\/revistaepocadigital.com.ar\/wp-content\/uploads\/2025\/12\/nanni-x-2-a-315x420.jpg 315w\" sizes=\"auto, (max-width: 480px) 100vw, 480px\" \/><\/p>\n<p>Un abrazo que simboliz\u00f3 la nueva etapa pol\u00edtica iniciada en el distrito, los hermanos Diego y Mariela Nanni.<\/p>\n<p>&nbsp;<\/p>\n<p>&nbsp;<\/p>\n<p>Foto portada: exclusiva EPOCA<\/p>\n<p>nota en desarrollo<\/p>\n<p>&nbsp;<\/p>\n","protected":false},"excerpt":{"rendered":"<p>PUSO PRIMERA. MARIELA NANNI, NO FUE SORPRESA, FUE VOTADA POR LA MAYOR\u00cdA DE LOS EDILES, Y ES LA NUEVA PRESIDENTE DEL HCD. EN EL RECINTO DESBORDADO DE GENTE, SENTADOS AL LADO, EL INTENDENTE LUIS MARIANO MART\u00cdN QUIEN HAB\u00cdA JURADO EL D\u00cdA ANTES, Y SU PREDECESOR DIEGO NANNI, DIPUTADO PROVINCIAL, SIGUIERON CON ATENCI\u00d3N LA SESI\u00d3N Y [&hellip;]<\/p>\n","protected":false},"author":4,"featured_media":32048,"comment_status":"open","ping_status":"open","sticky":false,"template":"","format":"standard","meta":{"footnotes":"","jetpack_publicize_message":"","jetpack_publicize_feature_enabled":true,"jetpack_social_post_already_shared":true,"jetpack_social_options":{"image_generator_settings":{"template":"highway","default_image_id":0,"font":"","enabled":false},"version":2}},"categories":[17],"tags":[3033,379,3390],"class_list":["post-32047","post","type-post","status-publish","format-standard","has-post-thumbnail","hentry","category-politica","tag-3033","tag-hcd","tag-jura-concejales"],"jetpack_publicize_connections":[],"jetpack_featured_media_url":"https:\/\/revistaepocadigital.com.ar\/wp-content\/uploads\/2025\/12\/luisma-nan.jpg","jetpack_likes_enabled":true,"_links":{"self":[{"href":"https:\/\/revistaepocadigital.com.ar\/index.php?rest_route=\/wp\/v2\/posts\/32047","targetHints":{"allow":["GET"]}}],"collection":[{"href":"https:\/\/revistaepocadigital.com.ar\/index.php?rest_route=\/wp\/v2\/posts"}],"about":[{"href":"https:\/\/revistaepocadigital.com.ar\/index.php?rest_route=\/wp\/v2\/types\/post"}],"author":[{"embeddable":true,"href":"https:\/\/revistaepocadigital.com.ar\/index.php?rest_route=\/wp\/v2\/users\/4"}],"replies":[{"embeddable":true,"href":"https:\/\/revistaepocadigital.com.ar\/index.php?rest_route=%2Fwp%2Fv2%2Fcomments&post=32047"}],"version-history":[{"count":4,"href":"https:\/\/revistaepocadigital.com.ar\/index.php?rest_route=\/wp\/v2\/posts\/32047\/revisions"}],"predecessor-version":[{"id":32056,"href":"https:\/\/revistaepocadigital.com.ar\/index.php?rest_route=\/wp\/v2\/posts\/32047\/revisions\/32056"}],"wp:featuredmedia":[{"embeddable":true,"href":"https:\/\/revistaepocadigital.com.ar\/index.php?rest_route=\/wp\/v2\/media\/32048"}],"wp:attachment":[{"href":"https:\/\/revistaepocadigital.com.ar\/index.php?rest_route=%2Fwp%2Fv2%2Fmedia&parent=32047"}],"wp:term":[{"taxonomy":"category","embeddable":true,"href":"https:\/\/revistaepocadigital.com.ar\/index.php?rest_route=%2Fwp%2Fv2%2Fcategories&post=32047"},{"taxonomy":"post_tag","embeddable":true,"href":"https:\/\/revistaepocadigital.com.ar\/index.php?rest_route=%2Fwp%2Fv2%2Ftags&post=32047"}],"curies":[{"name":"wp","href":"https:\/\/api.w.org\/{rel}","templated":true}]}}