{"id":32057,"date":"2025-12-11T02:38:56","date_gmt":"2025-12-11T05:38:56","guid":{"rendered":"https:\/\/revistaepocadigital.com.ar\/?p=32057"},"modified":"2025-12-18T12:11:34","modified_gmt":"2025-12-18T15:11:34","slug":"32057","status":"publish","type":"post","link":"https:\/\/revistaepocadigital.com.ar\/?p=32057","title":{"rendered":"RA\u00daL SANCHO, FUE UN PROTAGONISTA DEL CONCEJO DELIBERANTE, &#8220;ESTAR DE PASO&#8221;"},"content":{"rendered":"<div class=\"I_ZkbNhI D_FY W_6D6F\" data-test-id=\"message-view-body\">\n<div class=\"msg-body P_wpofO mq_AS\" data-test-id=\"message-view-body-content\">\n<div class=\"jb_0 X_6MGW N_6Fd5\">\n<div>\n<div dir=\"ltr\"><strong>UN HOMBRE CUYO COSTADO POL\u00cdTICO HA FLU\u00cdDO EN LA FILOSOF\u00cdA LIBERAL EN EL MARCO DEL CONTEXTO POL\u00cdTICO LOCAL.<!--more--><\/strong><\/div>\n<div dir=\"ltr\"><\/div>\n<div dir=\"ltr\">Ra\u00fal Sancho, desde 2017 como concejal y como Presidente del HCD, complet\u00f3 su mandato, y reflej\u00f3 sus sensaciones a trav\u00e9s de la red social Facebook.<\/div>\n<div dir=\"ltr\"><\/div>\n<div dir=\"ltr\"><em>Fueron 8 a\u00f1os de trabajo en el concejo, de los cuales 4, tuve el honor de ser presidente (2017-2019 y 2023-2025)<\/em><\/div>\n<div dir=\"ltr\"><\/div>\n<div dir=\"ltr\"><em>\u201cEstar de paso\u201d es algo propio de la funci\u00f3n p\u00fablica para quienes no tenemos intenci\u00f3n de vivir de esto. He tratado de dejar al irme una instituci\u00f3n mejor de lo que era cuando llegamos.<\/em><\/div>\n<div dir=\"ltr\"><\/div>\n<div dir=\"ltr\"><em>Llegu\u00e9 a un concejo deliberante en el que no funcionaban las comisiones, en el que nada se debat\u00eda, todo era autom\u00e1tico y a cualquier vecino que quer\u00eda plantear un problema se le dec\u00eda que \u201cah\u00ed no era\u201d. Las sesiones solo eran p\u00fablicas en los papeles pero eran inaccesibles a la gente y todo lo que se votaba quedaba entre cuatro paredes.<\/em><\/div>\n<div dir=\"ltr\"><\/div>\n<div dir=\"ltr\"><em>Nos vamos dejando un concejo m\u00e1s abierto a la comunidad, con sesiones que se transmiten por YouTube para que todo lo que ah\u00ed se decide sea realmente p\u00fablico, en donde cualquier vecino puede presentarse y ser atendido, plantear un problema o proyecto, incluso desde la banca.<\/em><\/div>\n<div dir=\"ltr\"><\/div>\n<div dir=\"ltr\"><em>Hemos trasladado muchas de las cosas que creemos que deben cambiar, proyectos y preocupaciones y reclamos de vecinos que pese a los a\u00f1os no se resuelven.<\/em><\/div>\n<div dir=\"ltr\"><\/div>\n<div dir=\"ltr\"><em>Los casi 200 proyectos e iniciativas que he presentado dan cuenta de eso. Algunos llegaron a ser ordenanzas, muchas otras vetadas o rechazas por un tema de mayor\u00edas, habiendo estado casi siempre en minor\u00eda. Muchas de las cosas que se cambiaron en este \u00faltimo a\u00f1o deber\u00e1n ser defendidas en este nuevo concejo en que el oficialismo ha recuperado su mayor\u00eda.<\/em><\/div>\n<div dir=\"ltr\"><\/div>\n<div dir=\"ltr\"><em>Hemos pasado ah\u00ed momentos buenos y situaciones muy complicadas, propias de ser oposici\u00f3n en un distrito en el que durante d\u00e9cadas eso no pasaba m\u00e1s que en las apariencias.<\/em><\/div>\n<div dir=\"ltr\"><\/div>\n<div dir=\"ltr\"><em>Le deseo lo mejor a los concejales que ingresan. Que asuman con responsabilidad su rol. Es un gran privilegio estar en cada banca y un compromiso enorme hacia quienes han confiado en cada uno de nosotros.<\/em><\/div>\n<div dir=\"ltr\"><\/div>\n<div dir=\"ltr\"><em>GRACIAS a todos los que han estado siempre acompa\u00f1ando y apoyando, creyendo firmes en las ideas. A mi familia que es un sost\u00e9n fundamental para poder hacer lo que hago.<\/em><\/div>\n<div dir=\"ltr\"><\/div>\n<div dir=\"ltr\"><em>Comienza un camino desde otro lugar, pero con el mismo objetivo, de que en 2027 podamos hacer realidad el cambio que Exaltaci\u00f3n tanto necesita y que demandar\u00e1 del esfuerzo de muchas personas y todos los que quieran acompa\u00f1arnos en esta cruzada ser\u00e1n m\u00e1s que bienvenidos&#8221;.\u00a0<\/em><\/div>\n<\/div>\n<div dir=\"ltr\"><\/div>\n<\/div>\n<\/div>\n<\/div>\n<p><!--more--><\/p>\n","protected":false},"excerpt":{"rendered":"<p>UN HOMBRE CUYO COSTADO POL\u00cdTICO HA FLU\u00cdDO EN LA FILOSOF\u00cdA LIBERAL EN EL MARCO DEL CONTEXTO POL\u00cdTICO LOCAL.<\/p>\n","protected":false},"author":3,"featured_media":32059,"comment_status":"open","ping_status":"open","sticky":false,"template":"","format":"standard","meta":{"footnotes":"","jetpack_publicize_message":"","jetpack_publicize_feature_enabled":true,"jetpack_social_post_already_shared":true,"jetpack_social_options":{"image_generator_settings":{"template":"highway","default_image_id":0,"font":"","enabled":false},"version":2}},"categories":[17],"tags":[2996,379,3391,256],"class_list":["post-32057","post","type-post","status-publish","format-standard","has-post-thumbnail","hentry","category-politica","tag-2996","tag-hcd","tag-r-sancho","tag-sancho"],"jetpack_publicize_connections":[],"jetpack_featured_media_url":"https:\/\/revistaepocadigital.com.ar\/wp-content\/uploads\/2025\/12\/sancho.jpg","jetpack_likes_enabled":true,"_links":{"self":[{"href":"https:\/\/revistaepocadigital.com.ar\/index.php?rest_route=\/wp\/v2\/posts\/32057","targetHints":{"allow":["GET"]}}],"collection":[{"href":"https:\/\/revistaepocadigital.com.ar\/index.php?rest_route=\/wp\/v2\/posts"}],"about":[{"href":"https:\/\/revistaepocadigital.com.ar\/index.php?rest_route=\/wp\/v2\/types\/post"}],"author":[{"embeddable":true,"href":"https:\/\/revistaepocadigital.com.ar\/index.php?rest_route=\/wp\/v2\/users\/3"}],"replies":[{"embeddable":true,"href":"https:\/\/revistaepocadigital.com.ar\/index.php?rest_route=%2Fwp%2Fv2%2Fcomments&post=32057"}],"version-history":[{"count":5,"href":"https:\/\/revistaepocadigital.com.ar\/index.php?rest_route=\/wp\/v2\/posts\/32057\/revisions"}],"predecessor-version":[{"id":32063,"href":"https:\/\/revistaepocadigital.com.ar\/index.php?rest_route=\/wp\/v2\/posts\/32057\/revisions\/32063"}],"wp:featuredmedia":[{"embeddable":true,"href":"https:\/\/revistaepocadigital.com.ar\/index.php?rest_route=\/wp\/v2\/media\/32059"}],"wp:attachment":[{"href":"https:\/\/revistaepocadigital.com.ar\/index.php?rest_route=%2Fwp%2Fv2%2Fmedia&parent=32057"}],"wp:term":[{"taxonomy":"category","embeddable":true,"href":"https:\/\/revistaepocadigital.com.ar\/index.php?rest_route=%2Fwp%2Fv2%2Fcategories&post=32057"},{"taxonomy":"post_tag","embeddable":true,"href":"https:\/\/revistaepocadigital.com.ar\/index.php?rest_route=%2Fwp%2Fv2%2Ftags&post=32057"}],"curies":[{"name":"wp","href":"https:\/\/api.w.org\/{rel}","templated":true}]}}