{"id":3218,"date":"2019-09-02T18:28:16","date_gmt":"2019-09-02T21:28:16","guid":{"rendered":"https:\/\/revistaepocadigital.com.ar\/?p=3218"},"modified":"2019-09-02T18:28:16","modified_gmt":"2019-09-02T21:28:16","slug":"el-club-social-y-deportivo-robles-hecho-a-puro-esfuerzo-y-dedicacion-festejo-sus-59-anos","status":"publish","type":"post","link":"https:\/\/revistaepocadigital.com.ar\/?p=3218","title":{"rendered":"El Club Social y Deportivo Robles, hecho a puro esfuerzo y dedicacion, festej\u00f3 sus 59 a\u00f1os"},"content":{"rendered":"<p><strong>UNA ENTIDAD TRADICIONAL DE LA LOCALIDAD.<\/strong><!--more--><\/p>\n<p>Fundado el 20 de agosto de 1960, el Club Social y Deportivo Robles ha festejado el 59\u00b0 aniversario en sus instalaciones, con importante concurrencia, unas 300 personas, que asistieron al almuerzo que centraliz\u00f3 la celebraci\u00f3n de la entra\u00f1able entidad de Parada Robles.<\/p>\n<figure id=\"attachment_3220\" aria-describedby=\"caption-attachment-3220\" style=\"width: 960px\" class=\"wp-caption aligncenter\"><img loading=\"lazy\" decoding=\"async\" class=\"size-full wp-image-3220\" src=\"https:\/\/revistaepocadigital.com.ar\/wp-content\/uploads\/2019\/09\/club-robles.jpg\" alt=\"\" width=\"960\" height=\"639\" srcset=\"https:\/\/revistaepocadigital.com.ar\/wp-content\/uploads\/2019\/09\/club-robles.jpg 960w, https:\/\/revistaepocadigital.com.ar\/wp-content\/uploads\/2019\/09\/club-robles-300x200.jpg 300w, https:\/\/revistaepocadigital.com.ar\/wp-content\/uploads\/2019\/09\/club-robles-768x511.jpg 768w, https:\/\/revistaepocadigital.com.ar\/wp-content\/uploads\/2019\/09\/club-robles-696x463.jpg 696w, https:\/\/revistaepocadigital.com.ar\/wp-content\/uploads\/2019\/09\/club-robles-631x420.jpg 631w\" sizes=\"auto, (max-width: 960px) 100vw, 960px\" \/><figcaption id=\"caption-attachment-3220\" class=\"wp-caption-text\">Hubo reconocimientos a socios y deportistas actuales<\/figcaption><\/figure>\n<p>El clima ideal, mucha gente, directivos, socios, deportistas que representan al club, la presencia del Secretario de Gobierno de la comuna y candidato a intendente del Frente de Todos,Diego Nanni, se vivi\u00f3 un d\u00eda a pleno en el que se mezclaron historias, an\u00e9cdotas, recuerdos y ganas por llevar a la instituci\u00f3n adelante.<\/p>\n<figure id=\"attachment_3221\" aria-describedby=\"caption-attachment-3221\" style=\"width: 672px\" class=\"wp-caption aligncenter\"><img loading=\"lazy\" decoding=\"async\" class=\"size-full wp-image-3221\" src=\"https:\/\/revistaepocadigital.com.ar\/wp-content\/uploads\/2019\/09\/rob.jpg\" alt=\"\" width=\"672\" height=\"484\" srcset=\"https:\/\/revistaepocadigital.com.ar\/wp-content\/uploads\/2019\/09\/rob.jpg 672w, https:\/\/revistaepocadigital.com.ar\/wp-content\/uploads\/2019\/09\/rob-300x216.jpg 300w, https:\/\/revistaepocadigital.com.ar\/wp-content\/uploads\/2019\/09\/rob-583x420.jpg 583w\" sizes=\"auto, (max-width: 672px) 100vw, 672px\" \/><figcaption id=\"caption-attachment-3221\" class=\"wp-caption-text\">Representantes de la entidad, con distinciones.<\/figcaption><\/figure>\n<p>No pocos rememoraron aquellos tiempos iniciales cuando el club fue conocido como &#8220;Dale Le\u00f1a\u201d, denominaci\u00f3n que luego pas\u00f3 a la actual. Hubo reconocimientos, hablaron directivos, jugadores, y no falt\u00f3 el show musical en vivo, complement\u00e1ndose con sorteos.<\/p>\n<figure id=\"attachment_3222\" aria-describedby=\"caption-attachment-3222\" style=\"width: 722px\" class=\"wp-caption aligncenter\"><img loading=\"lazy\" decoding=\"async\" class=\"size-full wp-image-3222\" src=\"https:\/\/revistaepocadigital.com.ar\/wp-content\/uploads\/2019\/09\/rob-nanni.jpg\" alt=\"\" width=\"722\" height=\"475\" srcset=\"https:\/\/revistaepocadigital.com.ar\/wp-content\/uploads\/2019\/09\/rob-nanni.jpg 722w, https:\/\/revistaepocadigital.com.ar\/wp-content\/uploads\/2019\/09\/rob-nanni-300x197.jpg 300w, https:\/\/revistaepocadigital.com.ar\/wp-content\/uploads\/2019\/09\/rob-nanni-696x458.jpg 696w, https:\/\/revistaepocadigital.com.ar\/wp-content\/uploads\/2019\/09\/rob-nanni-638x420.jpg 638w\" sizes=\"auto, (max-width: 722px) 100vw, 722px\" \/><figcaption id=\"caption-attachment-3222\" class=\"wp-caption-text\">Junto a gente del club, el secretario de gobierno y candidato a intendente, Diego Nanni.<\/figcaption><\/figure>\n<p>Los clubes son muy importantes para el desarrollo de la comunidad, el concepto es muy claro por cierto, y en especial para ofrecer un espacio para el desarrollo, contenci\u00f3n y crecimiento a tantos jovenes. Por eso, vaya si vale lo del Club Social y Deportivo Robles.<\/p>\n","protected":false},"excerpt":{"rendered":"<p>UNA ENTIDAD TRADICIONAL DE LA LOCALIDAD.<\/p>\n","protected":false},"author":4,"featured_media":3219,"comment_status":"open","ping_status":"open","sticky":false,"template":"","format":"standard","meta":{"footnotes":"","jetpack_publicize_message":"","jetpack_publicize_feature_enabled":true,"jetpack_social_post_already_shared":false,"jetpack_social_options":{"image_generator_settings":{"template":"highway","default_image_id":0,"font":"","enabled":false},"version":2}},"categories":[5],"tags":[20,466],"class_list":["post-3218","post","type-post","status-publish","format-standard","has-post-thumbnail","hentry","category-aqui-parada-robles","tag-aniversario","tag-club-robles"],"jetpack_publicize_connections":[],"jetpack_featured_media_url":"https:\/\/revistaepocadigital.com.ar\/wp-content\/uploads\/2019\/09\/rob-tor.jpg","jetpack_likes_enabled":true,"_links":{"self":[{"href":"https:\/\/revistaepocadigital.com.ar\/index.php?rest_route=\/wp\/v2\/posts\/3218","targetHints":{"allow":["GET"]}}],"collection":[{"href":"https:\/\/revistaepocadigital.com.ar\/index.php?rest_route=\/wp\/v2\/posts"}],"about":[{"href":"https:\/\/revistaepocadigital.com.ar\/index.php?rest_route=\/wp\/v2\/types\/post"}],"author":[{"embeddable":true,"href":"https:\/\/revistaepocadigital.com.ar\/index.php?rest_route=\/wp\/v2\/users\/4"}],"replies":[{"embeddable":true,"href":"https:\/\/revistaepocadigital.com.ar\/index.php?rest_route=%2Fwp%2Fv2%2Fcomments&post=3218"}],"version-history":[{"count":0,"href":"https:\/\/revistaepocadigital.com.ar\/index.php?rest_route=\/wp\/v2\/posts\/3218\/revisions"}],"wp:featuredmedia":[{"embeddable":true,"href":"https:\/\/revistaepocadigital.com.ar\/index.php?rest_route=\/wp\/v2\/media\/3219"}],"wp:attachment":[{"href":"https:\/\/revistaepocadigital.com.ar\/index.php?rest_route=%2Fwp%2Fv2%2Fmedia&parent=3218"}],"wp:term":[{"taxonomy":"category","embeddable":true,"href":"https:\/\/revistaepocadigital.com.ar\/index.php?rest_route=%2Fwp%2Fv2%2Fcategories&post=3218"},{"taxonomy":"post_tag","embeddable":true,"href":"https:\/\/revistaepocadigital.com.ar\/index.php?rest_route=%2Fwp%2Fv2%2Ftags&post=3218"}],"curies":[{"name":"wp","href":"https:\/\/api.w.org\/{rel}","templated":true}]}}