{"id":3225,"date":"2019-09-03T00:35:40","date_gmt":"2019-09-03T03:35:40","guid":{"rendered":"https:\/\/revistaepocadigital.com.ar\/?p=3225"},"modified":"2019-09-03T00:39:20","modified_gmt":"2019-09-03T03:39:20","slug":"anses-brinda-un-taller-para-personas-proximas-a-jubilarse","status":"publish","type":"post","link":"https:\/\/revistaepocadigital.com.ar\/?p=3225","title":{"rendered":"Anses brinda un taller para personas pr\u00f3ximas a jubilarse"},"content":{"rendered":"<table class=\"yiv2706434496MsoNormalTable\" border=\"0\" width=\"966\" cellspacing=\"0\" cellpadding=\"0\">\n<tbody>\n<tr>\n<td>\n<table class=\"yiv2706434496MsoNormalTable\" border=\"0\" width=\"100%\" cellspacing=\"0\" cellpadding=\"0\">\n<tbody>\n<tr>\n<td>\n<p class=\"yiv2706434496h1\" align=\"center\"><b>SON JORNADAS GRATUITAS.<\/b><\/p>\n<table class=\"yiv2706434496MsoNormalTable\" border=\"0\" width=\"966\" cellspacing=\"0\" cellpadding=\"0\">\n<tbody>\n<tr>\n<td>\n<table class=\"yiv2706434496MsoNormalTable\" border=\"0\" width=\"100%\" cellspacing=\"0\" cellpadding=\"0\">\n<tbody>\n<tr>\n<td><em>Las jornadas gratuitas se realizan los d\u00edas 17, 19, 24 y 26 en la Ciudad Aut\u00f3noma de Buenos Aires, con inscripci\u00f3n previa. Pueden participar trabajadores en relaci\u00f3n de dependencia y aut\u00f3nomos hasta dos a\u00f1os antes de iniciar el tr\u00e1mite y quienes se hayan jubilado hace no m\u00e1s de un a\u00f1o.<\/em><\/td>\n<\/tr>\n<tr>\n<td><\/td>\n<\/tr>\n<tr>\n<td>Durante este mes, ANSES dicta un taller gratuito sobre retiro laboral para personas pr\u00f3ximas a jubilarse con inscripci\u00f3n previa. Los encuentros tienen lugar en la Ciudad Aut\u00f3noma de Buenos Aires los d\u00edas 17, 19, 24 y 26 en el horario de 9.30 a 13.30. Podr\u00e1n participar trabajadores en relaci\u00f3n de dependencia y aut\u00f3nomos hasta dos a\u00f1os antes de iniciar el tr\u00e1mite y quienes se hayan jubilado hace no m\u00e1s de un a\u00f1o.<\/p>\n<p>Este ciclo consta de cuatro jornadas que proponen llevar adelante un espacio de informaci\u00f3n y reflexi\u00f3n con pares y profesionales, que contribuya a elaborar los cambios de rol social que se producen a partir del cese de la actividad laboral, ya que el trabajo no ser\u00e1 m\u00e1s el eje organizador de la rutina y pueden surgir sentimientos y pensamientos que hasta ahora no hab\u00edan aparecido.<\/p>\n<p>Para anotarse, los interesados deber\u00e1n comunicarse al 4015-1438\/40\/43\/47, de lunes a viernes de 8 a 16 horas, o enviando un correo electr\u00f3nico a\u00a0<a href=\"mailto:programaadultosmayores@anses.gov.ar\" target=\"_blank\" rel=\"nofollow noopener noreferrer\">programaadultosmayores@anses.gov.ar<\/a>.<\/p>\n<p>El Plan Nacional de Preparaci\u00f3n para el Retiro Laboral es una iniciativa organizada por el Programa Adultos Mayores, dependiente de la Direcci\u00f3n General de Relaciones Institucionales y con la Comunidad de ANSES.<\/td>\n<\/tr>\n<\/tbody>\n<\/table>\n<\/td>\n<\/tr>\n<\/tbody>\n<\/table>\n<\/td>\n<\/tr>\n<\/tbody>\n<\/table>\n<\/td>\n<\/tr>\n<\/tbody>\n<\/table>\n","protected":false},"excerpt":{"rendered":"<p>SON JORNADAS GRATUITAS. Las jornadas gratuitas se realizan los d\u00edas 17, 19, 24 y 26 en la Ciudad Aut\u00f3noma de Buenos Aires, con inscripci\u00f3n previa. Pueden participar trabajadores en relaci\u00f3n de dependencia y aut\u00f3nomos hasta dos a\u00f1os antes de iniciar el tr\u00e1mite y quienes se hayan jubilado hace no m\u00e1s de un a\u00f1o. Durante este [&hellip;]<\/p>\n","protected":false},"author":3,"featured_media":3226,"comment_status":"open","ping_status":"open","sticky":false,"template":"","format":"standard","meta":{"footnotes":"","jetpack_publicize_message":"","jetpack_publicize_feature_enabled":true,"jetpack_social_post_already_shared":false,"jetpack_social_options":{"image_generator_settings":{"template":"highway","default_image_id":0,"font":"","enabled":false},"version":2}},"categories":[81],"tags":[21,468,37],"class_list":["post-3225","post","type-post","status-publish","format-standard","has-post-thumbnail","hentry","category-anses","tag-anses","tag-cursos","tag-destacada"],"jetpack_publicize_connections":[],"jetpack_featured_media_url":"https:\/\/revistaepocadigital.com.ar\/wp-content\/uploads\/2019\/09\/logo-anses..jpg","jetpack_likes_enabled":true,"_links":{"self":[{"href":"https:\/\/revistaepocadigital.com.ar\/index.php?rest_route=\/wp\/v2\/posts\/3225","targetHints":{"allow":["GET"]}}],"collection":[{"href":"https:\/\/revistaepocadigital.com.ar\/index.php?rest_route=\/wp\/v2\/posts"}],"about":[{"href":"https:\/\/revistaepocadigital.com.ar\/index.php?rest_route=\/wp\/v2\/types\/post"}],"author":[{"embeddable":true,"href":"https:\/\/revistaepocadigital.com.ar\/index.php?rest_route=\/wp\/v2\/users\/3"}],"replies":[{"embeddable":true,"href":"https:\/\/revistaepocadigital.com.ar\/index.php?rest_route=%2Fwp%2Fv2%2Fcomments&post=3225"}],"version-history":[{"count":0,"href":"https:\/\/revistaepocadigital.com.ar\/index.php?rest_route=\/wp\/v2\/posts\/3225\/revisions"}],"wp:featuredmedia":[{"embeddable":true,"href":"https:\/\/revistaepocadigital.com.ar\/index.php?rest_route=\/wp\/v2\/media\/3226"}],"wp:attachment":[{"href":"https:\/\/revistaepocadigital.com.ar\/index.php?rest_route=%2Fwp%2Fv2%2Fmedia&parent=3225"}],"wp:term":[{"taxonomy":"category","embeddable":true,"href":"https:\/\/revistaepocadigital.com.ar\/index.php?rest_route=%2Fwp%2Fv2%2Fcategories&post=3225"},{"taxonomy":"post_tag","embeddable":true,"href":"https:\/\/revistaepocadigital.com.ar\/index.php?rest_route=%2Fwp%2Fv2%2Ftags&post=3225"}],"curies":[{"name":"wp","href":"https:\/\/api.w.org\/{rel}","templated":true}]}}