{"id":3234,"date":"2019-09-04T13:36:36","date_gmt":"2019-09-04T16:36:36","guid":{"rendered":"https:\/\/revistaepocadigital.com.ar\/?p=3234"},"modified":"2019-09-04T13:36:36","modified_gmt":"2019-09-04T16:36:36","slug":"aca-tenes-el-programa-del-14-de-setiembre","status":"publish","type":"post","link":"https:\/\/revistaepocadigital.com.ar\/?p=3234","title":{"rendered":"Ac\u00e1 ten\u00e9s el programa del 14 de Setiembre"},"content":{"rendered":"<p><strong>FESTEJOS PATRONALES. <\/strong><strong>284\u00b0 ANIVERSARIO<\/strong><\/p>\n<p><strong>1735- 14 de SEPTIEMBRE &#8211; 2019.<\/strong><!--more--><\/p>\n<p>&nbsp;<\/p>\n<p><strong><u>AGOSTO<\/u><\/strong><\/p>\n<p>&nbsp;<\/p>\n<p>S\u00c1BADO 31 | 16 hs<\/p>\n<p>ARENA POLO GRAND PRIX<\/p>\n<p>Argentina Polo Day | Capilla del Se\u00f1or<\/p>\n<p>&nbsp;<\/p>\n<p>S\u00c1BADO 31 | 21 hs<\/p>\n<p>MILONGA, Taller Municipal de Tango \u201cEl Berret\u00edn\u201d<\/p>\n<p>Club Honor y Patria | Capilla del Se\u00f1or<\/p>\n<p><img loading=\"lazy\" decoding=\"async\" class=\"aligncenter size-full wp-image-3238\" src=\"https:\/\/revistaepocadigital.com.ar\/wp-content\/uploads\/2019\/09\/14-DE-SEPTIEMBRE-2012-desfile-sosa.jpg\" alt=\"\" width=\"640\" height=\"426\" srcset=\"https:\/\/revistaepocadigital.com.ar\/wp-content\/uploads\/2019\/09\/14-DE-SEPTIEMBRE-2012-desfile-sosa.jpg 640w, https:\/\/revistaepocadigital.com.ar\/wp-content\/uploads\/2019\/09\/14-DE-SEPTIEMBRE-2012-desfile-sosa-300x200.jpg 300w, https:\/\/revistaepocadigital.com.ar\/wp-content\/uploads\/2019\/09\/14-DE-SEPTIEMBRE-2012-desfile-sosa-631x420.jpg 631w\" sizes=\"auto, (max-width: 640px) 100vw, 640px\" \/><\/p>\n<p>&nbsp;<\/p>\n<p><strong><u>SEPTIEMBRE<\/u><\/strong><\/p>\n<p>&nbsp;<\/p>\n<p>DOMINGO 1 | 11 hs<\/p>\n<p>1\u00b0 RAID MEHARI \u201cROBLES, CAPILLA, CARDALES\u201d<\/p>\n<p>&nbsp;<\/p>\n<p>S\u00c1BADO 7 | 20:30 hs<\/p>\n<p>28\u00b0 SAL\u00d3N DE ARTES PL\u00c1STICAS \u201cLUIS GUALCHI\u201d<\/p>\n<ol>\n<li>C. Cosmopolita | Capilla del Se\u00f1or<\/li>\n<\/ol>\n<p>&nbsp;<\/p>\n<p>MI\u00c9RCOLES 11 | 11 hs<\/p>\n<p>ACTO CONMEMORATIVO DEL D\u00cdA DEL MAESTRO<\/p>\n<p>Plazoleta Sarmiento | Capilla del Se\u00f1or<\/p>\n<p>&nbsp;<\/p>\n<p>VIERNES 13 | 14 hs<\/p>\n<p>18\u00b0 ANIVERSARIO GRUPO SCOUT AERONAVAL \u201cCA\u00d1ADA DE LA CRUZ\u201d<\/p>\n<p>y homenaje a Arturo Penny, primer scout argentino nacido en Capilla del Se\u00f1or.<\/p>\n<p>&nbsp;<\/p>\n<p>S\u00c1BADO 14 Y DOMINGO 15<\/p>\n<p>FESTEJOS PATRONALES DE EXALTACI\u00d3N DE LA CRUZ<\/p>\n<p>Plaza San Mart\u00edn | Capilla del Se\u00f1or<\/p>\n<p>&nbsp;<\/p>\n<p>S\u00c1BADO 14 | 16:30 hs<\/p>\n<p>INAUGURACI\u00d3N MONUMENTO EN HOMENAJE A LOS<\/p>\n<p>CA\u00cdDOS Y VETERANOS DE GUERRA DE MALVINAS<\/p>\n<p>Estaci\u00f3n FFCC Mitre | Capilla del Se\u00f1or<\/p>\n<p>&nbsp;<\/p>\n<p>S\u00c1BADO 14 | 18 hs<\/p>\n<p>DESCUBRIMIENTO PLACA<\/p>\n<p>50\u00b0 ANIVERSARIO CEPRAL<\/p>\n<p>Boulevard Central N\u00b0 305 | Parada Robles<\/p>\n<p>&nbsp;<\/p>\n<p>VIERNES 20, S\u00c1BADO 21 Y DOMINGO 22<\/p>\n<p>EXPOBASK INTEGRACI\u00d3N 2019<\/p>\n<p>Club Honor y Patria | Capilla del Se\u00f1or<\/p>\n<p>&nbsp;<\/p>\n<p>S\u00c1BADO 21 | 10 hs<\/p>\n<p>16\u00b0 FESTIVAL ARTE JOVEN<\/p>\n<p>Paseo Arco Iris | Capilla del Se\u00f1or<\/p>\n<p>&nbsp;<\/p>\n<p>S\u00c1BADO 21 | 20:30 hs<\/p>\n<p>\u201cD\u00cdA DEL DOCENTE EXALTACRUCENSE\u201d<\/p>\n<ol>\n<li>C. Cosmopolita | Capilla del Se\u00f1or<\/li>\n<li><\/li>\n<\/ol>\n<p><img loading=\"lazy\" decoding=\"async\" class=\"aligncenter size-full wp-image-3239\" src=\"https:\/\/revistaepocadigital.com.ar\/wp-content\/uploads\/2019\/09\/14-sep.jpg\" alt=\"\" width=\"259\" height=\"194\" srcset=\"https:\/\/revistaepocadigital.com.ar\/wp-content\/uploads\/2019\/09\/14-sep.jpg 259w, https:\/\/revistaepocadigital.com.ar\/wp-content\/uploads\/2019\/09\/14-sep-80x60.jpg 80w, https:\/\/revistaepocadigital.com.ar\/wp-content\/uploads\/2019\/09\/14-sep-160x120.jpg 160w\" sizes=\"auto, (max-width: 259px) 100vw, 259px\" \/><\/p>\n<p>VIERNES 27 | 8 hs<\/p>\n<p>7\u00b0 EXPO SECUNDARIA<\/p>\n<p>Galp\u00f3n Ex. Ferrocarril Urquiza | Capilla del Se\u00f1or<\/p>\n<p>&nbsp;<\/p>\n<p>S\u00c1BADO 28 | 20:30 hs<\/p>\n<p>7\u00b0 ENCUENTRO CORAL<\/p>\n<p>Parroquia Exaltaci\u00f3n de la Cruz | Capilla del Se\u00f1or<\/p>\n<p>&nbsp;<\/p>\n<p>DOMINGO 29 | 18 hs<\/p>\n<p>12\u00b0 ANIVERSARIO MUSEO DE ARTE SACRO<\/p>\n<p>Inauguraci\u00f3n de nuevo portal de entrada y presentaci\u00f3n de piezas<\/p>\n<p>&nbsp;<\/p>\n<p><strong><u>OCTUBRE<\/u><\/strong><\/p>\n<p>&nbsp;<\/p>\n<p>MI\u00c9RCOLES 2<\/p>\n<p>198\u00b0 ANIVERSARIO ESCUELA N\u00b01<\/p>\n<p>\u201cBernardino Rivadavia\u201d | Capilla del Se\u00f1or<\/p>\n<p>&nbsp;<\/p>\n<p>VIERNES 4 | 20 hs<\/p>\n<p>PRESENTACI\u00d3N DE LIBRO \u201cSE\u00d1ALES EN VOZ BAJA\u201d<\/p>\n<p>de Luis Julio Salom | Casa de la Cultura | Capilla del Se\u00f1or<\/p>\n<p>&nbsp;<\/p>\n<p>S\u00c1BADO 5 | 8 hs<\/p>\n<p>5 DE OCTUBRE | 26\u00b0 FOGATA DE LOS CARDALES<\/p>\n<p>Plaza Mitre | Los Cardales<\/p>\n<p>&nbsp;<\/p>\n<p>S\u00c1BADO 5 | 21 hs<\/p>\n<p>TALLER DE TEATRO MUNICIPAL: \u00a1JETTATORE!<\/p>\n<ol>\n<li>C. Cosmopolita | Capilla del Se\u00f1or<\/li>\n<\/ol>\n<p>&nbsp;<\/p>\n<p>DOMINGO 6<\/p>\n<p>FIESTA ANIVERSARIO PARADA ROBLES<\/p>\n<p>&nbsp;<\/p>\n<p>11, 12 y 13 DE OCTUBRE | 10 hs<\/p>\n<p>MONDIORING ARGENTINA, ENCUENTRO CANINO<\/p>\n<p>Fatica, Parada Robles<\/p>\n<p>&nbsp;<\/p>\n<p>DOMINGO 13<\/p>\n<p>1\u00b0 RALLY WOMAN RIDE OUT<\/p>\n<p>&nbsp;<\/p>\n<p>DOMINGO 13 | 9 hs<\/p>\n<p>6\u00b0 MARAT\u00d3N RACING CLUB 10 K<\/p>\n<p>Predio Estaci\u00f3n Urquiza | Capilla del Se\u00f1or<\/p>\n<p>&nbsp;<\/p>\n<p>&nbsp;<\/p>\n<p><strong><u>S\u00c1BADO 14 DE SEPTIEMBRE<\/u><\/strong><\/p>\n<p>&nbsp;<\/p>\n<p>7 hs | Adhesi\u00f3n del cuerpo de Bomberos Voluntarios con toque de sirena y salva de bombas.<\/p>\n<p>&nbsp;<\/p>\n<p>9 hs | Recepci\u00f3n de autoridades, invitados especiales y vecinos en el Palacio Municipal.<\/p>\n<p>&nbsp;<\/p>\n<p>9.30 hs | Izamiento del Pabell\u00f3n Nacional a cargo de autoridades y vecinos en Plaza San Mart\u00edn con acompa\u00f1amiento Banda Militar Ituzaing\u00f3, Regimiento de Artilleria 1.<\/p>\n<p>&nbsp;<\/p>\n<p>9:45 | Descubrimiento y bendici\u00f3n de placa en memoria de la Venerable Camila Rol\u00f3n, fundadora de las Hermanas Pobres Bonaerenses de San Jos\u00e9.<\/p>\n<p>&nbsp;<\/p>\n<p>10 hs | Santa Misa posterior procesi\u00f3n con la imagen del Cristo Crucificado.<\/p>\n<p>&nbsp;<\/p>\n<p>11:20 hs | Inauguraci\u00f3n Feria de Artesanos y Microemprededores locales.<\/p>\n<p>&nbsp;<\/p>\n<p>11:30 hs | Traslado de autoridades y vecinos al Palco Oficial.<\/p>\n<p>&nbsp;<\/p>\n<p>*Entonaci\u00f3n de las estrofas del Himno Nacional.<\/p>\n<p>*Palabras del Intendente Municipal Dn. Adri\u00e1n S\u00e1nchez.<\/p>\n<p>*Entrega de premios y distinciones, \u201cCapilla del Se\u00f1or Bien de Inter\u00e9s Hist\u00f3rico Nacional\u201d.<\/p>\n<p>*Desfile de Escuelas e Instituciones.<\/p>\n<p>*Desfile de Centros Tradicionalistas.<\/p>\n<p>&nbsp;<\/p>\n<p>Por la tarde<\/p>\n<p>&nbsp;<\/p>\n<p>*Actuaci\u00f3n de Escuelas de Danzas.<\/p>\n<p>*Sorteo Rotary Club.<\/p>\n<p>*Entrega de distinciones Club de Leones Capilla<\/p>\n<p>*Entrega de Premio Anual \u201cHonorable Concejo Deliberante\u201d.<\/p>\n<p>*Distinciones del Intendente Municipal.<\/p>\n<p>*Presentaci\u00f3n de artistas locales.<\/p>\n<p>*Actuaci\u00f3n de artista invitado.<\/p>\n<p>&nbsp;<\/p>\n<p>Fotos: gentileza cadenanueve.com (portada)<\/p>\n","protected":false},"excerpt":{"rendered":"<p>FESTEJOS PATRONALES. 284\u00b0 ANIVERSARIO 1735- 14 de SEPTIEMBRE &#8211; 2019.<\/p>\n","protected":false},"author":3,"featured_media":3236,"comment_status":"open","ping_status":"open","sticky":false,"template":"","format":"standard","meta":{"footnotes":"","jetpack_publicize_message":"","jetpack_publicize_feature_enabled":true,"jetpack_social_post_already_shared":false,"jetpack_social_options":{"image_generator_settings":{"template":"highway","default_image_id":0,"font":"","enabled":false},"version":2}},"categories":[13],"tags":[469],"class_list":["post-3234","post","type-post","status-publish","format-standard","has-post-thumbnail","hentry","category-interes-general","tag-programa-14-de-setiembre"],"jetpack_publicize_connections":[],"jetpack_featured_media_url":"https:\/\/revistaepocadigital.com.ar\/wp-content\/uploads\/2019\/09\/Plaza-Capilla.jpg","jetpack_likes_enabled":true,"_links":{"self":[{"href":"https:\/\/revistaepocadigital.com.ar\/index.php?rest_route=\/wp\/v2\/posts\/3234","targetHints":{"allow":["GET"]}}],"collection":[{"href":"https:\/\/revistaepocadigital.com.ar\/index.php?rest_route=\/wp\/v2\/posts"}],"about":[{"href":"https:\/\/revistaepocadigital.com.ar\/index.php?rest_route=\/wp\/v2\/types\/post"}],"author":[{"embeddable":true,"href":"https:\/\/revistaepocadigital.com.ar\/index.php?rest_route=\/wp\/v2\/users\/3"}],"replies":[{"embeddable":true,"href":"https:\/\/revistaepocadigital.com.ar\/index.php?rest_route=%2Fwp%2Fv2%2Fcomments&post=3234"}],"version-history":[{"count":0,"href":"https:\/\/revistaepocadigital.com.ar\/index.php?rest_route=\/wp\/v2\/posts\/3234\/revisions"}],"wp:featuredmedia":[{"embeddable":true,"href":"https:\/\/revistaepocadigital.com.ar\/index.php?rest_route=\/wp\/v2\/media\/3236"}],"wp:attachment":[{"href":"https:\/\/revistaepocadigital.com.ar\/index.php?rest_route=%2Fwp%2Fv2%2Fmedia&parent=3234"}],"wp:term":[{"taxonomy":"category","embeddable":true,"href":"https:\/\/revistaepocadigital.com.ar\/index.php?rest_route=%2Fwp%2Fv2%2Fcategories&post=3234"},{"taxonomy":"post_tag","embeddable":true,"href":"https:\/\/revistaepocadigital.com.ar\/index.php?rest_route=%2Fwp%2Fv2%2Ftags&post=3234"}],"curies":[{"name":"wp","href":"https:\/\/api.w.org\/{rel}","templated":true}]}}